{"id":3590,"date":"2026-02-11T00:37:54","date_gmt":"2026-02-11T03:37:54","guid":{"rendered":"https:\/\/lacerdaai.com\/br\/a-visao-pioneira-de-john-carmack-cache-de-fibra-optica-para-redefinir-a-memoria-da-ia\/"},"modified":"2026-02-11T00:37:56","modified_gmt":"2026-02-11T03:37:56","slug":"a-visao-pioneira-de-john-carmack-cache-de-fibra-optica-para-redefinir-a-memoria-da-ia","status":"publish","type":"post","link":"https:\/\/lacerdaai.com\/br\/a-visao-pioneira-de-john-carmack-cache-de-fibra-optica-para-redefinir-a-memoria-da-ia\/","title":{"rendered":"A Vis\u00e3o Pioneira de John Carmack: Cache de Fibra \u00d3ptica para Redefinir a Mem\u00f3ria da IA"},"content":{"rendered":"<p>No universo da tecnologia, poucos nomes brilham com a intensidade de John Carmack. O lend\u00e1rio programador, co-criador de cl\u00e1ssicos como Doom e Quake, e um dos pioneiros da realidade virtual, \u00e9 conhecido por sua mente brilhante e sua capacidade de desafiar os limites do poss\u00edvel. N\u00e3o \u00e9 surpresa, portanto, que ele esteja mais uma vez \u00e0 frente do pensamento inovador, desta vez ao contemplar uma solu\u00e7\u00e3o radical para um dos maiores gargalos da intelig\u00eancia artificial moderna: a mem\u00f3ria.<\/p>\n<p>A computa\u00e7\u00e3o, especialmente no campo da IA, est\u00e1 em constante evolu\u00e7\u00e3o, exigindo cada vez mais poder de processamento e, crucially, formas mais eficientes de lidar com volumes massivos de dados. A ideia de Carmack? Utilizar uma linha longa de fibra \u00f3ptica como um tipo de cache de n\u00edvel 2 (L2) para o streaming de dados de IA, propondo uma alternativa ousada \u00e0 tradicional DRAM (Dynamic Random-Access Memory). Parece fic\u00e7\u00e3o cient\u00edfica? Talvez, mas \u00e9 uma ideia que merece ser explorada em profundidade, pois toca na ess\u00eancia dos desafios que a IA enfrenta hoje e nas solu\u00e7\u00f5es que podem moldar seu amanh\u00e3.<\/p>\n<p>### <strong>Cache de Fibra \u00d3ptica<\/strong>: A Solu\u00e7\u00e3o Inovadora de John Carmack para a Mem\u00f3ria da IA<\/p>\n<p>A proposta de John Carmack gira em torno de uma reinterpreta\u00e7\u00e3o moderna de um conceito de computa\u00e7\u00e3o mais antigo: a mem\u00f3ria de linha de atraso. Imagine dados n\u00e3o como informa\u00e7\u00f5es est\u00e1ticas armazenadas em c\u00e9lulas, mas como pulsos de luz viajando por um tubo longo. Em vez de acessar uma posi\u00e7\u00e3o espec\u00edfica em uma matriz de chips de sil\u00edcio, voc\u00ea estaria &#8220;capturando&#8221; dados \u00e0 medida que eles passam por um circuito \u00f3ptico, mantendo-os em tr\u00e2nsito e prontos para uso sequencial. Isso n\u00e3o \u00e9 apenas uma ideia, \u00e9 uma vis\u00e3o de como a f\u00edsica da luz pode ser empregada para otimizar o fluxo de informa\u00e7\u00f5es, especialmente em cen\u00e1rios de streaming intensivo de dados, como os encontrados em aplica\u00e7\u00f5es avan\u00e7adas de IA.<\/p>\n<p>Para entender a relev\u00e2ncia do **cache de fibra \u00f3ptica**, precisamos primeiro contextualizar os desafios atuais da mem\u00f3ria. Os sistemas de IA, especialmente aqueles que operam com modelos de linguagem grandes (LLMs), redes neurais profundas e processamento de dados em tempo real, exigem uma largura de banda de mem\u00f3ria colossal. A DRAM, embora seja a espinha dorsal de nossos computadores modernos, est\u00e1 come\u00e7ando a mostrar seus limites. Ela consome muita energia, \u00e9 limitada em sua velocidade de acesso e apresenta lat\u00eancia significativa quando se trata de mover grandes blocos de dados entre a mem\u00f3ria principal e as unidades de processamento (GPUs, TPUs). Essa lacuna entre a capacidade de processamento e a capacidade de fornecer dados rapidamente \u00e9 o que chamamos de \u201cgargalo da mem\u00f3ria\u201d ou \u201cwall of memory\u201d. Carmack, com sua experi\u00eancia de d\u00e9cadas otimizando cada byte e cada ciclo de clock, enxerga nesse gargalo uma oportunidade para uma abordagem radicalmente diferente.<\/p>\n<p>### O Desafio da Mem\u00f3ria na Era da Intelig\u00eancia Artificial<\/p>\n<p>A intelig\u00eancia artificial moderna est\u00e1 sedenta por dados. Modelos de aprendizado de m\u00e1quina, como as arquiteturas de transformadores que impulsionam os LLMs, podem ter bilh\u00f5es ou at\u00e9 trilh\u00f5es de par\u00e2metros. Cada infer\u00eancia ou etapa de treinamento envolve a leitura e grava\u00e7\u00e3o constantes desses par\u00e2metros, al\u00e9m dos dados de entrada e sa\u00edda. A velocidade com que esses dados podem ser acessados e transferidos impacta diretamente o desempenho e a efici\u00eancia energ\u00e9tica dos sistemas de IA. \u00c9 aqui que a mem\u00f3ria DRAM, por mais avan\u00e7ada que seja, encontra seus obst\u00e1culos.<\/p>\n<p>Os chips de DRAM operam em paralelo, mas sua arquitetura fundamental ainda implica em um tempo de acesso finito e um custo energ\u00e9tico consider\u00e1vel para cada opera\u00e7\u00e3o de leitura\/escrita. Al\u00e9m disso, a capacidade de empacotar mais largura de banda em um chip de sil\u00edcio tradicional est\u00e1 se tornando cada vez mais dif\u00edcil devido a leis da f\u00edsica e custos de fabrica\u00e7\u00e3o. Isso leva a um cen\u00e1rio onde as unidades de processamento (GPUs, por exemplo) ficam esperando pelos dados, desperdi\u00e7ando ciclos de clock valiosos e energia. Para aplica\u00e7\u00f5es de IA que processam fluxos cont\u00ednuos de informa\u00e7\u00f5es \u2013 pense em vis\u00e3o computacional em tempo real, processamento de linguagem natural ou jogos complexos \u2013 a capacidade de ter um &#8220;buffer&#8221; de dados de alta velocidade e baixa lat\u00eancia \u00e9 crucial.<\/p>\n<p>A ideia de um **cache de fibra \u00f3ptica** \u00e9 particularmente atraente para esses cen\u00e1rios de streaming. Em vez de depender de acessos aleat\u00f3rios r\u00e1pidos a uma vasta quantidade de dados em DRAM, que pode ser ineficiente para padr\u00f5es sequenciais, a fibra \u00f3ptica poderia manter um fluxo cont\u00ednuo de dados \u201cquentes\u201d (frequentemente acessados) em movimento. Isso simula uma mem\u00f3ria com acesso quase instant\u00e2neo para o pr\u00f3ximo item na sequ\u00eancia, pois o dado j\u00e1 estaria &#8220;a caminho&#8221; e dispon\u00edvel quando necess\u00e1rio. \u00c9 uma mudan\u00e7a de paradigma de armazenamento est\u00e1tico para um fluxo din\u00e2mico, otimizado para as exig\u00eancias espec\u00edficas da IA moderna, onde a previsibilidade do fluxo de dados \u00e9, em muitos casos, t\u00e3o importante quanto a capacidade total de armazenamento.<\/p>\n<p>### Como o Conceito de Mem\u00f3ria de Linha de Atraso se Reimagina com Lasers<\/p>\n<p>A mem\u00f3ria de linha de atraso n\u00e3o \u00e9 um conceito novo. Na verdade, suas ra\u00edzes remontam aos prim\u00f3rdios da computa\u00e7\u00e3o, na d\u00e9cada de 1940 e 1950, com o uso de tubos cheios de merc\u00fario ou fios de n\u00edquel. Nesses sistemas, pulsos de som ou el\u00e9tricos eram enviados por um meio e se propagavam a uma velocidade conhecida, sendo lidos na outra extremidade e realimentados para a entrada para manter o &#8220;loop&#8221;. A dura\u00e7\u00e3o do atraso era equivalente \u00e0 capacidade de armazenamento. Era uma forma engenhosa de armazenar bits em s\u00e9rie antes que a mem\u00f3ria de acesso aleat\u00f3rio (RAM) se tornasse pr\u00e1tica e acess\u00edvel.<\/p>\n<p>A ideia de Carmack, embora conceitualmente semelhante, eleva a mem\u00f3ria de linha de atraso a um novo patamar utilizando a tecnologia moderna: lasers e fibras \u00f3pticas. Em vez de pulsos el\u00e9tricos ou sonoros, ter\u00edamos pulsos de luz viajando por uma fibra. A luz, \u00e9 claro, viaja a uma velocidade incrivelmente alta (embora um pouco mais lenta na fibra do que no v\u00e1cuo). Uma longa linha de fibra atuaria como um la\u00e7o, onde os dados seriam continuamente injetados, propagados e, eventualmente, detectados e consumidos pelos processadores de IA. A beleza disso reside na capacidade da fibra de transmitir informa\u00e7\u00f5es com perdas m\u00ednimas e em alt\u00edssimas taxas de bits, potencialmente superando as limita\u00e7\u00f5es el\u00e9tricas dos fios de cobre.<\/p>\n<p>Um **cache de fibra \u00f3ptica** operaria com base em princ\u00edpios fot\u00f4nicos, transformando sinais el\u00e9tricos em luz na entrada e convertendo-os de volta em sinais el\u00e9tricos na sa\u00edda. Embora essa convers\u00e3o E\/O e O\/E introduza uma certa lat\u00eancia e complexidade, a vantagem potencial na largura de banda e na dist\u00e2ncia de transmiss\u00e3o poderia compensar. Imagine um anel de fibra com quil\u00f4metros de comprimento enrolado em um pequeno volume, onde os dados de IA seriam mantidos em um \u201cbal\u00e9\u201d cont\u00ednuo de luz, sempre acess\u00edveis para o processador quando chegassem ao ponto de leitura. Essa abordagem poderia aliviar a press\u00e3o sobre a DRAM, que ficaria encarregada apenas de dados que exigem acesso verdadeiramente aleat\u00f3rio e de baixa lat\u00eancia, enquanto a fibra cuidaria dos grandes fluxos sequenciais. Este conceito representa uma fus\u00e3o fascinante de princ\u00edpios de engenharia cl\u00e1ssicos com as tecnologias de ponta em fot\u00f4nica, uma \u00e1rea que est\u00e1 ganhando cada vez mais destaque na busca por solu\u00e7\u00f5es computacionais mais r\u00e1pidas e eficientes.<\/p>\n<p>### Implica\u00e7\u00f5es e o Futuro da Computa\u00e7\u00e3o \u00d3ptica<\/p>\n<p>A vis\u00e3o de John Carmack de um **cache de fibra \u00f3ptica** n\u00e3o \u00e9 apenas uma curiosidade tecnol\u00f3gica; ela aponta para uma tend\u00eancia maior em hardware de IA e computa\u00e7\u00e3o de alto desempenho: a crescente import\u00e2ncia da fot\u00f4nica e da computa\u00e7\u00e3o \u00f3ptica. \u00c0 medida que os limites da eletr\u00f4nica se aproximam, a luz oferece um novo meio para transmitir e, eventualmente, processar informa\u00e7\u00f5es com velocidades e efici\u00eancias energ\u00e9ticas sem precedentes. A computa\u00e7\u00e3o \u00f3ptica promete revolucionar a forma como constru\u00edmos computadores, desde interconex\u00f5es ultrarr\u00e1pidas entre chips at\u00e9 processadores que operam inteiramente com luz.<\/p>\n<p>A implementa\u00e7\u00e3o de um sistema como o que Carmack imagina enfrentaria desafios significativos. A convers\u00e3o de el\u00e9trico para \u00f3ptico e vice-versa, como mencionado, adiciona lat\u00eancia e consome energia, algo que precisaria ser otimizado para que a solu\u00e7\u00e3o fosse vi\u00e1vel. A integra\u00e7\u00e3o dessa arquitetura com os designs de processadores existentes, seja em CPUs ou GPUs, exigiria uma reengenharia substancial. Al\u00e9m disso, a gest\u00e3o do calor gerado pelos lasers e a complexidade de fabricar e manter esses sistemas seriam obst\u00e1culos a serem superados. No entanto, o hist\u00f3rico de Carmack nos mostra que ele n\u00e3o se intimida com desafios complexos; pelo contr\u00e1rio, ele os abra\u00e7a.<\/p>\n<p>Esta ideia pode n\u00e3o substituir a DRAM completamente, mas poderia funcionar como um complemento de alta capacidade e largura de banda para cen\u00e1rios espec\u00edficos de IA, onde o streaming de dados \u00e9 preponderante. Seria um novo n\u00edvel na hierarquia de mem\u00f3ria, otimizado para o \u201cfluxo\u201d em vez do \u201carmazenamento est\u00e1tico\u201d. Isso nos leva a pensar em arquiteturas de mem\u00f3ria heterog\u00eaneas, onde diferentes tipos de mem\u00f3ria s\u00e3o usados para diferentes prop\u00f3sitos, maximizando a efici\u00eancia de todo o sistema. A busca por solu\u00e7\u00f5es inovadoras para os desafios de mem\u00f3ria e largura de banda \u00e9 uma das frentes mais importantes na pesquisa em hardware de IA, e a contribui\u00e7\u00e3o de mentes como a de John Carmack \u00e9 vital para empurrar essa fronteira.<\/p>\n<p>A beleza da proposta de Carmack reside em sua simplicidade conceitual e na forma como ela aborda um problema fundamental de maneira n\u00e3o convencional. N\u00e3o se trata apenas de tornar os chips de DRAM mais r\u00e1pidos, mas de reimaginar completamente como os dados podem ser mantidos &#8220;vivos&#8221; e acess\u00edveis para os processadores de IA. \u00c0 medida que a IA se torna cada vez mais complexa e onipresente, a capacidade de inovar na arquitetura de hardware ser\u00e1 t\u00e3o crucial quanto os avan\u00e7os nos algoritmos. \u00c9 essa fus\u00e3o de hardware e software, t\u00e3o cara a Carmack, que pavimentar\u00e1 o caminho para a pr\u00f3xima gera\u00e7\u00e3o de intelig\u00eancia artificial.<\/p>\n<p>### Conclus\u00e3o: Um Olhar para o Futuro Impulsionado pela Inova\u00e7\u00e3o<\/p>\n<p>A vis\u00e3o de John Carmack de utilizar um **cache de fibra \u00f3ptica** para o streaming de dados em IA \u00e9 um lembrete contundente de que, mesmo nos campos mais estabelecidos da computa\u00e7\u00e3o, ainda h\u00e1 espa\u00e7o para a inova\u00e7\u00e3o disruptiva. Em um momento em que a intelig\u00eancia artificial exige cada vez mais dos nossos sistemas de hardware, pensar fora da caixa, ou melhor, fora do chip de sil\u00edcio tradicional, \u00e9 essencial. A mem\u00f3ria de linha de atraso, um conceito quase esquecido, ressuscita com uma roupagem fot\u00f4nica, oferecendo uma solu\u00e7\u00e3o potencial para os desafios de largura de banda e lat\u00eancia que a DRAM convencional luta para superar.<\/p>\n<p>Embora a transi\u00e7\u00e3o da ideia para a implementa\u00e7\u00e3o pr\u00e1tica envolva in\u00fameros obst\u00e1culos t\u00e9cnicos e econ\u00f4micos, a simples provoca\u00e7\u00e3o de uma mente como a de Carmack j\u00e1 serve como um catalisador. Ela nos for\u00e7a a questionar os paradigmas atuais e a explorar as possibilidades que a computa\u00e7\u00e3o \u00f3ptica e a engenharia de materiais avan\u00e7ada podem oferecer. O futuro da IA n\u00e3o residir\u00e1 apenas em algoritmos mais inteligentes, mas tamb\u00e9m em arquiteturas de hardware que consigam alimentar esses algoritmos com dados na velocidade da luz. A jornada para construir a pr\u00f3xima gera\u00e7\u00e3o de intelig\u00eancia artificial ser\u00e1 pavimentada por essas ideias ousadas, e John Carmack, como sempre, est\u00e1 na vanguarda, iluminando o caminho com um feixe de luz.<\/p>\n","protected":false},"excerpt":{"rendered":"<p>No universo da tecnologia, poucos nomes brilham com a intensidade de John Carmack. O lend\u00e1rio programador, co-criador de cl\u00e1ssicos como Doom e Quake, e um dos pioneiros da realidade virtual, \u00e9 conhecido por sua mente brilhante e sua capacidade de desafiar os limites do poss\u00edvel. N\u00e3o \u00e9 surpresa, portanto, que ele esteja mais uma vez [&hellip;]<\/p>\n","protected":false},"author":1,"featured_media":3589,"comment_status":"open","ping_status":"open","sticky":false,"template":"","format":"standard","meta":{"_yoast_wpseo_focuskw":"cache de fibra \u00f3ptica","_yoast_wpseo_metadesc":"Explore a ideia revolucion\u00e1ria de John Carmack de usar fibra \u00f3ptica como um cache de n\u00edvel 2 para streaming de dados em IA. Entenda como essa inova\u00e7\u00e3o pode superar os gargalos da mem\u00f3ria DRAM e impulsionar o futuro da intelig\u00eancia artificial.","footnotes":""},"categories":[2],"tags":[],"class_list":["post-3590","post","type-post","status-publish","format-standard","has-post-thumbnail","hentry","category-novidades"],"yoast_head":"<!-- This site is optimized with the Yoast SEO plugin v25.6 - https:\/\/yoast.com\/wordpress\/plugins\/seo\/ -->\n<title>A Vis\u00e3o Pioneira de John Carmack: Cache de Fibra \u00d3ptica para Redefinir a Mem\u00f3ria da IA - Lacerda AI<\/title>\n<meta name=\"description\" content=\"Explore a ideia revolucion\u00e1ria de John Carmack de usar fibra \u00f3ptica como um cache de n\u00edvel 2 para streaming de dados em IA. Entenda como essa inova\u00e7\u00e3o pode superar os gargalos da mem\u00f3ria DRAM e impulsionar o futuro da intelig\u00eancia artificial.\" \/>\n<meta name=\"robots\" content=\"index, follow, max-snippet:-1, max-image-preview:large, max-video-preview:-1\" \/>\n<link rel=\"canonical\" href=\"https:\/\/lacerdaai.com\/br\/a-visao-pioneira-de-john-carmack-cache-de-fibra-optica-para-redefinir-a-memoria-da-ia\/\" \/>\n<meta property=\"og:locale\" content=\"pt_BR\" \/>\n<meta property=\"og:type\" content=\"article\" \/>\n<meta property=\"og:title\" content=\"A Vis\u00e3o Pioneira de John Carmack: Cache de Fibra \u00d3ptica para Redefinir a Mem\u00f3ria da IA - Lacerda AI\" \/>\n<meta property=\"og:description\" content=\"Explore a ideia revolucion\u00e1ria de John Carmack de usar fibra \u00f3ptica como um cache de n\u00edvel 2 para streaming de dados em IA. Entenda como essa inova\u00e7\u00e3o pode superar os gargalos da mem\u00f3ria DRAM e impulsionar o futuro da intelig\u00eancia artificial.\" \/>\n<meta property=\"og:url\" content=\"https:\/\/lacerdaai.com\/br\/a-visao-pioneira-de-john-carmack-cache-de-fibra-optica-para-redefinir-a-memoria-da-ia\/\" \/>\n<meta property=\"og:site_name\" content=\"Lacerda AI\" \/>\n<meta property=\"article:published_time\" content=\"2026-02-11T03:37:54+00:00\" \/>\n<meta property=\"article:modified_time\" content=\"2026-02-11T03:37:56+00:00\" \/>\n<meta name=\"author\" content=\"Andr\u00e9 Lacerda\" \/>\n<meta name=\"twitter:card\" content=\"summary_large_image\" \/>\n<meta name=\"twitter:label1\" content=\"Escrito por\" \/>\n\t<meta name=\"twitter:data1\" content=\"Andr\u00e9 Lacerda\" \/>\n\t<meta name=\"twitter:label2\" content=\"Est. tempo de leitura\" \/>\n\t<meta name=\"twitter:data2\" content=\"10 minutos\" \/>\n<script type=\"application\/ld+json\" class=\"yoast-schema-graph\">{\"@context\":\"https:\/\/schema.org\",\"@graph\":[{\"@type\":\"WebPage\",\"@id\":\"https:\/\/lacerdaai.com\/br\/a-visao-pioneira-de-john-carmack-cache-de-fibra-optica-para-redefinir-a-memoria-da-ia\/\",\"url\":\"https:\/\/lacerdaai.com\/br\/a-visao-pioneira-de-john-carmack-cache-de-fibra-optica-para-redefinir-a-memoria-da-ia\/\",\"name\":\"A Vis\u00e3o Pioneira de John Carmack: Cache de Fibra \u00d3ptica para Redefinir a Mem\u00f3ria da IA - Lacerda AI\",\"isPartOf\":{\"@id\":\"https:\/\/lacerdaai.com\/br\/#website\"},\"primaryImageOfPage\":{\"@id\":\"https:\/\/lacerdaai.com\/br\/a-visao-pioneira-de-john-carmack-cache-de-fibra-optica-para-redefinir-a-memoria-da-ia\/#primaryimage\"},\"image\":{\"@id\":\"https:\/\/lacerdaai.com\/br\/a-visao-pioneira-de-john-carmack-cache-de-fibra-optica-para-redefinir-a-memoria-da-ia\/#primaryimage\"},\"thumbnailUrl\":\"https:\/\/lacerdaai.com\/br\/wp-content\/uploads\/2026\/02\/imagem-42.jpg\",\"datePublished\":\"2026-02-11T03:37:54+00:00\",\"dateModified\":\"2026-02-11T03:37:56+00:00\",\"author\":{\"@id\":\"https:\/\/lacerdaai.com\/br\/#\/schema\/person\/8bad803c2e83a0c5c5c75e02a1c2248f\"},\"description\":\"Explore a ideia revolucion\u00e1ria de John Carmack de usar fibra \u00f3ptica como um cache de n\u00edvel 2 para streaming de dados em IA. Entenda como essa inova\u00e7\u00e3o pode superar os gargalos da mem\u00f3ria DRAM e impulsionar o futuro da intelig\u00eancia artificial.\",\"breadcrumb\":{\"@id\":\"https:\/\/lacerdaai.com\/br\/a-visao-pioneira-de-john-carmack-cache-de-fibra-optica-para-redefinir-a-memoria-da-ia\/#breadcrumb\"},\"inLanguage\":\"pt-BR\",\"potentialAction\":[{\"@type\":\"ReadAction\",\"target\":[\"https:\/\/lacerdaai.com\/br\/a-visao-pioneira-de-john-carmack-cache-de-fibra-optica-para-redefinir-a-memoria-da-ia\/\"]}]},{\"@type\":\"ImageObject\",\"inLanguage\":\"pt-BR\",\"@id\":\"https:\/\/lacerdaai.com\/br\/a-visao-pioneira-de-john-carmack-cache-de-fibra-optica-para-redefinir-a-memoria-da-ia\/#primaryimage\",\"url\":\"https:\/\/lacerdaai.com\/br\/wp-content\/uploads\/2026\/02\/imagem-42.jpg\",\"contentUrl\":\"https:\/\/lacerdaai.com\/br\/wp-content\/uploads\/2026\/02\/imagem-42.jpg\",\"width\":2048,\"height\":1152},{\"@type\":\"BreadcrumbList\",\"@id\":\"https:\/\/lacerdaai.com\/br\/a-visao-pioneira-de-john-carmack-cache-de-fibra-optica-para-redefinir-a-memoria-da-ia\/#breadcrumb\",\"itemListElement\":[{\"@type\":\"ListItem\",\"position\":1,\"name\":\"In\u00edcio\",\"item\":\"https:\/\/lacerdaai.com\/br\/\"},{\"@type\":\"ListItem\",\"position\":2,\"name\":\"A Vis\u00e3o Pioneira de John Carmack: Cache de Fibra \u00d3ptica para Redefinir a Mem\u00f3ria da IA\"}]},{\"@type\":\"WebSite\",\"@id\":\"https:\/\/lacerdaai.com\/br\/#website\",\"url\":\"https:\/\/lacerdaai.com\/br\/\",\"name\":\"Lacerda AI\",\"description\":\"Seu blog di\u00e1rio de novidades do mundo da Inteligencia Artificial\",\"potentialAction\":[{\"@type\":\"SearchAction\",\"target\":{\"@type\":\"EntryPoint\",\"urlTemplate\":\"https:\/\/lacerdaai.com\/br\/?s={search_term_string}\"},\"query-input\":{\"@type\":\"PropertyValueSpecification\",\"valueRequired\":true,\"valueName\":\"search_term_string\"}}],\"inLanguage\":\"pt-BR\"},{\"@type\":\"Person\",\"@id\":\"https:\/\/lacerdaai.com\/br\/#\/schema\/person\/8bad803c2e83a0c5c5c75e02a1c2248f\",\"name\":\"Andr\u00e9 Lacerda\",\"image\":{\"@type\":\"ImageObject\",\"inLanguage\":\"pt-BR\",\"@id\":\"https:\/\/lacerdaai.com\/br\/#\/schema\/person\/image\/\",\"url\":\"https:\/\/secure.gravatar.com\/avatar\/f5c1fa5ad9763f54c1f223c3fc91f131da6288c9f9e28d74bb3c355ad99af205?s=96&d=mm&r=g\",\"contentUrl\":\"https:\/\/secure.gravatar.com\/avatar\/f5c1fa5ad9763f54c1f223c3fc91f131da6288c9f9e28d74bb3c355ad99af205?s=96&d=mm&r=g\",\"caption\":\"Andr\u00e9 Lacerda\"},\"description\":\"Sou o Andr\u00e9 Lacerda, tenho 35 anos e sou apaixonado por tecnologia, intelig\u00eancia artificial e boas hist\u00f3rias. Me formei em Tecnologia e Jornalismo \u2014 sim, uma mistura meio improv\u00e1vel, mas que combina muito comigo. J\u00e1 morei no Canad\u00e1 e na Espanha, e essas experi\u00eancias me ajudaram a enxergar a inova\u00e7\u00e3o com um olhar mais global (e a me virar bem em tr\u00eas idiomas \ud83d\ude04). Trabalhei em algumas das maiores empresas de tecnologia do mercado e, hoje, atuo como consultor ajudando neg\u00f3cios a entenderem e aplicarem IA de forma pr\u00e1tica, estrat\u00e9gica e humana. Gosto de traduzir o complexo em algo simples \u2014 e \u00e9 isso que voc\u00ea vai encontrar por aqui.\",\"sameAs\":[\"http:\/\/lacerdaai.com\/br\"],\"url\":\"https:\/\/lacerdaai.com\/br\/author\/red-admin\/\"}]}<\/script>\n<!-- \/ Yoast SEO plugin. -->","yoast_head_json":{"title":"A Vis\u00e3o Pioneira de John Carmack: Cache de Fibra \u00d3ptica para Redefinir a Mem\u00f3ria da IA - Lacerda AI","description":"Explore a ideia revolucion\u00e1ria de John Carmack de usar fibra \u00f3ptica como um cache de n\u00edvel 2 para streaming de dados em IA. Entenda como essa inova\u00e7\u00e3o pode superar os gargalos da mem\u00f3ria DRAM e impulsionar o futuro da intelig\u00eancia artificial.","robots":{"index":"index","follow":"follow","max-snippet":"max-snippet:-1","max-image-preview":"max-image-preview:large","max-video-preview":"max-video-preview:-1"},"canonical":"https:\/\/lacerdaai.com\/br\/a-visao-pioneira-de-john-carmack-cache-de-fibra-optica-para-redefinir-a-memoria-da-ia\/","og_locale":"pt_BR","og_type":"article","og_title":"A Vis\u00e3o Pioneira de John Carmack: Cache de Fibra \u00d3ptica para Redefinir a Mem\u00f3ria da IA - Lacerda AI","og_description":"Explore a ideia revolucion\u00e1ria de John Carmack de usar fibra \u00f3ptica como um cache de n\u00edvel 2 para streaming de dados em IA. Entenda como essa inova\u00e7\u00e3o pode superar os gargalos da mem\u00f3ria DRAM e impulsionar o futuro da intelig\u00eancia artificial.","og_url":"https:\/\/lacerdaai.com\/br\/a-visao-pioneira-de-john-carmack-cache-de-fibra-optica-para-redefinir-a-memoria-da-ia\/","og_site_name":"Lacerda AI","article_published_time":"2026-02-11T03:37:54+00:00","article_modified_time":"2026-02-11T03:37:56+00:00","author":"Andr\u00e9 Lacerda","twitter_card":"summary_large_image","twitter_misc":{"Escrito por":"Andr\u00e9 Lacerda","Est. tempo de leitura":"10 minutos"},"schema":{"@context":"https:\/\/schema.org","@graph":[{"@type":"WebPage","@id":"https:\/\/lacerdaai.com\/br\/a-visao-pioneira-de-john-carmack-cache-de-fibra-optica-para-redefinir-a-memoria-da-ia\/","url":"https:\/\/lacerdaai.com\/br\/a-visao-pioneira-de-john-carmack-cache-de-fibra-optica-para-redefinir-a-memoria-da-ia\/","name":"A Vis\u00e3o Pioneira de John Carmack: Cache de Fibra \u00d3ptica para Redefinir a Mem\u00f3ria da IA - Lacerda AI","isPartOf":{"@id":"https:\/\/lacerdaai.com\/br\/#website"},"primaryImageOfPage":{"@id":"https:\/\/lacerdaai.com\/br\/a-visao-pioneira-de-john-carmack-cache-de-fibra-optica-para-redefinir-a-memoria-da-ia\/#primaryimage"},"image":{"@id":"https:\/\/lacerdaai.com\/br\/a-visao-pioneira-de-john-carmack-cache-de-fibra-optica-para-redefinir-a-memoria-da-ia\/#primaryimage"},"thumbnailUrl":"https:\/\/lacerdaai.com\/br\/wp-content\/uploads\/2026\/02\/imagem-42.jpg","datePublished":"2026-02-11T03:37:54+00:00","dateModified":"2026-02-11T03:37:56+00:00","author":{"@id":"https:\/\/lacerdaai.com\/br\/#\/schema\/person\/8bad803c2e83a0c5c5c75e02a1c2248f"},"description":"Explore a ideia revolucion\u00e1ria de John Carmack de usar fibra \u00f3ptica como um cache de n\u00edvel 2 para streaming de dados em IA. Entenda como essa inova\u00e7\u00e3o pode superar os gargalos da mem\u00f3ria DRAM e impulsionar o futuro da intelig\u00eancia artificial.","breadcrumb":{"@id":"https:\/\/lacerdaai.com\/br\/a-visao-pioneira-de-john-carmack-cache-de-fibra-optica-para-redefinir-a-memoria-da-ia\/#breadcrumb"},"inLanguage":"pt-BR","potentialAction":[{"@type":"ReadAction","target":["https:\/\/lacerdaai.com\/br\/a-visao-pioneira-de-john-carmack-cache-de-fibra-optica-para-redefinir-a-memoria-da-ia\/"]}]},{"@type":"ImageObject","inLanguage":"pt-BR","@id":"https:\/\/lacerdaai.com\/br\/a-visao-pioneira-de-john-carmack-cache-de-fibra-optica-para-redefinir-a-memoria-da-ia\/#primaryimage","url":"https:\/\/lacerdaai.com\/br\/wp-content\/uploads\/2026\/02\/imagem-42.jpg","contentUrl":"https:\/\/lacerdaai.com\/br\/wp-content\/uploads\/2026\/02\/imagem-42.jpg","width":2048,"height":1152},{"@type":"BreadcrumbList","@id":"https:\/\/lacerdaai.com\/br\/a-visao-pioneira-de-john-carmack-cache-de-fibra-optica-para-redefinir-a-memoria-da-ia\/#breadcrumb","itemListElement":[{"@type":"ListItem","position":1,"name":"In\u00edcio","item":"https:\/\/lacerdaai.com\/br\/"},{"@type":"ListItem","position":2,"name":"A Vis\u00e3o Pioneira de John Carmack: Cache de Fibra \u00d3ptica para Redefinir a Mem\u00f3ria da IA"}]},{"@type":"WebSite","@id":"https:\/\/lacerdaai.com\/br\/#website","url":"https:\/\/lacerdaai.com\/br\/","name":"Lacerda AI","description":"Seu blog di\u00e1rio de novidades do mundo da Inteligencia Artificial","potentialAction":[{"@type":"SearchAction","target":{"@type":"EntryPoint","urlTemplate":"https:\/\/lacerdaai.com\/br\/?s={search_term_string}"},"query-input":{"@type":"PropertyValueSpecification","valueRequired":true,"valueName":"search_term_string"}}],"inLanguage":"pt-BR"},{"@type":"Person","@id":"https:\/\/lacerdaai.com\/br\/#\/schema\/person\/8bad803c2e83a0c5c5c75e02a1c2248f","name":"Andr\u00e9 Lacerda","image":{"@type":"ImageObject","inLanguage":"pt-BR","@id":"https:\/\/lacerdaai.com\/br\/#\/schema\/person\/image\/","url":"https:\/\/secure.gravatar.com\/avatar\/f5c1fa5ad9763f54c1f223c3fc91f131da6288c9f9e28d74bb3c355ad99af205?s=96&d=mm&r=g","contentUrl":"https:\/\/secure.gravatar.com\/avatar\/f5c1fa5ad9763f54c1f223c3fc91f131da6288c9f9e28d74bb3c355ad99af205?s=96&d=mm&r=g","caption":"Andr\u00e9 Lacerda"},"description":"Sou o Andr\u00e9 Lacerda, tenho 35 anos e sou apaixonado por tecnologia, intelig\u00eancia artificial e boas hist\u00f3rias. Me formei em Tecnologia e Jornalismo \u2014 sim, uma mistura meio improv\u00e1vel, mas que combina muito comigo. J\u00e1 morei no Canad\u00e1 e na Espanha, e essas experi\u00eancias me ajudaram a enxergar a inova\u00e7\u00e3o com um olhar mais global (e a me virar bem em tr\u00eas idiomas \ud83d\ude04). Trabalhei em algumas das maiores empresas de tecnologia do mercado e, hoje, atuo como consultor ajudando neg\u00f3cios a entenderem e aplicarem IA de forma pr\u00e1tica, estrat\u00e9gica e humana. Gosto de traduzir o complexo em algo simples \u2014 e \u00e9 isso que voc\u00ea vai encontrar por aqui.","sameAs":["http:\/\/lacerdaai.com\/br"],"url":"https:\/\/lacerdaai.com\/br\/author\/red-admin\/"}]}},"_links":{"self":[{"href":"https:\/\/lacerdaai.com\/br\/wp-json\/wp\/v2\/posts\/3590","targetHints":{"allow":["GET"]}}],"collection":[{"href":"https:\/\/lacerdaai.com\/br\/wp-json\/wp\/v2\/posts"}],"about":[{"href":"https:\/\/lacerdaai.com\/br\/wp-json\/wp\/v2\/types\/post"}],"author":[{"embeddable":true,"href":"https:\/\/lacerdaai.com\/br\/wp-json\/wp\/v2\/users\/1"}],"replies":[{"embeddable":true,"href":"https:\/\/lacerdaai.com\/br\/wp-json\/wp\/v2\/comments?post=3590"}],"version-history":[{"count":1,"href":"https:\/\/lacerdaai.com\/br\/wp-json\/wp\/v2\/posts\/3590\/revisions"}],"predecessor-version":[{"id":3591,"href":"https:\/\/lacerdaai.com\/br\/wp-json\/wp\/v2\/posts\/3590\/revisions\/3591"}],"wp:featuredmedia":[{"embeddable":true,"href":"https:\/\/lacerdaai.com\/br\/wp-json\/wp\/v2\/media\/3589"}],"wp:attachment":[{"href":"https:\/\/lacerdaai.com\/br\/wp-json\/wp\/v2\/media?parent=3590"}],"wp:term":[{"taxonomy":"category","embeddable":true,"href":"https:\/\/lacerdaai.com\/br\/wp-json\/wp\/v2\/categories?post=3590"},{"taxonomy":"post_tag","embeddable":true,"href":"https:\/\/lacerdaai.com\/br\/wp-json\/wp\/v2\/tags?post=3590"}],"curies":[{"name":"wp","href":"https:\/\/api.w.org\/{rel}","templated":true}]}}