{"id":3596,"date":"2026-02-11T12:38:22","date_gmt":"2026-02-11T15:38:22","guid":{"rendered":"https:\/\/lacerdaai.com\/br\/a-revolucao-da-ia-e-a-urgencia-de-uma-nova-politica-progressista\/"},"modified":"2026-02-11T12:38:23","modified_gmt":"2026-02-11T15:38:23","slug":"a-revolucao-da-ia-e-a-urgencia-de-uma-nova-politica-progressista","status":"publish","type":"post","link":"https:\/\/lacerdaai.com\/br\/a-revolucao-da-ia-e-a-urgencia-de-uma-nova-politica-progressista\/","title":{"rendered":"A Revolu\u00e7\u00e3o da IA e a Urg\u00eancia de uma Nova Pol\u00edtica Progressista"},"content":{"rendered":"<p>A revolu\u00e7\u00e3o da intelig\u00eancia artificial (IA) n\u00e3o \u00e9 apenas uma maravilha tecnol\u00f3gica; \u00e9 um divisor de \u00e1guas que est\u00e1 reescrevendo as regras do trabalho, da economia e, fundamentalmente, da pr\u00f3pria natureza humana. Enquanto muitos se deslumbram com as inova\u00e7\u00f5es que surgem quase que diariamente \u2013 desde carros aut\u00f4nomos a assistentes virtuais incrivelmente sofisticados e sistemas capazes de gerar arte e texto \u2013, h\u00e1 uma dimens\u00e3o crucial que exige nossa aten\u00e7\u00e3o imediata: a pol\u00edtica. Como sociedade, estamos \u00e0 beira de transforma\u00e7\u00f5es sem precedentes, e as velhas respostas podem n\u00e3o ser suficientes para os novos desafios que a IA apresenta. Para o espectro progressista, em particular, a ascens\u00e3o da IA n\u00e3o \u00e9 apenas um tema para debates acad\u00eamicos; \u00e9 um chamado urgente para reexaminar e afiar suas ideologias e propostas. Ser\u00e1 que nossas teorias sobre o trabalho, a equidade, a justi\u00e7a social e o que significa ser humano est\u00e3o prontas para o teste de fogo que a intelig\u00eancia artificial imp\u00f5e? Este artigo mergulha nas profundezas dessa quest\u00e3o, explorando por que as **pol\u00edticas de IA** se tornaram um campo de batalha essencial para moldar um futuro mais justo e inclusivo, garantindo que o progresso tecnol\u00f3gico beneficie a todos, e n\u00e3o apenas a uma elite. Ignorar o aspecto pol\u00edtico da IA \u00e9 um luxo que simplesmente n\u00e3o podemos nos dar. \u00c9 hora de agir e pensar estrategicamente sobre como queremos que a tecnologia mais transformadora da nossa era seja desenvolvida e utilizada.<\/p>\n<p>### A ascens\u00e3o das **pol\u00edticas de IA**: Um novo cen\u00e1rio para o pensamento progressista<\/p>\n<p>Desde a Revolu\u00e7\u00e3o Industrial, o trabalho tem sido uma pedra angular das sociedades modernas e, em particular, das ideologias progressistas. A busca por pleno emprego, condi\u00e7\u00f5es dignas, sal\u00e1rios justos e a valoriza\u00e7\u00e3o do trabalhador s\u00e3o bandeiras hist\u00f3ricas que moldaram boa parte da luta por direitos sociais e econ\u00f4micos. No entanto, a intelig\u00eancia artificial, com seu potencial para automatizar tarefas cognitivas e at\u00e9 mesmo criativas em uma escala nunca antes vista, amea\u00e7a desestruturar esses pilares fundamentais. Estamos falando de um cen\u00e1rio onde n\u00e3o apenas a m\u00e3o de obra repetitiva em f\u00e1bricas ou call centers, mas tamb\u00e9m fun\u00e7\u00f5es que exigem an\u00e1lise de dados, escrita, design gr\u00e1fico, programa\u00e7\u00e3o e at\u00e9 mesmo a composi\u00e7\u00e3o musical, podem ser significativamente impactadas ou mesmo substitu\u00eddas por sistemas aut\u00f4nomos.<\/p>\n<p>Isso levanta quest\u00f5es inc\u00f4modas e de profunda relev\u00e2ncia social: O que acontece com a dignidade do trabalho e o sentido de prop\u00f3sito quando m\u00e1quinas podem fazer grande parte dele? Como a sociedade garante subsist\u00eancia, bem-estar e prop\u00f3sito para milh\u00f5es de pessoas que podem ser deslocadas de seus empregos tradicionais? A resposta f\u00e1cil, de que &#8220;novos empregos surgir\u00e3o&#8221;, embora parcialmente verdadeira em alguns setores, ignora o ritmo, a escala e a natureza disruptiva dessa transi\u00e7\u00e3o, que pode n\u00e3o ser t\u00e3o suave ou equitativa quanto se espera.<\/p>\n<p>Para a esquerda, que historicamente se preocupa com a desigualdade, a explora\u00e7\u00e3o e a concentra\u00e7\u00e3o de poder, a IA apresenta um dilema complexo. Por um lado, a tecnologia tem o potencial de liberar a humanidade de trabalhos tediosos, perigosos e alienantes, abrindo caminho para uma era de maior lazer, busca de prop\u00f3sitos mais elevados e uma economia focada no bem-estar. Imagine um mundo onde a criatividade humana, a educa\u00e7\u00e3o, o cuidado e as rela\u00e7\u00f5es interpessoais s\u00e3o o foco principal, e n\u00e3o a subsist\u00eancia for\u00e7ada. Por outro lado, se n\u00e3o for devidamente controlada e regulamentada por um arcabou\u00e7o s\u00f3lido de **pol\u00edticas de IA**, a intelig\u00eancia artificial pode exacerbar drasticamente as desigualdades existentes, concentrando poder e riqueza nas m\u00e3os de poucos que det\u00eam os algoritmos, os dados e a infraestrutura tecnol\u00f3gica. A corrida tecnol\u00f3gica atual, dominada por grandes corpora\u00e7\u00f5es multinacionais, muitas vezes prioriza a inova\u00e7\u00e3o e o lucro em detrimento das implica\u00e7\u00f5es sociais e \u00e9ticas mais amplas. O desenvolvimento de IA generativa, por exemplo, embora impressionante, levanta s\u00e9rias preocupa\u00e7\u00f5es sobre direitos autorais, desinforma\u00e7\u00e3o e a precariza\u00e7\u00e3o de profiss\u00f5es criativas.<\/p>\n<p>\u00c9 neste ponto que a discuss\u00e3o sobre **pol\u00edticas de IA** se torna crucial. N\u00e3o podemos simplesmente aceitar que a tecnologia se desenvolver\u00e1 de forma neutra ou benigna; ela \u00e9 moldada por valores, interesses, investimentos e, sim, por decis\u00f5es pol\u00edticas. A aus\u00eancia de uma agenda progressista robusta e proativa sobre IA significa ceder o terreno para aqueles que veem a tecnologia apenas como uma ferramenta para otimiza\u00e7\u00e3o, vigil\u00e2ncia e maximiza\u00e7\u00e3o de ganhos, sem considerar o custo humano e social. Pensar em como a IA ser\u00e1 desenvolvida, implantada e governada \u00e9 um imperativo moral e pol\u00edtico que definir\u00e1 a natureza da sociedade do s\u00e9culo XXI.<\/p>\n<p>### Repensando o Trabalho e a Natureza Humana na Era da IA<\/p>\n<p>As teorias progressistas muitas vezes enfatizam o valor intr\u00ednseco do trabalho n\u00e3o apenas como um meio de subsist\u00eancia, mas como uma fonte fundamental de identidade, prop\u00f3sito, contribui\u00e7\u00e3o social e autorealiza\u00e7\u00e3o. A ideia de que o trabalho dignifica o homem \u00e9 um pilar da modernidade. No entanto, a IA est\u00e1 nos for\u00e7ando a questionar essa premissa. Se grande parte do trabalho &#8220;produtivo&#8221; \u2013 o trabalho que gera valor econ\u00f4mico \u2013 pode ser delegada a sistemas aut\u00f4nomos, o que resta para n\u00f3s? N\u00e3o \u00e9 apenas sobre empregos perdidos, mas sobre o significado da pr\u00f3pria atividade laboral e como a sociedade pode redefinir o valor em um mundo p\u00f3s-trabalho.<\/p>\n<p>Uma das propostas mais debatidas e fascinantes em c\u00edrculos progressistas \u00e9 a Renda B\u00e1sica Universal (RBU), ou Renda Cidad\u00e3. A ideia de fornecer uma renda m\u00ednima incondicional a todos os cidad\u00e3os, independentemente de estarem trabalhando ou n\u00e3o, ganha nova e urgente relev\u00e2ncia em um mundo onde a automa\u00e7\u00e3o pode tornar o pleno emprego uma quimera ou, no m\u00ednimo, uma realidade muito diferente da que conhecemos. A RBU, defendida por nomes como Andrew Yang nos EUA, Guy Standing na Europa e testada em diversos pa\u00edses como Finl\u00e2ndia e Canad\u00e1, n\u00e3o \u00e9 apenas uma rede de seguran\u00e7a social; \u00e9 vista como um mecanismo para permitir que as pessoas busquem atividades com significado social, desenvolvam talentos criativos, cuidem de suas fam\u00edlias e comunidades, ou se dediquem ao aprendizado cont\u00ednuo, sem a press\u00e3o esmagadora de um mercado de trabalho escasso e imprevis\u00edvel. Contudo, a RBU n\u00e3o \u00e9 uma panaceia e levanta quest\u00f5es complexas sobre financiamento, sustentabilidade e, crucialmente, se ela realmente preenche o vazio deixado pela perda do trabalho tradicional como fonte de prop\u00f3sito e engajamento social.<\/p>\n<p>Al\u00e9m do trabalho, a IA desafia nossa compreens\u00e3o da natureza humana de maneiras profundas. Algoritmos de aprendizado de m\u00e1quina podem prever nossos comportamentos com assombrosa precis\u00e3o, influenciar nossas decis\u00f5es de consumo e voto, e at\u00e9 mesmo gerar conte\u00fado (imagens, textos, m\u00fasicas) que \u00e9 indistingu\u00edvel do produzido por humanos. Isso nos for\u00e7a a perguntar: Onde est\u00e1 a linha entre o que \u00e9 genuinamente humano e o que \u00e9 artificial? Nossas emo\u00e7\u00f5es, nossa criatividade, nossa empatia \u2013 caracter\u00edsticas tidas como intr\u00ednsecas ao ser humano \u2013 est\u00e3o sendo exploradas, mapeadas e at\u00e9 simuladas por m\u00e1quinas. A \u00e9tica da IA, portanto, transcende a mera regulamenta\u00e7\u00e3o de dados. Ela mergulha em quest\u00f5es filos\u00f3ficas sobre consci\u00eancia, ag\u00eancia, livre-arb\u00edtrio e a pr\u00f3pria defini\u00e7\u00e3o de humanidade. Proteger a autonomia humana em um mundo cada vez mais mediado por algoritmos e sistemas inteligentes \u00e9 um desafio central para as **pol\u00edticas de IA** que buscam um futuro equitativo e digno. A concentra\u00e7\u00e3o de poder algor\u00edtmico e de dados nas m\u00e3os de poucas corpora\u00e7\u00f5es de tecnologia global representa um risco real de coloniza\u00e7\u00e3o digital, onde os valores, interesses e vieses de poucos s\u00e3o impostos a muitos, comprometendo a diversidade cultural e a soberania individual. O acesso democr\u00e1tico \u00e0 tecnologia, \u00e0 educa\u00e7\u00e3o sobre IA e \u00e0 capacidade de influenciar seu desenvolvimento n\u00e3o s\u00e3o apenas quest\u00f5es de desenvolvimento econ\u00f4mico, mas de liberdade e dignidade humana.<\/p>\n<p>### O Papel da Governan\u00e7a e da Regulamenta\u00e7\u00e3o: Construindo um Futuro Equitativo<\/p>\n<p>Diante dos desafios sem precedentes impostos pela intelig\u00eancia artificial, a ina\u00e7\u00e3o pol\u00edtica n\u00e3o \u00e9 uma op\u00e7\u00e3o vi\u00e1vel. A regulamenta\u00e7\u00e3o e a governan\u00e7a da IA s\u00e3o essenciais para garantir que seus benef\u00edcios sejam amplamente distribu\u00eddos, seus riscos minimizados e que a tecnologia sirva \u00e0 humanidade, e n\u00e3o o contr\u00e1rio. Exemplos de marcos regulat\u00f3rios j\u00e1 come\u00e7am a surgir, como o Ato de IA da Uni\u00e3o Europeia, que busca classificar sistemas de IA com base no seu n\u00edvel de risco e impor obriga\u00e7\u00f5es correspondentes, proibindo certos usos considerados inaceit\u00e1veis e estabelecendo regras para os de alto risco. Tais iniciativas s\u00e3o louv\u00e1veis e servem como um importante ponto de partida, mas a abrang\u00eancia, a adaptabilidade e a efic\u00e1cia das **pol\u00edticas de IA** globais ainda est\u00e3o em fase inicial e precisam de constante aprimoramento e coopera\u00e7\u00e3o internacional.<\/p>\n<p>Para os progressistas, o foco deve ir al\u00e9m de simplesmente mitigar riscos. Trata-se de moldar ativamente o desenvolvimento e a implanta\u00e7\u00e3o da IA para servir a um prop\u00f3sito social maior e para construir uma sociedade mais justa. Isso significa adotar uma agenda ambiciosa que inclua:<\/p>\n<p>*   **Transpar\u00eancia e Explicabilidade (XAI):** Exigir que os sistemas de IA sejam transparentes em seu funcionamento e que suas decis\u00f5es possam ser compreendidas e explicadas de forma clara, especialmente em \u00e1reas cr\u00edticas como sa\u00fade, justi\u00e7a criminal, cr\u00e9dito e emprego. Isso \u00e9 crucial para combater o vi\u00e9s algor\u00edtmico, garantir a presta\u00e7\u00e3o de contas e permitir que os indiv\u00edduos contestem decis\u00f5es automatizadas.<br \/>\n*   **Responsabilidade Algor\u00edtmica:** Estabelecer claramente quem \u00e9 legalmente respons\u00e1vel quando um sistema de IA comete erros, causa danos ou viola direitos, seja o desenvolvedor, o implementador, o operador ou o propriet\u00e1rio. A aus\u00eancia de responsabilidade impede a repara\u00e7\u00e3o de danos e a preven\u00e7\u00e3o de futuras falhas.<br \/>\n*   **Dados como Bem P\u00fablico:** Argumentar que os dados gerados pela sociedade \u2013 que alimentam e treinam a maioria dos sistemas de IA \u2013 devem ser tratados como um bem comum, e n\u00e3o apenas como propriedade de corpora\u00e7\u00f5es privadas. Isso poderia abrir caminho para &#8220;fundos de dados&#8221; ou modelos de compartilhamento que beneficiem a todos, promovendo a inova\u00e7\u00e3o respons\u00e1vel e a equidade no acesso aos recursos digitais.<br \/>\n*   **Investimento P\u00fablico em IA para o Bem Social:** Direcionar investimentos significativos em pesquisa e desenvolvimento de IA para resolver grandes desafios sociais, como a mudan\u00e7a clim\u00e1tica, a cura de doen\u00e7as, a otimiza\u00e7\u00e3o de servi\u00e7os p\u00fablicos (sa\u00fade, educa\u00e7\u00e3o, transporte) e o desenvolvimento sustent\u00e1vel, garantindo que os resultados sejam acess\u00edveis, abertos e equitativos.<br \/>\n*   **Educa\u00e7\u00e3o e Retreinamento Massivos:** Implementar programas massivos de educa\u00e7\u00e3o e retreinamento para capacitar a for\u00e7a de trabalho para as novas realidades da economia da IA, garantindo que ningu\u00e9m seja deixado para tr\u00e1s. Isso inclui o desenvolvimento de habilidades socioemocionais, pensamento cr\u00edtico e criatividade, que a IA ainda n\u00e3o consegue replicar, al\u00e9m de compet\u00eancias digitais avan\u00e7adas.<br \/>\n*   **Diversidade e Inclus\u00e3o no Desenvolvimento da IA:** Promover a diversidade de g\u00eanero, ra\u00e7a, origem e perspectivas na pesquisa, desenvolvimento e governan\u00e7a da IA para evitar que os vieses dos grupos dominantes sejam perpetuados e amplificados nos algoritmos e sistemas.<\/p>\n<p>A governan\u00e7a da IA n\u00e3o \u00e9 apenas um tema t\u00e9cnico a ser resolvido por engenheiros; \u00e9 uma quest\u00e3o profundamente pol\u00edtica, que definir\u00e1 quem se beneficia da IA, quem det\u00e9m o poder e quem suporta seus custos sociais. Sem uma interven\u00e7\u00e3o pol\u00edtica consciente, articulada e progressista, corremos o risco de criar um futuro onde a IA serve apenas para cimentar e ampliar as desigualdades existentes, criando uma nova elite tecnol\u00f3gica e uma sociedade polarizada, enquanto marginaliza vastas parcelas da popula\u00e7\u00e3o. O desafio \u00e9 grande, mas a oportunidade de direcionar essa tecnologia poderosa para um futuro mais humano, justo e equitativo \u00e9 ainda maior, exigindo lideran\u00e7a, coragem e uma vis\u00e3o clara do que significa progresso no s\u00e9culo XXI.<\/p>\n<p>A revolu\u00e7\u00e3o da intelig\u00eancia artificial n\u00e3o \u00e9 um fen\u00f4meno distante ou puramente tecnol\u00f3gico; ela est\u00e1 acontecendo agora, reconfigurando os pilares de nossa sociedade e, de forma crucial, testando as funda\u00e7\u00f5es das teorias progressistas sobre trabalho, equidade e a pr\u00f3pria natureza humana. O futuro que a IA promete \u2013 seja ele ut\u00f3pico, onde a humanidade \u00e9 liberada de labutas, ou dist\u00f3pico, com desigualdades acentuadas e vigil\u00e2ncia onipresente \u2013 n\u00e3o \u00e9 pr\u00e9-determinado. Ele ser\u00e1 moldado pelas escolhas pol\u00edticas que fizermos hoje, pela clareza e coragem com que enfrentarmos os dilemas \u00e9ticos, econ\u00f4micos e sociais que ela apresenta.<\/p>\n<p>Para a esquerda progressista, este \u00e9 um momento de autoavalia\u00e7\u00e3o e de renova\u00e7\u00e3o. N\u00e3o basta lamentar as desigualdades ou criticar o capitalismo tecnol\u00f3gico; \u00e9 imperativo desenvolver e advogar por **pol\u00edticas de IA** concretas, ousadas e inovadoras que garantam que esta poderosa tecnologia sirva ao bem comum e seja um catalisador para sociedades mais justas. Precisamos de uma vis\u00e3o que n\u00e3o apenas mitigue os riscos, mas que capitalize o potencial transformador da IA para construir um mundo onde a dignidade humana, a justi\u00e7a social e a prosperidade compartilhada sejam os pilares. O futuro da IA \u00e9, em ess\u00eancia, o futuro da nossa sociedade. E para que esse futuro seja um em que a dignidade humana e a justi\u00e7a social prevale\u00e7am, precisamos de uma pol\u00edtica de IA t\u00e3o afiada, inovadora e profundamente humana quanto a pr\u00f3pria tecnologia que estamos criando.<\/p>\n","protected":false},"excerpt":{"rendered":"<p>A revolu\u00e7\u00e3o da intelig\u00eancia artificial (IA) n\u00e3o \u00e9 apenas uma maravilha tecnol\u00f3gica; \u00e9 um divisor de \u00e1guas que est\u00e1 reescrevendo as regras do trabalho, da economia e, fundamentalmente, da pr\u00f3pria natureza humana. Enquanto muitos se deslumbram com as inova\u00e7\u00f5es que surgem quase que diariamente \u2013 desde carros aut\u00f4nomos a assistentes virtuais incrivelmente sofisticados e sistemas [&hellip;]<\/p>\n","protected":false},"author":1,"featured_media":3595,"comment_status":"open","ping_status":"open","sticky":false,"template":"","format":"standard","meta":{"_yoast_wpseo_focuskw":"pol\u00edticas de IA","_yoast_wpseo_metadesc":"Explore como a intelig\u00eancia artificial desafia as teorias progressistas sobre trabalho e natureza humana. Entenda a necessidade de uma agenda robusta de pol\u00edticas de IA para um futuro mais justo e equitativo.","footnotes":""},"categories":[2],"tags":[],"class_list":["post-3596","post","type-post","status-publish","format-standard","has-post-thumbnail","hentry","category-novidades"],"yoast_head":"<!-- This site is optimized with the Yoast SEO plugin v25.6 - https:\/\/yoast.com\/wordpress\/plugins\/seo\/ -->\n<title>A Revolu\u00e7\u00e3o da IA e a Urg\u00eancia de uma Nova Pol\u00edtica Progressista - Lacerda AI<\/title>\n<meta name=\"description\" content=\"Explore como a intelig\u00eancia artificial desafia as teorias progressistas sobre trabalho e natureza humana. Entenda a necessidade de uma agenda robusta de pol\u00edticas de IA para um futuro mais justo e equitativo.\" \/>\n<meta name=\"robots\" content=\"index, follow, max-snippet:-1, max-image-preview:large, max-video-preview:-1\" \/>\n<link rel=\"canonical\" href=\"https:\/\/lacerdaai.com\/br\/a-revolucao-da-ia-e-a-urgencia-de-uma-nova-politica-progressista\/\" \/>\n<meta property=\"og:locale\" content=\"pt_BR\" \/>\n<meta property=\"og:type\" content=\"article\" \/>\n<meta property=\"og:title\" content=\"A Revolu\u00e7\u00e3o da IA e a Urg\u00eancia de uma Nova Pol\u00edtica Progressista - Lacerda AI\" \/>\n<meta property=\"og:description\" content=\"Explore como a intelig\u00eancia artificial desafia as teorias progressistas sobre trabalho e natureza humana. Entenda a necessidade de uma agenda robusta de pol\u00edticas de IA para um futuro mais justo e equitativo.\" \/>\n<meta property=\"og:url\" content=\"https:\/\/lacerdaai.com\/br\/a-revolucao-da-ia-e-a-urgencia-de-uma-nova-politica-progressista\/\" \/>\n<meta property=\"og:site_name\" content=\"Lacerda AI\" \/>\n<meta property=\"article:published_time\" content=\"2026-02-11T15:38:22+00:00\" \/>\n<meta property=\"article:modified_time\" content=\"2026-02-11T15:38:23+00:00\" \/>\n<meta name=\"author\" content=\"Andr\u00e9 Lacerda\" \/>\n<meta name=\"twitter:card\" content=\"summary_large_image\" \/>\n<meta name=\"twitter:label1\" content=\"Escrito por\" \/>\n\t<meta name=\"twitter:data1\" content=\"Andr\u00e9 Lacerda\" \/>\n\t<meta name=\"twitter:label2\" content=\"Est. tempo de leitura\" \/>\n\t<meta name=\"twitter:data2\" content=\"12 minutos\" \/>\n<script type=\"application\/ld+json\" class=\"yoast-schema-graph\">{\"@context\":\"https:\/\/schema.org\",\"@graph\":[{\"@type\":\"WebPage\",\"@id\":\"https:\/\/lacerdaai.com\/br\/a-revolucao-da-ia-e-a-urgencia-de-uma-nova-politica-progressista\/\",\"url\":\"https:\/\/lacerdaai.com\/br\/a-revolucao-da-ia-e-a-urgencia-de-uma-nova-politica-progressista\/\",\"name\":\"A Revolu\u00e7\u00e3o da IA e a Urg\u00eancia de uma Nova Pol\u00edtica Progressista - Lacerda AI\",\"isPartOf\":{\"@id\":\"https:\/\/lacerdaai.com\/br\/#website\"},\"primaryImageOfPage\":{\"@id\":\"https:\/\/lacerdaai.com\/br\/a-revolucao-da-ia-e-a-urgencia-de-uma-nova-politica-progressista\/#primaryimage\"},\"image\":{\"@id\":\"https:\/\/lacerdaai.com\/br\/a-revolucao-da-ia-e-a-urgencia-de-uma-nova-politica-progressista\/#primaryimage\"},\"thumbnailUrl\":\"https:\/\/lacerdaai.com\/br\/wp-content\/uploads\/2026\/02\/imagem-44.jpg\",\"datePublished\":\"2026-02-11T15:38:22+00:00\",\"dateModified\":\"2026-02-11T15:38:23+00:00\",\"author\":{\"@id\":\"https:\/\/lacerdaai.com\/br\/#\/schema\/person\/8bad803c2e83a0c5c5c75e02a1c2248f\"},\"description\":\"Explore como a intelig\u00eancia artificial desafia as teorias progressistas sobre trabalho e natureza humana. Entenda a necessidade de uma agenda robusta de pol\u00edticas de IA para um futuro mais justo e equitativo.\",\"breadcrumb\":{\"@id\":\"https:\/\/lacerdaai.com\/br\/a-revolucao-da-ia-e-a-urgencia-de-uma-nova-politica-progressista\/#breadcrumb\"},\"inLanguage\":\"pt-BR\",\"potentialAction\":[{\"@type\":\"ReadAction\",\"target\":[\"https:\/\/lacerdaai.com\/br\/a-revolucao-da-ia-e-a-urgencia-de-uma-nova-politica-progressista\/\"]}]},{\"@type\":\"ImageObject\",\"inLanguage\":\"pt-BR\",\"@id\":\"https:\/\/lacerdaai.com\/br\/a-revolucao-da-ia-e-a-urgencia-de-uma-nova-politica-progressista\/#primaryimage\",\"url\":\"https:\/\/lacerdaai.com\/br\/wp-content\/uploads\/2026\/02\/imagem-44.jpg\",\"contentUrl\":\"https:\/\/lacerdaai.com\/br\/wp-content\/uploads\/2026\/02\/imagem-44.jpg\",\"width\":1600,\"height\":900},{\"@type\":\"BreadcrumbList\",\"@id\":\"https:\/\/lacerdaai.com\/br\/a-revolucao-da-ia-e-a-urgencia-de-uma-nova-politica-progressista\/#breadcrumb\",\"itemListElement\":[{\"@type\":\"ListItem\",\"position\":1,\"name\":\"In\u00edcio\",\"item\":\"https:\/\/lacerdaai.com\/br\/\"},{\"@type\":\"ListItem\",\"position\":2,\"name\":\"A Revolu\u00e7\u00e3o da IA e a Urg\u00eancia de uma Nova Pol\u00edtica Progressista\"}]},{\"@type\":\"WebSite\",\"@id\":\"https:\/\/lacerdaai.com\/br\/#website\",\"url\":\"https:\/\/lacerdaai.com\/br\/\",\"name\":\"Lacerda AI\",\"description\":\"Seu blog di\u00e1rio de novidades do mundo da Inteligencia Artificial\",\"potentialAction\":[{\"@type\":\"SearchAction\",\"target\":{\"@type\":\"EntryPoint\",\"urlTemplate\":\"https:\/\/lacerdaai.com\/br\/?s={search_term_string}\"},\"query-input\":{\"@type\":\"PropertyValueSpecification\",\"valueRequired\":true,\"valueName\":\"search_term_string\"}}],\"inLanguage\":\"pt-BR\"},{\"@type\":\"Person\",\"@id\":\"https:\/\/lacerdaai.com\/br\/#\/schema\/person\/8bad803c2e83a0c5c5c75e02a1c2248f\",\"name\":\"Andr\u00e9 Lacerda\",\"image\":{\"@type\":\"ImageObject\",\"inLanguage\":\"pt-BR\",\"@id\":\"https:\/\/lacerdaai.com\/br\/#\/schema\/person\/image\/\",\"url\":\"https:\/\/secure.gravatar.com\/avatar\/f5c1fa5ad9763f54c1f223c3fc91f131da6288c9f9e28d74bb3c355ad99af205?s=96&d=mm&r=g\",\"contentUrl\":\"https:\/\/secure.gravatar.com\/avatar\/f5c1fa5ad9763f54c1f223c3fc91f131da6288c9f9e28d74bb3c355ad99af205?s=96&d=mm&r=g\",\"caption\":\"Andr\u00e9 Lacerda\"},\"description\":\"Sou o Andr\u00e9 Lacerda, tenho 35 anos e sou apaixonado por tecnologia, intelig\u00eancia artificial e boas hist\u00f3rias. Me formei em Tecnologia e Jornalismo \u2014 sim, uma mistura meio improv\u00e1vel, mas que combina muito comigo. J\u00e1 morei no Canad\u00e1 e na Espanha, e essas experi\u00eancias me ajudaram a enxergar a inova\u00e7\u00e3o com um olhar mais global (e a me virar bem em tr\u00eas idiomas \ud83d\ude04). Trabalhei em algumas das maiores empresas de tecnologia do mercado e, hoje, atuo como consultor ajudando neg\u00f3cios a entenderem e aplicarem IA de forma pr\u00e1tica, estrat\u00e9gica e humana. Gosto de traduzir o complexo em algo simples \u2014 e \u00e9 isso que voc\u00ea vai encontrar por aqui.\",\"sameAs\":[\"http:\/\/lacerdaai.com\/br\"],\"url\":\"https:\/\/lacerdaai.com\/br\/author\/red-admin\/\"}]}<\/script>\n<!-- \/ Yoast SEO plugin. -->","yoast_head_json":{"title":"A Revolu\u00e7\u00e3o da IA e a Urg\u00eancia de uma Nova Pol\u00edtica Progressista - Lacerda AI","description":"Explore como a intelig\u00eancia artificial desafia as teorias progressistas sobre trabalho e natureza humana. Entenda a necessidade de uma agenda robusta de pol\u00edticas de IA para um futuro mais justo e equitativo.","robots":{"index":"index","follow":"follow","max-snippet":"max-snippet:-1","max-image-preview":"max-image-preview:large","max-video-preview":"max-video-preview:-1"},"canonical":"https:\/\/lacerdaai.com\/br\/a-revolucao-da-ia-e-a-urgencia-de-uma-nova-politica-progressista\/","og_locale":"pt_BR","og_type":"article","og_title":"A Revolu\u00e7\u00e3o da IA e a Urg\u00eancia de uma Nova Pol\u00edtica Progressista - Lacerda AI","og_description":"Explore como a intelig\u00eancia artificial desafia as teorias progressistas sobre trabalho e natureza humana. Entenda a necessidade de uma agenda robusta de pol\u00edticas de IA para um futuro mais justo e equitativo.","og_url":"https:\/\/lacerdaai.com\/br\/a-revolucao-da-ia-e-a-urgencia-de-uma-nova-politica-progressista\/","og_site_name":"Lacerda AI","article_published_time":"2026-02-11T15:38:22+00:00","article_modified_time":"2026-02-11T15:38:23+00:00","author":"Andr\u00e9 Lacerda","twitter_card":"summary_large_image","twitter_misc":{"Escrito por":"Andr\u00e9 Lacerda","Est. tempo de leitura":"12 minutos"},"schema":{"@context":"https:\/\/schema.org","@graph":[{"@type":"WebPage","@id":"https:\/\/lacerdaai.com\/br\/a-revolucao-da-ia-e-a-urgencia-de-uma-nova-politica-progressista\/","url":"https:\/\/lacerdaai.com\/br\/a-revolucao-da-ia-e-a-urgencia-de-uma-nova-politica-progressista\/","name":"A Revolu\u00e7\u00e3o da IA e a Urg\u00eancia de uma Nova Pol\u00edtica Progressista - Lacerda AI","isPartOf":{"@id":"https:\/\/lacerdaai.com\/br\/#website"},"primaryImageOfPage":{"@id":"https:\/\/lacerdaai.com\/br\/a-revolucao-da-ia-e-a-urgencia-de-uma-nova-politica-progressista\/#primaryimage"},"image":{"@id":"https:\/\/lacerdaai.com\/br\/a-revolucao-da-ia-e-a-urgencia-de-uma-nova-politica-progressista\/#primaryimage"},"thumbnailUrl":"https:\/\/lacerdaai.com\/br\/wp-content\/uploads\/2026\/02\/imagem-44.jpg","datePublished":"2026-02-11T15:38:22+00:00","dateModified":"2026-02-11T15:38:23+00:00","author":{"@id":"https:\/\/lacerdaai.com\/br\/#\/schema\/person\/8bad803c2e83a0c5c5c75e02a1c2248f"},"description":"Explore como a intelig\u00eancia artificial desafia as teorias progressistas sobre trabalho e natureza humana. Entenda a necessidade de uma agenda robusta de pol\u00edticas de IA para um futuro mais justo e equitativo.","breadcrumb":{"@id":"https:\/\/lacerdaai.com\/br\/a-revolucao-da-ia-e-a-urgencia-de-uma-nova-politica-progressista\/#breadcrumb"},"inLanguage":"pt-BR","potentialAction":[{"@type":"ReadAction","target":["https:\/\/lacerdaai.com\/br\/a-revolucao-da-ia-e-a-urgencia-de-uma-nova-politica-progressista\/"]}]},{"@type":"ImageObject","inLanguage":"pt-BR","@id":"https:\/\/lacerdaai.com\/br\/a-revolucao-da-ia-e-a-urgencia-de-uma-nova-politica-progressista\/#primaryimage","url":"https:\/\/lacerdaai.com\/br\/wp-content\/uploads\/2026\/02\/imagem-44.jpg","contentUrl":"https:\/\/lacerdaai.com\/br\/wp-content\/uploads\/2026\/02\/imagem-44.jpg","width":1600,"height":900},{"@type":"BreadcrumbList","@id":"https:\/\/lacerdaai.com\/br\/a-revolucao-da-ia-e-a-urgencia-de-uma-nova-politica-progressista\/#breadcrumb","itemListElement":[{"@type":"ListItem","position":1,"name":"In\u00edcio","item":"https:\/\/lacerdaai.com\/br\/"},{"@type":"ListItem","position":2,"name":"A Revolu\u00e7\u00e3o da IA e a Urg\u00eancia de uma Nova Pol\u00edtica Progressista"}]},{"@type":"WebSite","@id":"https:\/\/lacerdaai.com\/br\/#website","url":"https:\/\/lacerdaai.com\/br\/","name":"Lacerda AI","description":"Seu blog di\u00e1rio de novidades do mundo da Inteligencia Artificial","potentialAction":[{"@type":"SearchAction","target":{"@type":"EntryPoint","urlTemplate":"https:\/\/lacerdaai.com\/br\/?s={search_term_string}"},"query-input":{"@type":"PropertyValueSpecification","valueRequired":true,"valueName":"search_term_string"}}],"inLanguage":"pt-BR"},{"@type":"Person","@id":"https:\/\/lacerdaai.com\/br\/#\/schema\/person\/8bad803c2e83a0c5c5c75e02a1c2248f","name":"Andr\u00e9 Lacerda","image":{"@type":"ImageObject","inLanguage":"pt-BR","@id":"https:\/\/lacerdaai.com\/br\/#\/schema\/person\/image\/","url":"https:\/\/secure.gravatar.com\/avatar\/f5c1fa5ad9763f54c1f223c3fc91f131da6288c9f9e28d74bb3c355ad99af205?s=96&d=mm&r=g","contentUrl":"https:\/\/secure.gravatar.com\/avatar\/f5c1fa5ad9763f54c1f223c3fc91f131da6288c9f9e28d74bb3c355ad99af205?s=96&d=mm&r=g","caption":"Andr\u00e9 Lacerda"},"description":"Sou o Andr\u00e9 Lacerda, tenho 35 anos e sou apaixonado por tecnologia, intelig\u00eancia artificial e boas hist\u00f3rias. Me formei em Tecnologia e Jornalismo \u2014 sim, uma mistura meio improv\u00e1vel, mas que combina muito comigo. J\u00e1 morei no Canad\u00e1 e na Espanha, e essas experi\u00eancias me ajudaram a enxergar a inova\u00e7\u00e3o com um olhar mais global (e a me virar bem em tr\u00eas idiomas \ud83d\ude04). Trabalhei em algumas das maiores empresas de tecnologia do mercado e, hoje, atuo como consultor ajudando neg\u00f3cios a entenderem e aplicarem IA de forma pr\u00e1tica, estrat\u00e9gica e humana. Gosto de traduzir o complexo em algo simples \u2014 e \u00e9 isso que voc\u00ea vai encontrar por aqui.","sameAs":["http:\/\/lacerdaai.com\/br"],"url":"https:\/\/lacerdaai.com\/br\/author\/red-admin\/"}]}},"_links":{"self":[{"href":"https:\/\/lacerdaai.com\/br\/wp-json\/wp\/v2\/posts\/3596","targetHints":{"allow":["GET"]}}],"collection":[{"href":"https:\/\/lacerdaai.com\/br\/wp-json\/wp\/v2\/posts"}],"about":[{"href":"https:\/\/lacerdaai.com\/br\/wp-json\/wp\/v2\/types\/post"}],"author":[{"embeddable":true,"href":"https:\/\/lacerdaai.com\/br\/wp-json\/wp\/v2\/users\/1"}],"replies":[{"embeddable":true,"href":"https:\/\/lacerdaai.com\/br\/wp-json\/wp\/v2\/comments?post=3596"}],"version-history":[{"count":1,"href":"https:\/\/lacerdaai.com\/br\/wp-json\/wp\/v2\/posts\/3596\/revisions"}],"predecessor-version":[{"id":3597,"href":"https:\/\/lacerdaai.com\/br\/wp-json\/wp\/v2\/posts\/3596\/revisions\/3597"}],"wp:featuredmedia":[{"embeddable":true,"href":"https:\/\/lacerdaai.com\/br\/wp-json\/wp\/v2\/media\/3595"}],"wp:attachment":[{"href":"https:\/\/lacerdaai.com\/br\/wp-json\/wp\/v2\/media?parent=3596"}],"wp:term":[{"taxonomy":"category","embeddable":true,"href":"https:\/\/lacerdaai.com\/br\/wp-json\/wp\/v2\/categories?post=3596"},{"taxonomy":"post_tag","embeddable":true,"href":"https:\/\/lacerdaai.com\/br\/wp-json\/wp\/v2\/tags?post=3596"}],"curies":[{"name":"wp","href":"https:\/\/api.w.org\/{rel}","templated":true}]}}