{"id":3614,"date":"2026-02-12T20:37:41","date_gmt":"2026-02-12T23:37:41","guid":{"rendered":"https:\/\/lacerdaai.com\/br\/a-visao-de-mustafa-suleyman-autossuficiencia-da-ia-e-o-futuro-do-trabalho\/"},"modified":"2026-02-12T20:37:43","modified_gmt":"2026-02-12T23:37:43","slug":"a-visao-de-mustafa-suleyman-autossuficiencia-da-ia-e-o-futuro-do-trabalho","status":"publish","type":"post","link":"https:\/\/lacerdaai.com\/br\/a-visao-de-mustafa-suleyman-autossuficiencia-da-ia-e-o-futuro-do-trabalho\/","title":{"rendered":"A Vis\u00e3o de Mustafa Suleyman: Autossufici\u00eancia da IA e o Futuro do Trabalho"},"content":{"rendered":"<p>No vibrante universo da intelig\u00eancia artificial, poucas vozes ressoam com a mesma autoridade e ousadia que a de Mustafa Suleyman. Co-fundador da DeepMind, um dos pilares da revolu\u00e7\u00e3o da IA, e agora \u00e0 frente da divis\u00e3o de IA da Microsoft, Suleyman n\u00e3o \u00e9 apenas um observador; ele \u00e9 um arquiteto ativo do futuro. Sua vis\u00e3o para a <strong>autossufici\u00eancia da IA<\/strong>, combinada com uma previs\u00e3o chocante sobre a automa\u00e7\u00e3o de empregos de colarinho branco, est\u00e1 redefinindo as conversas sobre o impacto social e econ\u00f4mico dessa tecnologia. Mas o que exatamente significa essa \u201cautossufici\u00eancia\u201d, e estamos realmente \u00e0 beira de uma transforma\u00e7\u00e3o t\u00e3o radical? Prepare-se para mergulhar em um cen\u00e1rio onde a linha entre o que \u00e9 humano e o que \u00e9 m\u00e1quina se torna cada vez mais t\u00eanue, e onde a pr\u00f3pria natureza do trabalho est\u00e1 prestes a ser reescrita. Este artigo explora as profundas implica\u00e7\u00f5es dessa vis\u00e3o, o papel estrat\u00e9gico da Microsoft e o que tudo isso representa para o Brasil e o mundo.<\/p>\n<p>### A <strong>autossufici\u00eancia da IA<\/strong>: A Nova Fronteira da Automa\u00e7\u00e3o<\/p>\n<p>Quando Mustafa Suleyman fala em <strong>autossufici\u00eancia da IA<\/strong>, ele n\u00e3o est\u00e1 se referindo apenas a chatbots mais espertos ou algoritmos de recomenda\u00e7\u00e3o mais eficazes. Ele aponta para um futuro onde os sistemas de intelig\u00eancia artificial ser\u00e3o capazes de realizar tarefas complexas de ponta a ponta, com m\u00ednima ou nenhuma interven\u00e7\u00e3o humana. Imagine uma IA que n\u00e3o s\u00f3 escreve um relat\u00f3rio financeiro, mas tamb\u00e9m coleta os dados, analisa as tend\u00eancias, cria proje\u00e7\u00f5es e at\u00e9 mesmo comunica os resultados de forma aut\u00f4noma. N\u00e3o \u00e9 apenas a automa\u00e7\u00e3o de tarefas repetitivas, mas sim a automa\u00e7\u00e3o de *processos inteiros* que exigem racioc\u00ednio, planejamento e execu\u00e7\u00e3o estrat\u00e9gica.<\/p>\n<p>Suleyman detalha essa vis\u00e3o em seu livro provocador, \u201cThe Coming Wave\u201d (A Onda Que Vem), onde ele argumenta que a IA, junto com a biotecnologia, inaugurar\u00e1 uma era de prosperidade sem precedentes, mas tamb\u00e9m de desafios existenciais. A \u201cautossufici\u00eancia\u201d \u00e9 a capacidade de um sistema de IA de definir seus pr\u00f3prios objetivos, aprender com o ambiente, adaptar-se a novas situa\u00e7\u00f5es e executar a\u00e7\u00f5es para alcan\u00e7ar esses objetivos, tudo isso sem a necessidade constante de supervis\u00e3o humana. Isso n\u00e3o \u00e9 fic\u00e7\u00e3o cient\u00edfica distante; \u00e9 a dire\u00e7\u00e3o para onde os avan\u00e7os em modelos de linguagem grandes (LLMs), agentes aut\u00f4nomos e IA generativa est\u00e3o nos levando. J\u00e1 vemos prot\u00f3tipos em assistentes de codifica\u00e7\u00e3o que n\u00e3o s\u00f3 sugerem c\u00f3digo, mas podem planejar e executar a constru\u00e7\u00e3o de softwares complexos, ou IAs que gerenciam campanhas de marketing digitais completas, do conte\u00fado \u00e0 segmenta\u00e7\u00e3o e otimiza\u00e7\u00e3o.<\/p>\n<p>Para ele, a grande revolu\u00e7\u00e3o n\u00e3o est\u00e1 na capacidade da IA de imitar a intelig\u00eancia humana, mas de *estend\u00ea-la* e, eventualmente, *operar de forma independente*. Essa autonomia tem o potencial de liberar a produtividade de maneiras que mal podemos conceber, mas tamb\u00e9m levanta quest\u00f5es cruciais sobre controle, \u00e9tica e a pr\u00f3pria defini\u00e7\u00e3o de trabalho. Ser\u00e1 que estamos preparados para um mundo onde as m\u00e1quinas n\u00e3o apenas nos auxiliam, mas tamb\u00e9m assumem as r\u00e9deas de grandes parcelas de nossa economia e sociedade?<\/p>\n<p>### O Impacto Disruptivo: De Escrit\u00f3rios a Novas Economias<\/p>\n<p>A previs\u00e3o mais impactante de Suleyman, de que o trabalho de colarinho branco pode ser automatizado em at\u00e9 18 meses, \u00e9 um chamado \u00e0 aten\u00e7\u00e3o ensurdecedor. Para muitos, isso pode parecer exagerado ou alarmista, mas \u00e9 crucial entender o contexto. Ele n\u00e3o sugere que *todos* os empregos desaparecer\u00e3o, mas que a capacidade da IA de assumir uma parcela significativa das tarefas realizadas por profissionais em setores como finan\u00e7as, direito, consultoria, marketing e at\u00e9 desenvolvimento de software, est\u00e1 chegando muito mais r\u00e1pido do que imaginamos.<\/p>\n<p>Pense nos advogados, consultores financeiros, analistas de dados, redatores e designers. Muitos de seus trabalhos envolvem pesquisa de grandes volumes de informa\u00e7\u00f5es, an\u00e1lise de padr\u00f5es, gera\u00e7\u00e3o de documentos, cria\u00e7\u00e3o de conte\u00fado e tomada de decis\u00f5es baseadas em dados. S\u00e3o exatamente essas as \u00e1reas onde os LLMs e agentes de IA est\u00e3o demonstrando capacidades cada vez mais impressionantes. Em vez de substituir um profissional por completo, a IA pode automatizar 80% de suas tarefas, deixando os 20% restantes para serem focados em criatividade, estrat\u00e9gia e intera\u00e7\u00e3o humana \u2013 as habilidades que s\u00e3o intrinsecamente mais dif\u00edceis de automatizar.<\/p>\n<p>Essa disrup\u00e7\u00e3o n\u00e3o \u00e9 apenas um desafio, mas tamb\u00e9m uma oportunidade. Historicamente, a automa\u00e7\u00e3o tem levado \u00e0 cria\u00e7\u00e3o de novas ind\u00fastrias e empregos. A revolu\u00e7\u00e3o industrial n\u00e3o eliminou o trabalho, mas o transformou, realocando a for\u00e7a de trabalho para novos setores e, em muitos casos, melhorando a qualidade de vida. No entanto, a velocidade da transforma\u00e7\u00e3o impulsionada pela IA \u00e9 sem precedentes. Precisamos investir massivamente em requalifica\u00e7\u00e3o profissional e educa\u00e7\u00e3o continuada para que as pessoas possam se adaptar a esses novos pap\u00e9is. Conceitos como a Renda B\u00e1sica Universal (RBU) voltam \u00e0 tona como poss\u00edveis redes de seguran\u00e7a para aqueles que forem mais impactados.<\/p>\n<p>Para o Brasil, um pa\u00eds com grandes desigualdades e um mercado de trabalho complexo, a onda da IA apresenta desafios e oportunidades \u00fanicos. Podemos ser um polo de inova\u00e7\u00e3o, desenvolvendo solu\u00e7\u00f5es de IA adaptadas \u00e0s nossas realidades, ou podemos ver nossa for\u00e7a de trabalho mais vulner\u00e1vel a essa automa\u00e7\u00e3o se n\u00e3o houver planejamento e investimento estrat\u00e9gicos. \u00c9 fundamental que governos, empresas e institui\u00e7\u00f5es de ensino trabalhem juntos para preparar a pr\u00f3xima gera\u00e7\u00e3o para um futuro onde a colabora\u00e7\u00e3o entre humanos e m\u00e1quinas ser\u00e1 a norma.<\/p>\n<p>### A Dan\u00e7a Estrat\u00e9gica: Microsoft, OpenAI e o Futuro da IA<\/p>\n<p>A vis\u00e3o de Suleyman ganha ainda mais peso considerando sua posi\u00e7\u00e3o na Microsoft, uma das gigantes que mais investe em IA globalmente. A rela\u00e7\u00e3o da Microsoft com a OpenAI, criadora do ChatGPT, tem sido um dos pilares de sua estrat\u00e9gia de IA, com investimentos bilion\u00e1rios e uma integra\u00e7\u00e3o profunda de suas tecnologias nos produtos Microsoft, como o Copilot. No entanto, a fala de Suleyman sobre \u201cautossufici\u00eancia\u201d surge em um momento em que a Microsoft parece estar diversificando suas apostas em IA.<\/p>\n<p>Embora a parceria com a OpenAI continue forte e estrat\u00e9gica, a Microsoft est\u00e1 investindo pesadamente em suas pr\u00f3prias capacidades de IA, incluindo a forma\u00e7\u00e3o de equipes como a liderada por Suleyman, vinda da Inflection AI. Essa movimenta\u00e7\u00e3o sugere um esfor\u00e7o para n\u00e3o depender exclusivamente de uma \u00fanica fonte para suas inova\u00e7\u00f5es em IA. A Microsoft est\u00e1 buscando construir um ecossistema de IA mais robusto e multifacetado, com modelos internos, parcerias diversas e uma busca por autonomia tecnol\u00f3gica que se alinha perfeitamente com a vis\u00e3o de Suleyman.<\/p>\n<p>Essa diversifica\u00e7\u00e3o \u00e9 um movimento inteligente em um mercado t\u00e3o din\u00e2mico e competitivo. Permite \u00e0 Microsoft explorar diferentes abordagens para a IA, construir modelos especializados e garantir que ela tenha o controle sobre a pesquisa e o desenvolvimento essenciais para sua estrat\u00e9gia de longo prazo. O objetivo n\u00e3o \u00e9 substituir a OpenAI, mas complementar e fortalecer a posi\u00e7\u00e3o da Microsoft como l\u00edder em IA, oferecendo uma gama ainda maior de ferramentas e servi\u00e7os para seus clientes. Isso tamb\u00e9m se reflete na estrat\u00e9gia de nuvem Azure, que oferece uma plataforma robusta para o desenvolvimento e implanta\u00e7\u00e3o de IA, seja ela da OpenAI, modelos pr\u00f3prios da Microsoft ou de terceiros.<\/p>\n<p>Em suma, a Microsoft est\u00e1 se preparando para um futuro onde a IA ser\u00e1 o cora\u00e7\u00e3o de tudo \u2013 de sistemas operacionais a aplica\u00e7\u00f5es empresariais. A lideran\u00e7a de Suleyman, com sua vis\u00e3o de autossufici\u00eancia e o foco em agentes de IA, sinaliza uma nova fase de inova\u00e7\u00e3o onde a automa\u00e7\u00e3o profunda e inteligente estar\u00e1 no centro da estrat\u00e9gia. \u00c9 uma corrida armamentista tecnol\u00f3gica, mas tamb\u00e9m uma busca por moldar o futuro de forma respons\u00e1vel, buscando equilibrar o imenso potencial da IA com os desafios \u00e9ticos e sociais que ela inevitavelmente trar\u00e1.<\/p>\n<p>A revolu\u00e7\u00e3o da intelig\u00eancia artificial est\u00e1 apenas come\u00e7ando, e as previs\u00f5es de figuras como Mustafa Suleyman nos obrigam a refletir sobre o mundo que estamos construindo. A <strong>autossufici\u00eancia da IA<\/strong> e a automa\u00e7\u00e3o do trabalho de colarinho branco n\u00e3o s\u00e3o apenas cen\u00e1rios futuristas; s\u00e3o possibilidades iminentes que exigem nossa aten\u00e7\u00e3o e a\u00e7\u00e3o. Precisamos nos preparar, como indiv\u00edduos e como sociedade, para uma era de profundas transforma\u00e7\u00f5es, onde a adaptabilidade e a aprendizagem cont\u00ednua ser\u00e3o as moedas mais valiosas.<\/p>\n<p>O futuro n\u00e3o \u00e9 algo que simplesmente acontece; ele \u00e9 constru\u00eddo por nossas escolhas e inova\u00e7\u00f5es. Como iremos moldar essa onda que vem, garantindo que a IA sirva \u00e0 humanidade, em vez de subjug\u00e1-la, ser\u00e1 o maior desafio de nossa gera\u00e7\u00e3o. Que tipo de sociedade queremos criar nesse cen\u00e1rio de IA autossuficiente? A resposta est\u00e1 em nossas m\u00e3os, e o tempo para agir \u00e9 agora.<\/p>\n","protected":false},"excerpt":{"rendered":"<p>No vibrante universo da intelig\u00eancia artificial, poucas vozes ressoam com a mesma autoridade e ousadia que a de Mustafa Suleyman. Co-fundador da DeepMind, um dos pilares da revolu\u00e7\u00e3o da IA, e agora \u00e0 frente da divis\u00e3o de IA da Microsoft, Suleyman n\u00e3o \u00e9 apenas um observador; ele \u00e9 um arquiteto ativo do futuro. Sua vis\u00e3o [&hellip;]<\/p>\n","protected":false},"author":1,"featured_media":3613,"comment_status":"open","ping_status":"open","sticky":false,"template":"","format":"standard","meta":{"_yoast_wpseo_focuskw":"autossufici\u00eancia da IA","_yoast_wpseo_metadesc":"Explore a ousada previs\u00e3o de Mustafa Suleyman sobre a autossufici\u00eancia da IA, a automa\u00e7\u00e3o de empregos de colarinho branco em 18 meses e as implica\u00e7\u00f5es da nova era da intelig\u00eancia artificial para o Brasil e o mundo. Descubra como a Microsoft se posiciona nesse cen\u00e1rio.","footnotes":""},"categories":[2],"tags":[],"class_list":["post-3614","post","type-post","status-publish","format-standard","has-post-thumbnail","hentry","category-novidades"],"yoast_head":"<!-- This site is optimized with the Yoast SEO plugin v25.6 - https:\/\/yoast.com\/wordpress\/plugins\/seo\/ -->\n<title>A Vis\u00e3o de Mustafa Suleyman: Autossufici\u00eancia da IA e o Futuro do Trabalho - Lacerda AI<\/title>\n<meta name=\"description\" content=\"Explore a ousada previs\u00e3o de Mustafa Suleyman sobre a autossufici\u00eancia da IA, a automa\u00e7\u00e3o de empregos de colarinho branco em 18 meses e as implica\u00e7\u00f5es da nova era da intelig\u00eancia artificial para o Brasil e o mundo. Descubra como a Microsoft se posiciona nesse cen\u00e1rio.\" \/>\n<meta name=\"robots\" content=\"index, follow, max-snippet:-1, max-image-preview:large, max-video-preview:-1\" \/>\n<link rel=\"canonical\" href=\"https:\/\/lacerdaai.com\/br\/a-visao-de-mustafa-suleyman-autossuficiencia-da-ia-e-o-futuro-do-trabalho\/\" \/>\n<meta property=\"og:locale\" content=\"pt_BR\" \/>\n<meta property=\"og:type\" content=\"article\" \/>\n<meta property=\"og:title\" content=\"A Vis\u00e3o de Mustafa Suleyman: Autossufici\u00eancia da IA e o Futuro do Trabalho - Lacerda AI\" \/>\n<meta property=\"og:description\" content=\"Explore a ousada previs\u00e3o de Mustafa Suleyman sobre a autossufici\u00eancia da IA, a automa\u00e7\u00e3o de empregos de colarinho branco em 18 meses e as implica\u00e7\u00f5es da nova era da intelig\u00eancia artificial para o Brasil e o mundo. Descubra como a Microsoft se posiciona nesse cen\u00e1rio.\" \/>\n<meta property=\"og:url\" content=\"https:\/\/lacerdaai.com\/br\/a-visao-de-mustafa-suleyman-autossuficiencia-da-ia-e-o-futuro-do-trabalho\/\" \/>\n<meta property=\"og:site_name\" content=\"Lacerda AI\" \/>\n<meta property=\"article:published_time\" content=\"2026-02-12T23:37:41+00:00\" \/>\n<meta property=\"article:modified_time\" content=\"2026-02-12T23:37:43+00:00\" \/>\n<meta name=\"author\" content=\"Andr\u00e9 Lacerda\" \/>\n<meta name=\"twitter:card\" content=\"summary_large_image\" \/>\n<meta name=\"twitter:label1\" content=\"Escrito por\" \/>\n\t<meta name=\"twitter:data1\" content=\"Andr\u00e9 Lacerda\" \/>\n\t<meta name=\"twitter:label2\" content=\"Est. tempo de leitura\" \/>\n\t<meta name=\"twitter:data2\" content=\"8 minutos\" \/>\n<script type=\"application\/ld+json\" class=\"yoast-schema-graph\">{\"@context\":\"https:\/\/schema.org\",\"@graph\":[{\"@type\":\"WebPage\",\"@id\":\"https:\/\/lacerdaai.com\/br\/a-visao-de-mustafa-suleyman-autossuficiencia-da-ia-e-o-futuro-do-trabalho\/\",\"url\":\"https:\/\/lacerdaai.com\/br\/a-visao-de-mustafa-suleyman-autossuficiencia-da-ia-e-o-futuro-do-trabalho\/\",\"name\":\"A Vis\u00e3o de Mustafa Suleyman: Autossufici\u00eancia da IA e o Futuro do Trabalho - Lacerda AI\",\"isPartOf\":{\"@id\":\"https:\/\/lacerdaai.com\/br\/#website\"},\"primaryImageOfPage\":{\"@id\":\"https:\/\/lacerdaai.com\/br\/a-visao-de-mustafa-suleyman-autossuficiencia-da-ia-e-o-futuro-do-trabalho\/#primaryimage\"},\"image\":{\"@id\":\"https:\/\/lacerdaai.com\/br\/a-visao-de-mustafa-suleyman-autossuficiencia-da-ia-e-o-futuro-do-trabalho\/#primaryimage\"},\"thumbnailUrl\":\"https:\/\/lacerdaai.com\/br\/wp-content\/uploads\/2026\/02\/imagem-50.jpg\",\"datePublished\":\"2026-02-12T23:37:41+00:00\",\"dateModified\":\"2026-02-12T23:37:43+00:00\",\"author\":{\"@id\":\"https:\/\/lacerdaai.com\/br\/#\/schema\/person\/8bad803c2e83a0c5c5c75e02a1c2248f\"},\"description\":\"Explore a ousada previs\u00e3o de Mustafa Suleyman sobre a autossufici\u00eancia da IA, a automa\u00e7\u00e3o de empregos de colarinho branco em 18 meses e as implica\u00e7\u00f5es da nova era da intelig\u00eancia artificial para o Brasil e o mundo. Descubra como a Microsoft se posiciona nesse cen\u00e1rio.\",\"breadcrumb\":{\"@id\":\"https:\/\/lacerdaai.com\/br\/a-visao-de-mustafa-suleyman-autossuficiencia-da-ia-e-o-futuro-do-trabalho\/#breadcrumb\"},\"inLanguage\":\"pt-BR\",\"potentialAction\":[{\"@type\":\"ReadAction\",\"target\":[\"https:\/\/lacerdaai.com\/br\/a-visao-de-mustafa-suleyman-autossuficiencia-da-ia-e-o-futuro-do-trabalho\/\"]}]},{\"@type\":\"ImageObject\",\"inLanguage\":\"pt-BR\",\"@id\":\"https:\/\/lacerdaai.com\/br\/a-visao-de-mustafa-suleyman-autossuficiencia-da-ia-e-o-futuro-do-trabalho\/#primaryimage\",\"url\":\"https:\/\/lacerdaai.com\/br\/wp-content\/uploads\/2026\/02\/imagem-50.jpg\",\"contentUrl\":\"https:\/\/lacerdaai.com\/br\/wp-content\/uploads\/2026\/02\/imagem-50.jpg\",\"width\":1658,\"height\":933},{\"@type\":\"BreadcrumbList\",\"@id\":\"https:\/\/lacerdaai.com\/br\/a-visao-de-mustafa-suleyman-autossuficiencia-da-ia-e-o-futuro-do-trabalho\/#breadcrumb\",\"itemListElement\":[{\"@type\":\"ListItem\",\"position\":1,\"name\":\"In\u00edcio\",\"item\":\"https:\/\/lacerdaai.com\/br\/\"},{\"@type\":\"ListItem\",\"position\":2,\"name\":\"A Vis\u00e3o de Mustafa Suleyman: Autossufici\u00eancia da IA e o Futuro do Trabalho\"}]},{\"@type\":\"WebSite\",\"@id\":\"https:\/\/lacerdaai.com\/br\/#website\",\"url\":\"https:\/\/lacerdaai.com\/br\/\",\"name\":\"Lacerda AI\",\"description\":\"Seu blog di\u00e1rio de novidades do mundo da Inteligencia Artificial\",\"potentialAction\":[{\"@type\":\"SearchAction\",\"target\":{\"@type\":\"EntryPoint\",\"urlTemplate\":\"https:\/\/lacerdaai.com\/br\/?s={search_term_string}\"},\"query-input\":{\"@type\":\"PropertyValueSpecification\",\"valueRequired\":true,\"valueName\":\"search_term_string\"}}],\"inLanguage\":\"pt-BR\"},{\"@type\":\"Person\",\"@id\":\"https:\/\/lacerdaai.com\/br\/#\/schema\/person\/8bad803c2e83a0c5c5c75e02a1c2248f\",\"name\":\"Andr\u00e9 Lacerda\",\"image\":{\"@type\":\"ImageObject\",\"inLanguage\":\"pt-BR\",\"@id\":\"https:\/\/lacerdaai.com\/br\/#\/schema\/person\/image\/\",\"url\":\"https:\/\/secure.gravatar.com\/avatar\/f5c1fa5ad9763f54c1f223c3fc91f131da6288c9f9e28d74bb3c355ad99af205?s=96&d=mm&r=g\",\"contentUrl\":\"https:\/\/secure.gravatar.com\/avatar\/f5c1fa5ad9763f54c1f223c3fc91f131da6288c9f9e28d74bb3c355ad99af205?s=96&d=mm&r=g\",\"caption\":\"Andr\u00e9 Lacerda\"},\"description\":\"Sou o Andr\u00e9 Lacerda, tenho 35 anos e sou apaixonado por tecnologia, intelig\u00eancia artificial e boas hist\u00f3rias. Me formei em Tecnologia e Jornalismo \u2014 sim, uma mistura meio improv\u00e1vel, mas que combina muito comigo. J\u00e1 morei no Canad\u00e1 e na Espanha, e essas experi\u00eancias me ajudaram a enxergar a inova\u00e7\u00e3o com um olhar mais global (e a me virar bem em tr\u00eas idiomas \ud83d\ude04). Trabalhei em algumas das maiores empresas de tecnologia do mercado e, hoje, atuo como consultor ajudando neg\u00f3cios a entenderem e aplicarem IA de forma pr\u00e1tica, estrat\u00e9gica e humana. Gosto de traduzir o complexo em algo simples \u2014 e \u00e9 isso que voc\u00ea vai encontrar por aqui.\",\"sameAs\":[\"http:\/\/lacerdaai.com\/br\"],\"url\":\"https:\/\/lacerdaai.com\/br\/author\/red-admin\/\"}]}<\/script>\n<!-- \/ Yoast SEO plugin. -->","yoast_head_json":{"title":"A Vis\u00e3o de Mustafa Suleyman: Autossufici\u00eancia da IA e o Futuro do Trabalho - Lacerda AI","description":"Explore a ousada previs\u00e3o de Mustafa Suleyman sobre a autossufici\u00eancia da IA, a automa\u00e7\u00e3o de empregos de colarinho branco em 18 meses e as implica\u00e7\u00f5es da nova era da intelig\u00eancia artificial para o Brasil e o mundo. Descubra como a Microsoft se posiciona nesse cen\u00e1rio.","robots":{"index":"index","follow":"follow","max-snippet":"max-snippet:-1","max-image-preview":"max-image-preview:large","max-video-preview":"max-video-preview:-1"},"canonical":"https:\/\/lacerdaai.com\/br\/a-visao-de-mustafa-suleyman-autossuficiencia-da-ia-e-o-futuro-do-trabalho\/","og_locale":"pt_BR","og_type":"article","og_title":"A Vis\u00e3o de Mustafa Suleyman: Autossufici\u00eancia da IA e o Futuro do Trabalho - Lacerda AI","og_description":"Explore a ousada previs\u00e3o de Mustafa Suleyman sobre a autossufici\u00eancia da IA, a automa\u00e7\u00e3o de empregos de colarinho branco em 18 meses e as implica\u00e7\u00f5es da nova era da intelig\u00eancia artificial para o Brasil e o mundo. Descubra como a Microsoft se posiciona nesse cen\u00e1rio.","og_url":"https:\/\/lacerdaai.com\/br\/a-visao-de-mustafa-suleyman-autossuficiencia-da-ia-e-o-futuro-do-trabalho\/","og_site_name":"Lacerda AI","article_published_time":"2026-02-12T23:37:41+00:00","article_modified_time":"2026-02-12T23:37:43+00:00","author":"Andr\u00e9 Lacerda","twitter_card":"summary_large_image","twitter_misc":{"Escrito por":"Andr\u00e9 Lacerda","Est. tempo de leitura":"8 minutos"},"schema":{"@context":"https:\/\/schema.org","@graph":[{"@type":"WebPage","@id":"https:\/\/lacerdaai.com\/br\/a-visao-de-mustafa-suleyman-autossuficiencia-da-ia-e-o-futuro-do-trabalho\/","url":"https:\/\/lacerdaai.com\/br\/a-visao-de-mustafa-suleyman-autossuficiencia-da-ia-e-o-futuro-do-trabalho\/","name":"A Vis\u00e3o de Mustafa Suleyman: Autossufici\u00eancia da IA e o Futuro do Trabalho - Lacerda AI","isPartOf":{"@id":"https:\/\/lacerdaai.com\/br\/#website"},"primaryImageOfPage":{"@id":"https:\/\/lacerdaai.com\/br\/a-visao-de-mustafa-suleyman-autossuficiencia-da-ia-e-o-futuro-do-trabalho\/#primaryimage"},"image":{"@id":"https:\/\/lacerdaai.com\/br\/a-visao-de-mustafa-suleyman-autossuficiencia-da-ia-e-o-futuro-do-trabalho\/#primaryimage"},"thumbnailUrl":"https:\/\/lacerdaai.com\/br\/wp-content\/uploads\/2026\/02\/imagem-50.jpg","datePublished":"2026-02-12T23:37:41+00:00","dateModified":"2026-02-12T23:37:43+00:00","author":{"@id":"https:\/\/lacerdaai.com\/br\/#\/schema\/person\/8bad803c2e83a0c5c5c75e02a1c2248f"},"description":"Explore a ousada previs\u00e3o de Mustafa Suleyman sobre a autossufici\u00eancia da IA, a automa\u00e7\u00e3o de empregos de colarinho branco em 18 meses e as implica\u00e7\u00f5es da nova era da intelig\u00eancia artificial para o Brasil e o mundo. Descubra como a Microsoft se posiciona nesse cen\u00e1rio.","breadcrumb":{"@id":"https:\/\/lacerdaai.com\/br\/a-visao-de-mustafa-suleyman-autossuficiencia-da-ia-e-o-futuro-do-trabalho\/#breadcrumb"},"inLanguage":"pt-BR","potentialAction":[{"@type":"ReadAction","target":["https:\/\/lacerdaai.com\/br\/a-visao-de-mustafa-suleyman-autossuficiencia-da-ia-e-o-futuro-do-trabalho\/"]}]},{"@type":"ImageObject","inLanguage":"pt-BR","@id":"https:\/\/lacerdaai.com\/br\/a-visao-de-mustafa-suleyman-autossuficiencia-da-ia-e-o-futuro-do-trabalho\/#primaryimage","url":"https:\/\/lacerdaai.com\/br\/wp-content\/uploads\/2026\/02\/imagem-50.jpg","contentUrl":"https:\/\/lacerdaai.com\/br\/wp-content\/uploads\/2026\/02\/imagem-50.jpg","width":1658,"height":933},{"@type":"BreadcrumbList","@id":"https:\/\/lacerdaai.com\/br\/a-visao-de-mustafa-suleyman-autossuficiencia-da-ia-e-o-futuro-do-trabalho\/#breadcrumb","itemListElement":[{"@type":"ListItem","position":1,"name":"In\u00edcio","item":"https:\/\/lacerdaai.com\/br\/"},{"@type":"ListItem","position":2,"name":"A Vis\u00e3o de Mustafa Suleyman: Autossufici\u00eancia da IA e o Futuro do Trabalho"}]},{"@type":"WebSite","@id":"https:\/\/lacerdaai.com\/br\/#website","url":"https:\/\/lacerdaai.com\/br\/","name":"Lacerda AI","description":"Seu blog di\u00e1rio de novidades do mundo da Inteligencia Artificial","potentialAction":[{"@type":"SearchAction","target":{"@type":"EntryPoint","urlTemplate":"https:\/\/lacerdaai.com\/br\/?s={search_term_string}"},"query-input":{"@type":"PropertyValueSpecification","valueRequired":true,"valueName":"search_term_string"}}],"inLanguage":"pt-BR"},{"@type":"Person","@id":"https:\/\/lacerdaai.com\/br\/#\/schema\/person\/8bad803c2e83a0c5c5c75e02a1c2248f","name":"Andr\u00e9 Lacerda","image":{"@type":"ImageObject","inLanguage":"pt-BR","@id":"https:\/\/lacerdaai.com\/br\/#\/schema\/person\/image\/","url":"https:\/\/secure.gravatar.com\/avatar\/f5c1fa5ad9763f54c1f223c3fc91f131da6288c9f9e28d74bb3c355ad99af205?s=96&d=mm&r=g","contentUrl":"https:\/\/secure.gravatar.com\/avatar\/f5c1fa5ad9763f54c1f223c3fc91f131da6288c9f9e28d74bb3c355ad99af205?s=96&d=mm&r=g","caption":"Andr\u00e9 Lacerda"},"description":"Sou o Andr\u00e9 Lacerda, tenho 35 anos e sou apaixonado por tecnologia, intelig\u00eancia artificial e boas hist\u00f3rias. Me formei em Tecnologia e Jornalismo \u2014 sim, uma mistura meio improv\u00e1vel, mas que combina muito comigo. J\u00e1 morei no Canad\u00e1 e na Espanha, e essas experi\u00eancias me ajudaram a enxergar a inova\u00e7\u00e3o com um olhar mais global (e a me virar bem em tr\u00eas idiomas \ud83d\ude04). Trabalhei em algumas das maiores empresas de tecnologia do mercado e, hoje, atuo como consultor ajudando neg\u00f3cios a entenderem e aplicarem IA de forma pr\u00e1tica, estrat\u00e9gica e humana. Gosto de traduzir o complexo em algo simples \u2014 e \u00e9 isso que voc\u00ea vai encontrar por aqui.","sameAs":["http:\/\/lacerdaai.com\/br"],"url":"https:\/\/lacerdaai.com\/br\/author\/red-admin\/"}]}},"_links":{"self":[{"href":"https:\/\/lacerdaai.com\/br\/wp-json\/wp\/v2\/posts\/3614","targetHints":{"allow":["GET"]}}],"collection":[{"href":"https:\/\/lacerdaai.com\/br\/wp-json\/wp\/v2\/posts"}],"about":[{"href":"https:\/\/lacerdaai.com\/br\/wp-json\/wp\/v2\/types\/post"}],"author":[{"embeddable":true,"href":"https:\/\/lacerdaai.com\/br\/wp-json\/wp\/v2\/users\/1"}],"replies":[{"embeddable":true,"href":"https:\/\/lacerdaai.com\/br\/wp-json\/wp\/v2\/comments?post=3614"}],"version-history":[{"count":1,"href":"https:\/\/lacerdaai.com\/br\/wp-json\/wp\/v2\/posts\/3614\/revisions"}],"predecessor-version":[{"id":3615,"href":"https:\/\/lacerdaai.com\/br\/wp-json\/wp\/v2\/posts\/3614\/revisions\/3615"}],"wp:featuredmedia":[{"embeddable":true,"href":"https:\/\/lacerdaai.com\/br\/wp-json\/wp\/v2\/media\/3613"}],"wp:attachment":[{"href":"https:\/\/lacerdaai.com\/br\/wp-json\/wp\/v2\/media?parent=3614"}],"wp:term":[{"taxonomy":"category","embeddable":true,"href":"https:\/\/lacerdaai.com\/br\/wp-json\/wp\/v2\/categories?post=3614"},{"taxonomy":"post_tag","embeddable":true,"href":"https:\/\/lacerdaai.com\/br\/wp-json\/wp\/v2\/tags?post=3614"}],"curies":[{"name":"wp","href":"https:\/\/api.w.org\/{rel}","templated":true}]}}