{"id":3632,"date":"2026-02-14T12:38:19","date_gmt":"2026-02-14T15:38:19","guid":{"rendered":"https:\/\/lacerdaai.com\/br\/inteligencia-artificial-e-o-banho-de-realidade-licoes-da-pandemia-para-o-hype-da-ia\/"},"modified":"2026-02-14T12:38:21","modified_gmt":"2026-02-14T15:38:21","slug":"inteligencia-artificial-e-o-banho-de-realidade-licoes-da-pandemia-para-o-hype-da-ia","status":"publish","type":"post","link":"https:\/\/lacerdaai.com\/br\/inteligencia-artificial-e-o-banho-de-realidade-licoes-da-pandemia-para-o-hype-da-ia\/","title":{"rendered":"Intelig\u00eancia Artificial e o Banho de Realidade: Li\u00e7\u00f5es da Pandemia para o Hype da IA"},"content":{"rendered":"<p>Ol\u00e1, entusiastas de tecnologia e curiosos sobre o futuro! Sou um especialista em <strong>intelig\u00eancia artificial<\/strong>, redator e um apaixonado por desvendar os mist\u00e9rios e as realidades por tr\u00e1s do burburinho tecnol\u00f3gico. Nos \u00faltimos anos, especialmente com o avan\u00e7o estrondoso de modelos como o GPT-4 e outras IAs generativas, a conversa sobre o futuro da <strong>intelig\u00eancia artificial<\/strong> tem dominado manchetes e mesas de bar. De um lado, vislumbramos um futuro ut\u00f3pico de inova\u00e7\u00e3o e efici\u00eancia sem precedentes; do outro, o medo de um apocalipse rob\u00f3tico que varrer\u00e1 empregos e desestabilizar\u00e1 a economia global. Mas ser\u00e1 que estamos focando nas preocupa\u00e7\u00f5es certas? Ser\u00e1 que o medo de uma &#8220;crise econ\u00f4mica iminente&#8221; causada pela IA \u00e9 justificado, ou estamos nos deixando levar por um hype que, muitas vezes, mascara os desafios e oportunidades reais?<\/p>\n<p>Permitam-me propor uma lente diferente para analisar essa quest\u00e3o, uma que foi forjada no calor de uma experi\u00eancia coletiva recente: a pandemia de COVID-19. Se houve um evento que nos deu um verdadeiro &#8220;banho de realidade&#8221; sobre a capacidade de disrup\u00e7\u00e3o em larga escala \u2013 e, paradoxalmente, sobre a resili\u00eancia e adapta\u00e7\u00e3o humanas \u2013 foi a pandemia. Ela nos mostrou que o p\u00e2nico econ\u00f4mico real e o caos social podem vir de fontes inesperadas e impactar a vida de bilh\u00f5es de pessoas em um piscar de olhos. Em contraste, o impacto da <strong>intelig\u00eancia artificial<\/strong>, embora profundo e ineg\u00e1vel, tem se desenrolado de forma mais gradual e complexa, muitas vezes mais como uma ferramenta de transforma\u00e7\u00e3o do que como um meteoro em rota de colis\u00e3o.<\/p>\n<p>### <strong>Intelig\u00eancia Artificial<\/strong>: O Banho de Realidade da Pandemia<\/p>\n<p>Quando a COVID-19 atingiu o mundo, a disrup\u00e7\u00e3o foi imediata e tang\u00edvel. Empresas fecharam da noite para o dia, milh\u00f5es de empregos foram perdidos ou drasticamente alterados, cadeias de suprimentos globais entraram em colapso e a vida como a conhec\u00edamos foi virada de cabe\u00e7a para baixo. N\u00e3o era uma quest\u00e3o de &#8220;e se&#8221;, mas de &#8220;o que est\u00e1 acontecendo agora&#8221;. A resposta foi uma corrida fren\u00e9tica pela digitaliza\u00e7\u00e3o e, ironicamente, pela ado\u00e7\u00e3o acelerada de tecnologias que, at\u00e9 ent\u00e3o, eram vistas como futuras \u2013 incluindo a pr\u00f3pria <strong>intelig\u00eancia artificial<\/strong>.<\/p>\n<p>Durante a pandemia, a IA n\u00e3o foi a causa da crise, mas sim uma ferramenta vital na linha de frente. Vimos algoritmos de aprendizado de m\u00e1quina sendo utilizados para acelerar a descoberta e o desenvolvimento de vacinas, analisar dados gen\u00f4micos do v\u00edrus e at\u00e9 mesmo otimizar a log\u00edstica de distribui\u00e7\u00e3o de suprimentos m\u00e9dicos. Sistemas inteligentes foram empregados para monitorar a propaga\u00e7\u00e3o da doen\u00e7a, prever surtos e auxiliar na triagem de pacientes em hospitais sobrecarregados. O trabalho remoto, uma modalidade que muitos previam para um futuro distante, tornou-se a norma para milh\u00f5es, impulsionado por plataformas digitais que, em seu cerne, utilizam elementos de IA para melhorar a comunica\u00e7\u00e3o e a colabora\u00e7\u00e3o. Essa experi\u00eancia coletiva nos mostrou que, embora a <strong>intelig\u00eancia artificial<\/strong> possa trazer mudan\u00e7as significativas, a capacidade humana de se adaptar e de utilizar novas tecnologias para superar desafios \u00e9 incrivelmente poderosa. A pandemia foi um lembrete v\u00edvido de que a disrup\u00e7\u00e3o mais profunda e o impacto econ\u00f4mico mais imediato muitas vezes v\u00eam de choques externos inesperados, e n\u00e3o de uma tecnologia que, por sua natureza, se integra e se desenvolve ao longo do tempo.<\/p>\n<p>Ao inv\u00e9s de um cataclismo econ\u00f4mico repentino, o impacto da <strong>intelig\u00eancia artificial<\/strong> tem sido mais semelhante a uma mar\u00e9 crescente, elevando todos os barcos \u2013 mas exigindo que alguns sejam reequipados ou que novos barcos sejam constru\u00eddos. Essa perspectiva nos permite ver a IA n\u00e3o como uma amea\u00e7a existencial imediata \u00e0 nossa subsist\u00eancia, mas como um catalisador para uma reestrutura\u00e7\u00e3o do trabalho e da economia. Uma reestrutura\u00e7\u00e3o que j\u00e1 est\u00e1 em andamento e que exige proatividade, e n\u00e3o apenas p\u00e2nico.<\/p>\n<p>### Desmistificando o Apocalipse Econ\u00f4mico da IA<\/p>\n<p>A ideia de que a tecnologia causar\u00e1 uma aniquila\u00e7\u00e3o generalizada de empregos n\u00e3o \u00e9 nova. Desde a Revolu\u00e7\u00e3o Industrial, com os luditas quebrando m\u00e1quinas na Inglaterra do s\u00e9culo XIX, at\u00e9 as preocupa\u00e7\u00f5es com a automa\u00e7\u00e3o nas f\u00e1bricas no s\u00e9culo XX, cada onda tecnol\u00f3gica trouxe consigo o temor do desemprego em massa. Historicamente, no entanto, essas previs\u00f5es catastr\u00f3ficas raramente se concretizaram da forma como eram temidas. Em vez disso, a tecnologia tende a automatizar tarefas repetitivas e mon\u00f3tonas, liberando os seres humanos para se concentrarem em atividades que exigem criatividade, pensamento cr\u00edtico, intelig\u00eancia emocional e resolu\u00e7\u00e3o de problemas complexos \u2013 habilidades que a <strong>intelig\u00eancia artificial<\/strong> ainda est\u00e1 longe de replicar plenamente.<\/p>\n<p>O debate sobre o futuro do trabalho na era da IA n\u00e3o deve ser sobre substitui\u00e7\u00e3o total, mas sobre **aumento**. A <strong>intelig\u00eancia artificial<\/strong> se posiciona como um co-piloto, uma ferramenta que amplia as capacidades humanas, tornando-nos mais eficientes e produtivos. Um designer pode usar IA generativa para explorar centenas de ideias em minutos; um m\u00e9dico pode empregar sistemas de IA para analisar exames e sugerir diagn\u00f3sticos com maior precis\u00e3o; um agricultor pode otimizar o uso de recursos com sensores e an\u00e1lises preditivas baseadas em IA. Novas profiss\u00f5es j\u00e1 est\u00e3o surgindo \u2013 pense em &#8220;engenheiros de prompt&#8221; que sabem como interagir com IAs para obter os melhores resultados, ou &#8220;\u00e9ticos de IA&#8221; que garantem que os algoritmos sejam justos e imparciais. Segundo o F\u00f3rum Econ\u00f4mico Mundial, enquanto a automa\u00e7\u00e3o pode deslocar alguns empregos, ela tamb\u00e9m criar\u00e1 significativamente mais novas oportunidades em setores emergentes e fun\u00e7\u00f5es que nem sequer imaginamos hoje. A chave para a for\u00e7a de trabalho \u00e9 a adaptabilidade: a necessidade de requalifica\u00e7\u00e3o (reskilling) e aprimoramento (upskilling) constante para acompanhar a evolu\u00e7\u00e3o tecnol\u00f3gica.<\/p>\n<p>Economicamente, o potencial da IA para impulsionar a produtividade \u00e9 imenso. Ao automatizar processos, otimizar recursos e gerar insights a partir de grandes volumes de dados, as empresas podem inovar mais rapidamente, reduzir custos e oferecer produtos e servi\u00e7os a pre\u00e7os mais competitivos. Isso pode levar a um crescimento econ\u00f4mico robusto, criando novas ind\u00fastrias e aumentando o padr\u00e3o de vida. \u00c9 claro que haver\u00e1 per\u00edodos de transi\u00e7\u00e3o e desafios para setores espec\u00edficos, mas a hist\u00f3ria nos ensina que a inova\u00e7\u00e3o tecnol\u00f3gica \u00e9, em \u00faltima an\u00e1lise, uma for\u00e7a de progresso econ\u00f4mico, e n\u00e3o de colapso. O papel dos governos e das institui\u00e7\u00f5es de ensino ser\u00e1 crucial para mitigar os impactos negativos, investindo em programas de educa\u00e7\u00e3o e treinamento para garantir que a for\u00e7a de trabalho esteja preparada para o futuro.<\/p>\n<p>### Os Verdadeiros Desafios e Oportunidades da Era da IA<\/p>\n<p>Compreender que a IA n\u00e3o \u00e9 a causa de um apocalipse econ\u00f4mico iminente nos permite focar nos desafios *reais* e nas oportunidades *genu\u00ednas* que essa tecnologia apresenta. Em vez de nos preocuparmos com uma fic\u00e7\u00e3o dist\u00f3pica, devemos nos concentrar em como podemos moldar o desenvolvimento e a implementa\u00e7\u00e3o da <strong>intelig\u00eancia artificial<\/strong> para beneficiar a sociedade como um todo.<\/p>\n<p>**Desafios Reais:**<\/p>\n<p>1.  **\u00c9tica e Vi\u00e9s:** Os algoritmos de IA s\u00e3o t\u00e3o imparciais quanto os dados com os quais s\u00e3o treinados. Se os dados refletem preconceitos sociais existentes, a IA pode perpetu\u00e1-los ou at\u00e9 amplific\u00e1-los, resultando em decis\u00f5es discriminat\u00f3rias em \u00e1reas como recrutamento, concess\u00e3o de cr\u00e9dito ou justi\u00e7a criminal. Garantir a equidade, a transpar\u00eancia (explicabilidade da IA) e a responsabilidade algor\u00edtmica \u00e9 um desafio \u00e9tico fundamental. Precisamos de frameworks e regulamenta\u00e7\u00f5es robustas para lidar com isso.<br \/>\n2.  **Regulamenta\u00e7\u00e3o e Governan\u00e7a:** O ritmo acelerado da inova\u00e7\u00e3o em IA supera a capacidade dos legisladores de criar leis adequadas. Quest\u00f5es como privacidade de dados (especialmente com o volume massivo de informa\u00e7\u00f5es que a IA processa), direitos autorais (com IAs gerativas), e a responsabilidade legal por erros ou danos causados por sistemas aut\u00f4nomos exigem aten\u00e7\u00e3o urgente. Iniciativas como o AI Act da Uni\u00e3o Europeia s\u00e3o passos importantes, mas o debate global \u00e9 complexo e cont\u00ednuo.<br \/>\n3.  **Disparidade Digital e Acessibilidade:** Se o acesso \u00e0 educa\u00e7\u00e3o em IA, \u00e0s ferramentas e aos benef\u00edcios dessa tecnologia for restrito a uma elite ou a pa\u00edses desenvolvidos, a <strong>intelig\u00eancia artificial<\/strong> pode exacerbar as desigualdades sociais e econ\u00f4micas existentes, criando um fosso ainda maior entre &#8220;quem tem&#8221; e &#8220;quem n\u00e3o tem&#8221;. Democratizar o acesso e garantir que todos possam se beneficiar da IA \u00e9 um imperativo social.<br \/>\n4.  **Seguran\u00e7a Cibern\u00e9tica e Integridade:** A IA pode ser uma ferramenta poderosa para aprimorar a ciberseguran\u00e7a, mas tamb\u00e9m cria novos vetores de ataque. IAs podem ser usadas para criar deepfakes convincentes, automatizar ataques de phishing sofisticados ou manipular informa\u00e7\u00f5es em larga escala, representando riscos \u00e0 seguran\u00e7a nacional e \u00e0 democracia.<\/p>\n<p>**Oportunidades Genu\u00ednas:**<\/p>\n<p>1.  **Sa\u00fade e Bem-Estar:** A IA j\u00e1 est\u00e1 revolucionando a medicina, desde diagn\u00f3sticos mais precisos e r\u00e1pidos (an\u00e1lise de imagens m\u00e9dicas) at\u00e9 a descoberta de novos medicamentos e tratamentos personalizados. A capacidade de prever surtos de doen\u00e7as e otimizar a gest\u00e3o hospitalar tem um potencial imenso para salvar vidas e melhorar a qualidade de vida.<br \/>\n2.  **Sustentabilidade e Meio Ambiente:** A IA pode ser uma aliada poderosa na luta contra as mudan\u00e7as clim\u00e1ticas. Ela pode otimizar o consumo de energia em edif\u00edcios e redes el\u00e9tricas, prever padr\u00f5es clim\u00e1ticos extremos, monitorar desmatamento e polui\u00e7\u00e3o, e desenvolver solu\u00e7\u00f5es para uma agricultura mais eficiente e sustent\u00e1vel (agricultura de precis\u00e3o).<br \/>\n3.  **Educa\u00e7\u00e3o Personalizada:** A IA pode transformar a educa\u00e7\u00e3o, adaptando o conte\u00fado e o ritmo de aprendizado \u00e0s necessidades individuais de cada aluno. Tutores de IA podem fornecer feedback instant\u00e2neo e identificar lacunas de conhecimento, tornando o aprendizado mais eficaz e engajador para milh\u00f5es.<br \/>\n4.  **Criatividade e Inova\u00e7\u00e3o:** Longe de substituir a criatividade humana, a IA generativa est\u00e1 se tornando uma ferramenta poderosa para artistas, m\u00fasicos, designers e escritores, ajudando a superar bloqueios criativos e a explorar novas formas de express\u00e3o. Ela libera os criadores de tarefas repetitivas, permitindo-lhes focar na vis\u00e3o art\u00edstica.<br \/>\n5.  **Acessibilidade:** Para pessoas com defici\u00eancia, a IA oferece novas esperan\u00e7as. Ferramentas de reconhecimento de fala, tradu\u00e7\u00e3o em tempo real, descri\u00e7\u00f5es autom\u00e1ticas de imagens e cadeiras de rodas inteligentes s\u00e3o apenas alguns exemplos de como a IA pode romper barreiras e promover a inclus\u00e3o.<\/p>\n<p>Em um pa\u00eds como o Brasil, a aplica\u00e7\u00e3o da <strong>intelig\u00eancia artificial<\/strong> tem um potencial transformador em setores chave como o agroneg\u00f3cio (otimiza\u00e7\u00e3o de safras), sa\u00fade p\u00fablica (diagn\u00f3sticos remotos e preven\u00e7\u00e3o de epidemias) e servi\u00e7os (melhora na experi\u00eancia do cliente e efici\u00eancia operacional). No entanto, para capitalizar essas oportunidades, \u00e9 fundamental investir em infraestrutura, educa\u00e7\u00e3o de qualidade em STEM (Ci\u00eancia, Tecnologia, Engenharia e Matem\u00e1tica) e desenvolver um arcabou\u00e7o regulat\u00f3rio que fomente a inova\u00e7\u00e3o com responsabilidade social.<\/p>\n<p>Em vez de alimentar o p\u00e2nico sobre um futuro dist\u00f3pico onde a <strong>intelig\u00eancia artificial<\/strong> aniquila a economia e a humanidade, a verdadeira li\u00e7\u00e3o que podemos tirar da experi\u00eancia da pandemia \u00e9 a import\u00e2ncia da proatividade e da adapta\u00e7\u00e3o. A IA, por si s\u00f3, n\u00e3o \u00e9 uma amea\u00e7a existencial iminente no sentido de uma cat\u00e1strofe econ\u00f4mica. \u00c9 uma for\u00e7a transformadora, sim, mas uma que est\u00e1 sob nossa influ\u00eancia e que exige nossa aten\u00e7\u00e3o para ser moldada de forma \u00e9tica e ben\u00e9fica.<\/p>\n<p>Nosso papel como sociedade, como profissionais e como cidad\u00e3os \u00e9 abra\u00e7ar a complexidade da <strong>intelig\u00eancia artificial<\/strong>, reconhecer seus desafios reais \u2013 como vieses algor\u00edtmicos, a necessidade de regulamenta\u00e7\u00e3o e a garantia de acesso equitativo \u2013 e, acima de tudo, explorar as in\u00fameras oportunidades que ela nos oferece para construir um futuro mais produtivo, inovador e justo. O futuro com a IA n\u00e3o \u00e9 algo que simplesmente nos acontecer\u00e1; \u00e9 algo que construiremos, com cada linha de c\u00f3digo, cada debate \u00e9tico e cada pol\u00edtica p\u00fablica que implementarmos. O hype pode ser assustador, mas a realidade \u00e9 uma oportunidade que est\u00e1 em nossas m\u00e3os.<\/p>\n","protected":false},"excerpt":{"rendered":"<p>Ol\u00e1, entusiastas de tecnologia e curiosos sobre o futuro! Sou um especialista em intelig\u00eancia artificial, redator e um apaixonado por desvendar os mist\u00e9rios e as realidades por tr\u00e1s do burburinho tecnol\u00f3gico. Nos \u00faltimos anos, especialmente com o avan\u00e7o estrondoso de modelos como o GPT-4 e outras IAs generativas, a conversa sobre o futuro da intelig\u00eancia [&hellip;]<\/p>\n","protected":false},"author":1,"featured_media":3631,"comment_status":"open","ping_status":"open","sticky":false,"template":"","format":"standard","meta":{"_yoast_wpseo_focuskw":"intelig\u00eancia artificial","_yoast_wpseo_metadesc":"Desvende o verdadeiro impacto da intelig\u00eancia artificial. Analisamos o hype da IA \u00e0 luz das transforma\u00e7\u00f5es que a pandemia nos trouxe, separando fatos de fic\u00e7\u00e3o sobre seu futuro no trabalho e na economia. Descubra os desafios e oportunidades reais para o Brasil e o mundo.","footnotes":""},"categories":[2],"tags":[],"class_list":["post-3632","post","type-post","status-publish","format-standard","has-post-thumbnail","hentry","category-novidades"],"yoast_head":"<!-- This site is optimized with the Yoast SEO plugin v25.6 - https:\/\/yoast.com\/wordpress\/plugins\/seo\/ -->\n<title>Intelig\u00eancia Artificial e o Banho de Realidade: Li\u00e7\u00f5es da Pandemia para o Hype da IA - Lacerda AI<\/title>\n<meta name=\"description\" content=\"Desvende o verdadeiro impacto da intelig\u00eancia artificial. Analisamos o hype da IA \u00e0 luz das transforma\u00e7\u00f5es que a pandemia nos trouxe, separando fatos de fic\u00e7\u00e3o sobre seu futuro no trabalho e na economia. Descubra os desafios e oportunidades reais para o Brasil e o mundo.\" \/>\n<meta name=\"robots\" content=\"index, follow, max-snippet:-1, max-image-preview:large, max-video-preview:-1\" \/>\n<link rel=\"canonical\" href=\"https:\/\/lacerdaai.com\/br\/inteligencia-artificial-e-o-banho-de-realidade-licoes-da-pandemia-para-o-hype-da-ia\/\" \/>\n<meta property=\"og:locale\" content=\"pt_BR\" \/>\n<meta property=\"og:type\" content=\"article\" \/>\n<meta property=\"og:title\" content=\"Intelig\u00eancia Artificial e o Banho de Realidade: Li\u00e7\u00f5es da Pandemia para o Hype da IA - Lacerda AI\" \/>\n<meta property=\"og:description\" content=\"Desvende o verdadeiro impacto da intelig\u00eancia artificial. Analisamos o hype da IA \u00e0 luz das transforma\u00e7\u00f5es que a pandemia nos trouxe, separando fatos de fic\u00e7\u00e3o sobre seu futuro no trabalho e na economia. Descubra os desafios e oportunidades reais para o Brasil e o mundo.\" \/>\n<meta property=\"og:url\" content=\"https:\/\/lacerdaai.com\/br\/inteligencia-artificial-e-o-banho-de-realidade-licoes-da-pandemia-para-o-hype-da-ia\/\" \/>\n<meta property=\"og:site_name\" content=\"Lacerda AI\" \/>\n<meta property=\"article:published_time\" content=\"2026-02-14T15:38:19+00:00\" \/>\n<meta property=\"article:modified_time\" content=\"2026-02-14T15:38:21+00:00\" \/>\n<meta name=\"author\" content=\"Andr\u00e9 Lacerda\" \/>\n<meta name=\"twitter:card\" content=\"summary_large_image\" \/>\n<meta name=\"twitter:label1\" content=\"Escrito por\" \/>\n\t<meta name=\"twitter:data1\" content=\"Andr\u00e9 Lacerda\" \/>\n\t<meta name=\"twitter:label2\" content=\"Est. tempo de leitura\" \/>\n\t<meta name=\"twitter:data2\" content=\"10 minutos\" \/>\n<script type=\"application\/ld+json\" class=\"yoast-schema-graph\">{\"@context\":\"https:\/\/schema.org\",\"@graph\":[{\"@type\":\"WebPage\",\"@id\":\"https:\/\/lacerdaai.com\/br\/inteligencia-artificial-e-o-banho-de-realidade-licoes-da-pandemia-para-o-hype-da-ia\/\",\"url\":\"https:\/\/lacerdaai.com\/br\/inteligencia-artificial-e-o-banho-de-realidade-licoes-da-pandemia-para-o-hype-da-ia\/\",\"name\":\"Intelig\u00eancia Artificial e o Banho de Realidade: Li\u00e7\u00f5es da Pandemia para o Hype da IA - Lacerda AI\",\"isPartOf\":{\"@id\":\"https:\/\/lacerdaai.com\/br\/#website\"},\"primaryImageOfPage\":{\"@id\":\"https:\/\/lacerdaai.com\/br\/inteligencia-artificial-e-o-banho-de-realidade-licoes-da-pandemia-para-o-hype-da-ia\/#primaryimage\"},\"image\":{\"@id\":\"https:\/\/lacerdaai.com\/br\/inteligencia-artificial-e-o-banho-de-realidade-licoes-da-pandemia-para-o-hype-da-ia\/#primaryimage\"},\"thumbnailUrl\":\"https:\/\/lacerdaai.com\/br\/wp-content\/uploads\/2026\/02\/imagem-54.jpg\",\"datePublished\":\"2026-02-14T15:38:19+00:00\",\"dateModified\":\"2026-02-14T15:38:21+00:00\",\"author\":{\"@id\":\"https:\/\/lacerdaai.com\/br\/#\/schema\/person\/8bad803c2e83a0c5c5c75e02a1c2248f\"},\"description\":\"Desvende o verdadeiro impacto da intelig\u00eancia artificial. Analisamos o hype da IA \u00e0 luz das transforma\u00e7\u00f5es que a pandemia nos trouxe, separando fatos de fic\u00e7\u00e3o sobre seu futuro no trabalho e na economia. Descubra os desafios e oportunidades reais para o Brasil e o mundo.\",\"breadcrumb\":{\"@id\":\"https:\/\/lacerdaai.com\/br\/inteligencia-artificial-e-o-banho-de-realidade-licoes-da-pandemia-para-o-hype-da-ia\/#breadcrumb\"},\"inLanguage\":\"pt-BR\",\"potentialAction\":[{\"@type\":\"ReadAction\",\"target\":[\"https:\/\/lacerdaai.com\/br\/inteligencia-artificial-e-o-banho-de-realidade-licoes-da-pandemia-para-o-hype-da-ia\/\"]}]},{\"@type\":\"ImageObject\",\"inLanguage\":\"pt-BR\",\"@id\":\"https:\/\/lacerdaai.com\/br\/inteligencia-artificial-e-o-banho-de-realidade-licoes-da-pandemia-para-o-hype-da-ia\/#primaryimage\",\"url\":\"https:\/\/lacerdaai.com\/br\/wp-content\/uploads\/2026\/02\/imagem-54.jpg\",\"contentUrl\":\"https:\/\/lacerdaai.com\/br\/wp-content\/uploads\/2026\/02\/imagem-54.jpg\",\"width\":1440,\"height\":960},{\"@type\":\"BreadcrumbList\",\"@id\":\"https:\/\/lacerdaai.com\/br\/inteligencia-artificial-e-o-banho-de-realidade-licoes-da-pandemia-para-o-hype-da-ia\/#breadcrumb\",\"itemListElement\":[{\"@type\":\"ListItem\",\"position\":1,\"name\":\"In\u00edcio\",\"item\":\"https:\/\/lacerdaai.com\/br\/\"},{\"@type\":\"ListItem\",\"position\":2,\"name\":\"Intelig\u00eancia Artificial e o Banho de Realidade: Li\u00e7\u00f5es da Pandemia para o Hype da IA\"}]},{\"@type\":\"WebSite\",\"@id\":\"https:\/\/lacerdaai.com\/br\/#website\",\"url\":\"https:\/\/lacerdaai.com\/br\/\",\"name\":\"Lacerda AI\",\"description\":\"Seu blog di\u00e1rio de novidades do mundo da Inteligencia Artificial\",\"potentialAction\":[{\"@type\":\"SearchAction\",\"target\":{\"@type\":\"EntryPoint\",\"urlTemplate\":\"https:\/\/lacerdaai.com\/br\/?s={search_term_string}\"},\"query-input\":{\"@type\":\"PropertyValueSpecification\",\"valueRequired\":true,\"valueName\":\"search_term_string\"}}],\"inLanguage\":\"pt-BR\"},{\"@type\":\"Person\",\"@id\":\"https:\/\/lacerdaai.com\/br\/#\/schema\/person\/8bad803c2e83a0c5c5c75e02a1c2248f\",\"name\":\"Andr\u00e9 Lacerda\",\"image\":{\"@type\":\"ImageObject\",\"inLanguage\":\"pt-BR\",\"@id\":\"https:\/\/lacerdaai.com\/br\/#\/schema\/person\/image\/\",\"url\":\"https:\/\/secure.gravatar.com\/avatar\/f5c1fa5ad9763f54c1f223c3fc91f131da6288c9f9e28d74bb3c355ad99af205?s=96&d=mm&r=g\",\"contentUrl\":\"https:\/\/secure.gravatar.com\/avatar\/f5c1fa5ad9763f54c1f223c3fc91f131da6288c9f9e28d74bb3c355ad99af205?s=96&d=mm&r=g\",\"caption\":\"Andr\u00e9 Lacerda\"},\"description\":\"Sou o Andr\u00e9 Lacerda, tenho 35 anos e sou apaixonado por tecnologia, intelig\u00eancia artificial e boas hist\u00f3rias. Me formei em Tecnologia e Jornalismo \u2014 sim, uma mistura meio improv\u00e1vel, mas que combina muito comigo. J\u00e1 morei no Canad\u00e1 e na Espanha, e essas experi\u00eancias me ajudaram a enxergar a inova\u00e7\u00e3o com um olhar mais global (e a me virar bem em tr\u00eas idiomas \ud83d\ude04). Trabalhei em algumas das maiores empresas de tecnologia do mercado e, hoje, atuo como consultor ajudando neg\u00f3cios a entenderem e aplicarem IA de forma pr\u00e1tica, estrat\u00e9gica e humana. Gosto de traduzir o complexo em algo simples \u2014 e \u00e9 isso que voc\u00ea vai encontrar por aqui.\",\"sameAs\":[\"http:\/\/lacerdaai.com\/br\"],\"url\":\"https:\/\/lacerdaai.com\/br\/author\/red-admin\/\"}]}<\/script>\n<!-- \/ Yoast SEO plugin. -->","yoast_head_json":{"title":"Intelig\u00eancia Artificial e o Banho de Realidade: Li\u00e7\u00f5es da Pandemia para o Hype da IA - Lacerda AI","description":"Desvende o verdadeiro impacto da intelig\u00eancia artificial. Analisamos o hype da IA \u00e0 luz das transforma\u00e7\u00f5es que a pandemia nos trouxe, separando fatos de fic\u00e7\u00e3o sobre seu futuro no trabalho e na economia. Descubra os desafios e oportunidades reais para o Brasil e o mundo.","robots":{"index":"index","follow":"follow","max-snippet":"max-snippet:-1","max-image-preview":"max-image-preview:large","max-video-preview":"max-video-preview:-1"},"canonical":"https:\/\/lacerdaai.com\/br\/inteligencia-artificial-e-o-banho-de-realidade-licoes-da-pandemia-para-o-hype-da-ia\/","og_locale":"pt_BR","og_type":"article","og_title":"Intelig\u00eancia Artificial e o Banho de Realidade: Li\u00e7\u00f5es da Pandemia para o Hype da IA - Lacerda AI","og_description":"Desvende o verdadeiro impacto da intelig\u00eancia artificial. Analisamos o hype da IA \u00e0 luz das transforma\u00e7\u00f5es que a pandemia nos trouxe, separando fatos de fic\u00e7\u00e3o sobre seu futuro no trabalho e na economia. Descubra os desafios e oportunidades reais para o Brasil e o mundo.","og_url":"https:\/\/lacerdaai.com\/br\/inteligencia-artificial-e-o-banho-de-realidade-licoes-da-pandemia-para-o-hype-da-ia\/","og_site_name":"Lacerda AI","article_published_time":"2026-02-14T15:38:19+00:00","article_modified_time":"2026-02-14T15:38:21+00:00","author":"Andr\u00e9 Lacerda","twitter_card":"summary_large_image","twitter_misc":{"Escrito por":"Andr\u00e9 Lacerda","Est. tempo de leitura":"10 minutos"},"schema":{"@context":"https:\/\/schema.org","@graph":[{"@type":"WebPage","@id":"https:\/\/lacerdaai.com\/br\/inteligencia-artificial-e-o-banho-de-realidade-licoes-da-pandemia-para-o-hype-da-ia\/","url":"https:\/\/lacerdaai.com\/br\/inteligencia-artificial-e-o-banho-de-realidade-licoes-da-pandemia-para-o-hype-da-ia\/","name":"Intelig\u00eancia Artificial e o Banho de Realidade: Li\u00e7\u00f5es da Pandemia para o Hype da IA - Lacerda AI","isPartOf":{"@id":"https:\/\/lacerdaai.com\/br\/#website"},"primaryImageOfPage":{"@id":"https:\/\/lacerdaai.com\/br\/inteligencia-artificial-e-o-banho-de-realidade-licoes-da-pandemia-para-o-hype-da-ia\/#primaryimage"},"image":{"@id":"https:\/\/lacerdaai.com\/br\/inteligencia-artificial-e-o-banho-de-realidade-licoes-da-pandemia-para-o-hype-da-ia\/#primaryimage"},"thumbnailUrl":"https:\/\/lacerdaai.com\/br\/wp-content\/uploads\/2026\/02\/imagem-54.jpg","datePublished":"2026-02-14T15:38:19+00:00","dateModified":"2026-02-14T15:38:21+00:00","author":{"@id":"https:\/\/lacerdaai.com\/br\/#\/schema\/person\/8bad803c2e83a0c5c5c75e02a1c2248f"},"description":"Desvende o verdadeiro impacto da intelig\u00eancia artificial. Analisamos o hype da IA \u00e0 luz das transforma\u00e7\u00f5es que a pandemia nos trouxe, separando fatos de fic\u00e7\u00e3o sobre seu futuro no trabalho e na economia. Descubra os desafios e oportunidades reais para o Brasil e o mundo.","breadcrumb":{"@id":"https:\/\/lacerdaai.com\/br\/inteligencia-artificial-e-o-banho-de-realidade-licoes-da-pandemia-para-o-hype-da-ia\/#breadcrumb"},"inLanguage":"pt-BR","potentialAction":[{"@type":"ReadAction","target":["https:\/\/lacerdaai.com\/br\/inteligencia-artificial-e-o-banho-de-realidade-licoes-da-pandemia-para-o-hype-da-ia\/"]}]},{"@type":"ImageObject","inLanguage":"pt-BR","@id":"https:\/\/lacerdaai.com\/br\/inteligencia-artificial-e-o-banho-de-realidade-licoes-da-pandemia-para-o-hype-da-ia\/#primaryimage","url":"https:\/\/lacerdaai.com\/br\/wp-content\/uploads\/2026\/02\/imagem-54.jpg","contentUrl":"https:\/\/lacerdaai.com\/br\/wp-content\/uploads\/2026\/02\/imagem-54.jpg","width":1440,"height":960},{"@type":"BreadcrumbList","@id":"https:\/\/lacerdaai.com\/br\/inteligencia-artificial-e-o-banho-de-realidade-licoes-da-pandemia-para-o-hype-da-ia\/#breadcrumb","itemListElement":[{"@type":"ListItem","position":1,"name":"In\u00edcio","item":"https:\/\/lacerdaai.com\/br\/"},{"@type":"ListItem","position":2,"name":"Intelig\u00eancia Artificial e o Banho de Realidade: Li\u00e7\u00f5es da Pandemia para o Hype da IA"}]},{"@type":"WebSite","@id":"https:\/\/lacerdaai.com\/br\/#website","url":"https:\/\/lacerdaai.com\/br\/","name":"Lacerda AI","description":"Seu blog di\u00e1rio de novidades do mundo da Inteligencia Artificial","potentialAction":[{"@type":"SearchAction","target":{"@type":"EntryPoint","urlTemplate":"https:\/\/lacerdaai.com\/br\/?s={search_term_string}"},"query-input":{"@type":"PropertyValueSpecification","valueRequired":true,"valueName":"search_term_string"}}],"inLanguage":"pt-BR"},{"@type":"Person","@id":"https:\/\/lacerdaai.com\/br\/#\/schema\/person\/8bad803c2e83a0c5c5c75e02a1c2248f","name":"Andr\u00e9 Lacerda","image":{"@type":"ImageObject","inLanguage":"pt-BR","@id":"https:\/\/lacerdaai.com\/br\/#\/schema\/person\/image\/","url":"https:\/\/secure.gravatar.com\/avatar\/f5c1fa5ad9763f54c1f223c3fc91f131da6288c9f9e28d74bb3c355ad99af205?s=96&d=mm&r=g","contentUrl":"https:\/\/secure.gravatar.com\/avatar\/f5c1fa5ad9763f54c1f223c3fc91f131da6288c9f9e28d74bb3c355ad99af205?s=96&d=mm&r=g","caption":"Andr\u00e9 Lacerda"},"description":"Sou o Andr\u00e9 Lacerda, tenho 35 anos e sou apaixonado por tecnologia, intelig\u00eancia artificial e boas hist\u00f3rias. Me formei em Tecnologia e Jornalismo \u2014 sim, uma mistura meio improv\u00e1vel, mas que combina muito comigo. J\u00e1 morei no Canad\u00e1 e na Espanha, e essas experi\u00eancias me ajudaram a enxergar a inova\u00e7\u00e3o com um olhar mais global (e a me virar bem em tr\u00eas idiomas \ud83d\ude04). Trabalhei em algumas das maiores empresas de tecnologia do mercado e, hoje, atuo como consultor ajudando neg\u00f3cios a entenderem e aplicarem IA de forma pr\u00e1tica, estrat\u00e9gica e humana. Gosto de traduzir o complexo em algo simples \u2014 e \u00e9 isso que voc\u00ea vai encontrar por aqui.","sameAs":["http:\/\/lacerdaai.com\/br"],"url":"https:\/\/lacerdaai.com\/br\/author\/red-admin\/"}]}},"_links":{"self":[{"href":"https:\/\/lacerdaai.com\/br\/wp-json\/wp\/v2\/posts\/3632","targetHints":{"allow":["GET"]}}],"collection":[{"href":"https:\/\/lacerdaai.com\/br\/wp-json\/wp\/v2\/posts"}],"about":[{"href":"https:\/\/lacerdaai.com\/br\/wp-json\/wp\/v2\/types\/post"}],"author":[{"embeddable":true,"href":"https:\/\/lacerdaai.com\/br\/wp-json\/wp\/v2\/users\/1"}],"replies":[{"embeddable":true,"href":"https:\/\/lacerdaai.com\/br\/wp-json\/wp\/v2\/comments?post=3632"}],"version-history":[{"count":1,"href":"https:\/\/lacerdaai.com\/br\/wp-json\/wp\/v2\/posts\/3632\/revisions"}],"predecessor-version":[{"id":3633,"href":"https:\/\/lacerdaai.com\/br\/wp-json\/wp\/v2\/posts\/3632\/revisions\/3633"}],"wp:featuredmedia":[{"embeddable":true,"href":"https:\/\/lacerdaai.com\/br\/wp-json\/wp\/v2\/media\/3631"}],"wp:attachment":[{"href":"https:\/\/lacerdaai.com\/br\/wp-json\/wp\/v2\/media?parent=3632"}],"wp:term":[{"taxonomy":"category","embeddable":true,"href":"https:\/\/lacerdaai.com\/br\/wp-json\/wp\/v2\/categories?post=3632"},{"taxonomy":"post_tag","embeddable":true,"href":"https:\/\/lacerdaai.com\/br\/wp-json\/wp\/v2\/tags?post=3632"}],"curies":[{"name":"wp","href":"https:\/\/api.w.org\/{rel}","templated":true}]}}