{"id":3647,"date":"2026-02-15T20:38:11","date_gmt":"2026-02-15T23:38:11","guid":{"rendered":"https:\/\/lacerdaai.com\/br\/o-alerta-de-obama-deepfakes-racismo-e-a-sombra-da-ia-na-politica-global\/"},"modified":"2026-02-15T20:38:12","modified_gmt":"2026-02-15T23:38:12","slug":"o-alerta-de-obama-deepfakes-racismo-e-a-sombra-da-ia-na-politica-global","status":"publish","type":"post","link":"https:\/\/lacerdaai.com\/br\/o-alerta-de-obama-deepfakes-racismo-e-a-sombra-da-ia-na-politica-global\/","title":{"rendered":"O Alerta de Obama: Deepfakes, Racismo e a Sombra da IA na Pol\u00edtica Global"},"content":{"rendered":"<p>A era digital trouxe consigo um misto de maravilhas e perigos, e a ascens\u00e3o da Intelig\u00eancia Artificial (IA) amplificou ambos. Em um mundo onde a linha entre o real e o artificial se torna cada vez mais t\u00eanue, um incidente chocante reacendeu um debate crucial: um v\u00eddeo gerado por IA, que retratava Barack e Michelle Obama com fei\u00e7\u00f5es de macacos, foi compartilhado na plataforma Truth Social de Donald Trump. A resposta de Barack Obama n\u00e3o tardou, e suas palavras ressoaram como um alerta contundente: ele descreveu a situa\u00e7\u00e3o como um &#8220;show de palha\u00e7os&#8221; das redes sociais, uma cr\u00edtica afiada \u00e0 neglig\u00eancia das plataformas digitais e aos perigos inerentes \u00e0 desinforma\u00e7\u00e3o por IA. Este epis\u00f3dio n\u00e3o \u00e9 apenas um caso isolado de mau gosto; \u00e9 um sintoma alarmante de um problema muito maior que amea\u00e7a a integridade de nossas democracias e a pr\u00f3pria f\u00e1brica da verdade.<\/p>\n<p>No Brasil e no mundo, a preocupa\u00e7\u00e3o com o uso malicioso da IA, especialmente na esfera pol\u00edtica, cresce a cada dia. O que antes parecia coisa de fic\u00e7\u00e3o cient\u00edfica \u2013 a capacidade de gerar v\u00eddeos e \u00e1udios ultrarrealistas de pessoas dizendo ou fazendo coisas que nunca fizeram \u2013 hoje \u00e9 uma realidade. E essa realidade tem o potencial de semear disc\u00f3rdia, manipular elei\u00e7\u00f5es e corroer a confian\u00e7a p\u00fablica de maneiras sem precedentes. Este artigo mergulha nesse fen\u00f4meno, explorando a natureza dos deepfakes, seus perigos espec\u00edficos no ambiente pol\u00edtico, as implica\u00e7\u00f5es \u00e9ticas e raciais do caso Obama e o que podemos fazer para nos defender contra essa mar\u00e9 de desinforma\u00e7\u00e3o.<\/p>\n<h2><strong>Deepfakes na pol\u00edtica<\/strong>: O alerta de Obama e a nova fronteira da desinforma\u00e7\u00e3o<\/h2>\n<p>O incidente envolvendo o ex-presidente Barack Obama e o v\u00eddeo gerado por Intelig\u00eancia Artificial \u00e9 um marco sombrio na hist\u00f3ria da manipula\u00e7\u00e3o digital. A representa\u00e7\u00e3o da fam\u00edlia Obama com caracter\u00edsticas animalescas n\u00e3o \u00e9 apenas ofensiva; ela evoca tropos racistas dolorosos e historicamente usados para desumanizar pessoas negras. \u00c9 uma t\u00e1tica vil que, potencializada pela IA, ganha uma nova e perigosa dimens\u00e3o. Os deepfakes s\u00e3o conte\u00fados sint\u00e9ticos \u2013 v\u00eddeos, \u00e1udios ou imagens \u2013 criados por algoritmos de IA, geralmente Redes Generativas Adversariais (GANs), que s\u00e3o capazes de sobrepor o rosto ou a voz de uma pessoa em um corpo ou fala diferente, com um n\u00edvel de realismo impressionante. A tecnologia evoluiu de tal forma que, para o olho destreinado, discernir um deepfake de um material aut\u00eantico tornou-se uma tarefa quase imposs\u00edvel.<\/p>\n<p>Na esfera pol\u00edtica, essa tecnologia se torna uma arma potente. Imagine um candidato sendo &#8220;flagrado&#8221; em um v\u00eddeo ultrarrealista fazendo uma declara\u00e7\u00e3o comprometedora ou se envolvendo em uma atividade il\u00edcita, tudo falsificado. O estrago pode ser irrepar\u00e1vel antes mesmo que a verdade venha \u00e0 tona. A velocidade com que a informa\u00e7\u00e3o se espalha nas redes sociais \u2013 o &#8220;show de palha\u00e7os&#8221; que Obama t\u00e3o apropriadamente criticou \u2013 significa que a desinforma\u00e7\u00e3o pode viralizar em minutos, alcan\u00e7ando milh\u00f5es de pessoas. Mesmo ap\u00f3s a desmistifica\u00e7\u00e3o, a d\u00favida e a semente da desconfian\u00e7a j\u00e1 foram plantadas. Estudos mostram que informa\u00e7\u00f5es falsas tendem a se espalhar mais r\u00e1pido e mais longe do que as verdadeiras, um fen\u00f4meno amplificado pela natureza emocional e polarizadora da pol\u00edtica.<\/p>\n<p>O caso Obama sublinha a vulnerabilidade das figuras p\u00fablicas, mas tamb\u00e9m de eleitores e cidad\u00e3os comuns. O racismo, quando impulsionado por tecnologias de ponta, ganha uma capacidade de dissemina\u00e7\u00e3o e impacto ainda maior. A capacidade de criar narrativas falsas, seja para difamar, manipular ou simplesmente confundir, representa uma amea\u00e7a direta aos processos democr\u00e1ticos. Em per\u00edodos eleitorais, a capacidade de influenciar a opini\u00e3o p\u00fablica com material forjado pode desvirtuar completamente o resultado das urnas. A &#8220;verdade&#8221; se torna um conceito flex\u00edvel, moldado por algoritmos e inten\u00e7\u00f5es maliciosas, em vez de fatos e debates transparentes. Este cen\u00e1rio exige uma vigil\u00e2ncia constante e uma compreens\u00e3o aprofundada das ferramentas que agora moldam nossa percep\u00e7\u00e3o da realidade.<\/p>\n<h2>A escalada da desinforma\u00e7\u00e3o por IA: Desafios para a democracia e a sociedade<\/h2>\n<p>O epis\u00f3dio envolvendo os Obamas \u00e9 apenas a ponta do iceberg quando falamos da desinforma\u00e7\u00e3o impulsionada pela Intelig\u00eancia Artificial. Globalmente, j\u00e1 testemunhamos diversos casos preocupantes. Um dos mais not\u00f3rios foi um deepfake do presidente ucraniano Volodymyr Zelensky, aparentemente ordenando seus soldados a se renderem no in\u00edcio da invas\u00e3o russa. Embora rapidamente desmascarado, o incidente ilustra a inten\u00e7\u00e3o maligna por tr\u00e1s da cria\u00e7\u00e3o desses conte\u00fados: desmoralizar o inimigo e desestabilizar a sociedade. Em elei\u00e7\u00f5es de diversos pa\u00edses, o uso de deepfakes e \u00e1udios sint\u00e9ticos para difamar candidatos, criar not\u00edcias falsas ou simular esc\u00e2ndalos tem se tornado uma t\u00e1tica cada vez mais comum e preocupante.<\/p>\n<p>O desafio para a democracia \u00e9 imenso. A capacidade de distinguir o real do fabricado \u00e9 fundamental para a forma\u00e7\u00e3o de uma opini\u00e3o p\u00fablica informada e para a tomada de decis\u00f5es conscientes em um sistema democr\u00e1tico. Quando essa capacidade \u00e9 comprometida, abre-se uma brecha para a manipula\u00e7\u00e3o em massa. A prolifera\u00e7\u00e3o de conte\u00fado gerado por IA tamb\u00e9m contribui para o que alguns chamam de &#8220;dividendo do mentiroso&#8221; (liar&#8217;s dividend), onde pessoas e institui\u00e7\u00f5es genuinamente envolvidas em atos question\u00e1veis podem, ironicamente, usar a exist\u00eancia de deepfakes como desculpa, alegando que provas aut\u00eanticas s\u00e3o, na verdade, falsifica\u00e7\u00f5es. Isso mina a confian\u00e7a em evid\u00eancias, jornalismo e at\u00e9 mesmo em sistemas judiciais.<\/p>\n<p>As plataformas de m\u00eddia social, que Obama chamou de &#8220;show de palha\u00e7os&#8221;, desempenham um papel amb\u00edguo nesse cen\u00e1rio. Por um lado, s\u00e3o ve\u00edculos de informa\u00e7\u00e3o e conex\u00e3o; por outro, seus algoritmos s\u00e3o projetados para maximizar o engajamento, muitas vezes priorizando conte\u00fado sensacionalista e, infelizmente, desinforma\u00e7\u00e3o. A velocidade e o alcance desses sistemas s\u00e3o ideais para a dissemina\u00e7\u00e3o r\u00e1pida e viral de deepfakes, tornando a conten\u00e7\u00e3o um desafio colossal. A IA n\u00e3o apenas cria os deepfakes, mas tamb\u00e9m pode ser usada para direcion\u00e1-los a p\u00fablicos espec\u00edficos, utilizando dados demogr\u00e1ficos e de comportamento para maximizar seu impacto e efic\u00e1cia. Isso leva \u00e0 forma\u00e7\u00e3o de c\u00e2maras de eco, onde os indiv\u00edduos s\u00e3o expostos apenas a informa\u00e7\u00f5es que confirmam suas cren\u00e7as existentes, tornando-os ainda mais suscet\u00edveis \u00e0 desinforma\u00e7\u00e3o.<\/p>\n<p>A tecnologia avan\u00e7a a passos largos, e a capacidade humana de processar e verificar informa\u00e7\u00f5es n\u00e3o acompanha o mesmo ritmo. Somos intrinsecamente vulner\u00e1veis a narrativas convincentes, especialmente aquelas que exploram nossos preconceitos e medos. A sofistica\u00e7\u00e3o dos modelos de IA na gera\u00e7\u00e3o de imagens e \u00e1udios que replicam emo\u00e7\u00f5es e nuances humanas torna a detec\u00e7\u00e3o ainda mais complexa. O resultado \u00e9 uma sociedade cada vez mais polarizada, onde a verdade \u00e9 contestada e a confian\u00e7a nas institui\u00e7\u00f5es \u00e9 erodida, pavimentando o caminho para a instabilidade social e pol\u00edtica.<\/p>\n<h2>Combatendo a mar\u00e9: Inova\u00e7\u00e3o, legisla\u00e7\u00e3o e a responsabilidade coletiva<\/h2>\n<p>Diante de um desafio t\u00e3o complexo, a resposta n\u00e3o pode ser simplista. \u00c9 necess\u00e1rio um esfor\u00e7o multifacetado que envolva tecnologia, legisla\u00e7\u00e3o, educa\u00e7\u00e3o e a conscientiza\u00e7\u00e3o individual. Na frente tecnol\u00f3gica, o desenvolvimento de ferramentas de detec\u00e7\u00e3o de deepfakes \u00e9 uma corrida armamentista constante. Pesquisadores est\u00e3o explorando t\u00e9cnicas de marca d&#8217;\u00e1gua digital (digital watermarking), que incorporam metadados impercept\u00edveis em conte\u00fados leg\u00edtimos para provar sua autenticidade, e sistemas de IA que podem analisar inconsist\u00eancias sutis em v\u00eddeos e \u00e1udios sint\u00e9ticos. No entanto, \u00e0 medida que as t\u00e9cnicas de detec\u00e7\u00e3o melhoram, os algoritmos de gera\u00e7\u00e3o de deepfakes tamb\u00e9m se aprimoram, tornando a batalha cont\u00ednua.<\/p>\n<p>A legisla\u00e7\u00e3o desempenha um papel crucial. Governos em todo o mundo est\u00e3o come\u00e7ando a debater e implementar leis para regulamentar a cria\u00e7\u00e3o e dissemina\u00e7\u00e3o de deepfakes, especialmente em contextos eleitorais. A exig\u00eancia de r\u00f3tulos claros para conte\u00fado gerado por IA, a criminaliza\u00e7\u00e3o da cria\u00e7\u00e3o de deepfakes maliciosos e a responsabiliza\u00e7\u00e3o das plataformas por n\u00e3o removerem conte\u00fado prejudicial s\u00e3o algumas das propostas. No Brasil, j\u00e1 existem discuss\u00f5es sobre a regulamenta\u00e7\u00e3o da intelig\u00eancia artificial, com foco na transpar\u00eancia e na prote\u00e7\u00e3o contra abusos. No entanto, \u00e9 um campo minado entre a prote\u00e7\u00e3o da liberdade de express\u00e3o e a necessidade de combater a desinforma\u00e7\u00e3o, exigindo um equil\u00edbrio delicado e bem pensado.<\/p>\n<p>As plataformas de m\u00eddia social, como apontou Obama, carregam uma responsabilidade imensa. Elas precisam ir al\u00e9m de declara\u00e7\u00f5es de inten\u00e7\u00e3o e implementar pol\u00edticas robustas de modera\u00e7\u00e3o de conte\u00fado, investir em equipes de verifica\u00e7\u00e3o de fatos, desenvolver ferramentas para identificar e desamplificar deepfakes e, crucialmente, ser transparentes sobre como seus algoritmos funcionam e como o conte\u00fado \u00e9 promovido. A colabora\u00e7\u00e3o com acad\u00eamicos, jornalistas e organiza\u00e7\u00f5es da sociedade civil \u00e9 fundamental para criar um ecossistema de informa\u00e7\u00e3o mais saud\u00e1vel e resiliente.<\/p>\n<p>Por fim, mas n\u00e3o menos importante, est\u00e1 o papel de cada indiv\u00edduo. A educa\u00e7\u00e3o midi\u00e1tica e o desenvolvimento do pensamento cr\u00edtico s\u00e3o as defesas mais poderosas contra a desinforma\u00e7\u00e3o. Precisamos aprender a questionar o que vemos e ouvimos online, a verificar fontes, a desconfiar de conte\u00fados que provocam rea\u00e7\u00f5es emocionais extremas e a buscar informa\u00e7\u00f5es de ve\u00edculos de not\u00edcias confi\u00e1veis e com hist\u00f3rico de jornalismo s\u00e9rio. Em um mundo onde a IA pode criar realidades alternativas com um clique, a capacidade de discernir a verdade torna-se uma habilidade de sobreviv\u00eancia democr\u00e1tica. Apoiar iniciativas de fact-checking e promover um debate p\u00fablico saud\u00e1vel s\u00e3o atos de cidadania essenciais.<\/p>\n<p>O alerta de Barack Obama sobre o incidente do deepfake e sua cr\u00edtica ao &#8220;show de palha\u00e7os&#8221; das redes sociais serve como um lembrete v\u00edvido da urg\u00eancia de abordar o impacto da intelig\u00eancia artificial na pol\u00edtica e na sociedade. Os deepfakes n\u00e3o s\u00e3o apenas uma curiosidade tecnol\u00f3gica; s\u00e3o uma ferramenta poderosa com o potencial de corroer a confian\u00e7a, amplificar preconceitos \u2013 como o racismo evidenciado no caso Obamas \u2013 e desestabilizar a democracia. A luta contra a desinforma\u00e7\u00e3o por IA \u00e9 uma corrida contra o tempo, exigindo que a inova\u00e7\u00e3o tecnol\u00f3gica se encontre com a \u00e9tica, a legisla\u00e7\u00e3o e a responsabilidade social.<\/p>\n<p>Navegar por essa nova fronteira da era da informa\u00e7\u00e3o exige uma a\u00e7\u00e3o concertada de todos: desenvolvedores de IA comprometidos com a \u00e9tica, legisladores que criam marcos regulat\u00f3rios inteligentes, plataformas que assumem sua responsabilidade social e, acima de tudo, cidad\u00e3os vigilantes e informados. O futuro da integridade da informa\u00e7\u00e3o e, em \u00faltima inst\u00e2ncia, de nossas sociedades democr\u00e1ticas, depende de como responderemos a esse desafio. A passividade n\u00e3o \u00e9 uma op\u00e7\u00e3o. \u00c9 hora de reconhecer a gravidade da amea\u00e7a e construir as defesas necess\u00e1rias para um futuro onde a verdade possa, de fato, prevalecer.<\/p>\n","protected":false},"excerpt":{"rendered":"<p>A era digital trouxe consigo um misto de maravilhas e perigos, e a ascens\u00e3o da Intelig\u00eancia Artificial (IA) amplificou ambos. Em um mundo onde a linha entre o real e o artificial se torna cada vez mais t\u00eanue, um incidente chocante reacendeu um debate crucial: um v\u00eddeo gerado por IA, que retratava Barack e Michelle [&hellip;]<\/p>\n","protected":false},"author":1,"featured_media":3646,"comment_status":"open","ping_status":"open","sticky":false,"template":"","format":"standard","meta":{"_yoast_wpseo_focuskw":"deepfakes na pol\u00edtica","_yoast_wpseo_metadesc":"Explore o **impacto da intelig\u00eancia artificial** na desinforma\u00e7\u00e3o pol\u00edtica, a partir do alerta de Barack Obama sobre v\u00eddeos deepfake. Entenda os riscos para a democracia, as implica\u00e7\u00f5es raciais e as solu\u00e7\u00f5es emergentes para combater a manipula\u00e7\u00e3o digital.","footnotes":""},"categories":[2],"tags":[],"class_list":["post-3647","post","type-post","status-publish","format-standard","has-post-thumbnail","hentry","category-novidades"],"yoast_head":"<!-- This site is optimized with the Yoast SEO plugin v25.6 - https:\/\/yoast.com\/wordpress\/plugins\/seo\/ -->\n<title>O Alerta de Obama: Deepfakes, Racismo e a Sombra da IA na Pol\u00edtica Global - Lacerda AI<\/title>\n<meta name=\"description\" content=\"Explore o **impacto da intelig\u00eancia artificial** na desinforma\u00e7\u00e3o pol\u00edtica, a partir do alerta de Barack Obama sobre v\u00eddeos deepfake. Entenda os riscos para a democracia, as implica\u00e7\u00f5es raciais e as solu\u00e7\u00f5es emergentes para combater a manipula\u00e7\u00e3o digital.\" \/>\n<meta name=\"robots\" content=\"index, follow, max-snippet:-1, max-image-preview:large, max-video-preview:-1\" \/>\n<link rel=\"canonical\" href=\"https:\/\/lacerdaai.com\/br\/o-alerta-de-obama-deepfakes-racismo-e-a-sombra-da-ia-na-politica-global\/\" \/>\n<meta property=\"og:locale\" content=\"pt_BR\" \/>\n<meta property=\"og:type\" content=\"article\" \/>\n<meta property=\"og:title\" content=\"O Alerta de Obama: Deepfakes, Racismo e a Sombra da IA na Pol\u00edtica Global - Lacerda AI\" \/>\n<meta property=\"og:description\" content=\"Explore o **impacto da intelig\u00eancia artificial** na desinforma\u00e7\u00e3o pol\u00edtica, a partir do alerta de Barack Obama sobre v\u00eddeos deepfake. Entenda os riscos para a democracia, as implica\u00e7\u00f5es raciais e as solu\u00e7\u00f5es emergentes para combater a manipula\u00e7\u00e3o digital.\" \/>\n<meta property=\"og:url\" content=\"https:\/\/lacerdaai.com\/br\/o-alerta-de-obama-deepfakes-racismo-e-a-sombra-da-ia-na-politica-global\/\" \/>\n<meta property=\"og:site_name\" content=\"Lacerda AI\" \/>\n<meta property=\"article:published_time\" content=\"2026-02-15T23:38:11+00:00\" \/>\n<meta property=\"article:modified_time\" content=\"2026-02-15T23:38:12+00:00\" \/>\n<meta name=\"author\" content=\"Andr\u00e9 Lacerda\" \/>\n<meta name=\"twitter:card\" content=\"summary_large_image\" \/>\n<meta name=\"twitter:label1\" content=\"Escrito por\" \/>\n\t<meta name=\"twitter:data1\" content=\"Andr\u00e9 Lacerda\" \/>\n\t<meta name=\"twitter:label2\" content=\"Est. tempo de leitura\" \/>\n\t<meta name=\"twitter:data2\" content=\"9 minutos\" \/>\n<script type=\"application\/ld+json\" class=\"yoast-schema-graph\">{\"@context\":\"https:\/\/schema.org\",\"@graph\":[{\"@type\":\"WebPage\",\"@id\":\"https:\/\/lacerdaai.com\/br\/o-alerta-de-obama-deepfakes-racismo-e-a-sombra-da-ia-na-politica-global\/\",\"url\":\"https:\/\/lacerdaai.com\/br\/o-alerta-de-obama-deepfakes-racismo-e-a-sombra-da-ia-na-politica-global\/\",\"name\":\"O Alerta de Obama: Deepfakes, Racismo e a Sombra da IA na Pol\u00edtica Global - Lacerda AI\",\"isPartOf\":{\"@id\":\"https:\/\/lacerdaai.com\/br\/#website\"},\"primaryImageOfPage\":{\"@id\":\"https:\/\/lacerdaai.com\/br\/o-alerta-de-obama-deepfakes-racismo-e-a-sombra-da-ia-na-politica-global\/#primaryimage\"},\"image\":{\"@id\":\"https:\/\/lacerdaai.com\/br\/o-alerta-de-obama-deepfakes-racismo-e-a-sombra-da-ia-na-politica-global\/#primaryimage\"},\"thumbnailUrl\":\"https:\/\/lacerdaai.com\/br\/wp-content\/uploads\/2026\/02\/imagem-58.jpg\",\"datePublished\":\"2026-02-15T23:38:11+00:00\",\"dateModified\":\"2026-02-15T23:38:12+00:00\",\"author\":{\"@id\":\"https:\/\/lacerdaai.com\/br\/#\/schema\/person\/8bad803c2e83a0c5c5c75e02a1c2248f\"},\"description\":\"Explore o **impacto da intelig\u00eancia artificial** na desinforma\u00e7\u00e3o pol\u00edtica, a partir do alerta de Barack Obama sobre v\u00eddeos deepfake. Entenda os riscos para a democracia, as implica\u00e7\u00f5es raciais e as solu\u00e7\u00f5es emergentes para combater a manipula\u00e7\u00e3o digital.\",\"breadcrumb\":{\"@id\":\"https:\/\/lacerdaai.com\/br\/o-alerta-de-obama-deepfakes-racismo-e-a-sombra-da-ia-na-politica-global\/#breadcrumb\"},\"inLanguage\":\"pt-BR\",\"potentialAction\":[{\"@type\":\"ReadAction\",\"target\":[\"https:\/\/lacerdaai.com\/br\/o-alerta-de-obama-deepfakes-racismo-e-a-sombra-da-ia-na-politica-global\/\"]}]},{\"@type\":\"ImageObject\",\"inLanguage\":\"pt-BR\",\"@id\":\"https:\/\/lacerdaai.com\/br\/o-alerta-de-obama-deepfakes-racismo-e-a-sombra-da-ia-na-politica-global\/#primaryimage\",\"url\":\"https:\/\/lacerdaai.com\/br\/wp-content\/uploads\/2026\/02\/imagem-58.jpg\",\"contentUrl\":\"https:\/\/lacerdaai.com\/br\/wp-content\/uploads\/2026\/02\/imagem-58.jpg\",\"width\":1024,\"height\":576},{\"@type\":\"BreadcrumbList\",\"@id\":\"https:\/\/lacerdaai.com\/br\/o-alerta-de-obama-deepfakes-racismo-e-a-sombra-da-ia-na-politica-global\/#breadcrumb\",\"itemListElement\":[{\"@type\":\"ListItem\",\"position\":1,\"name\":\"In\u00edcio\",\"item\":\"https:\/\/lacerdaai.com\/br\/\"},{\"@type\":\"ListItem\",\"position\":2,\"name\":\"O Alerta de Obama: Deepfakes, Racismo e a Sombra da IA na Pol\u00edtica Global\"}]},{\"@type\":\"WebSite\",\"@id\":\"https:\/\/lacerdaai.com\/br\/#website\",\"url\":\"https:\/\/lacerdaai.com\/br\/\",\"name\":\"Lacerda AI\",\"description\":\"Seu blog di\u00e1rio de novidades do mundo da Inteligencia Artificial\",\"potentialAction\":[{\"@type\":\"SearchAction\",\"target\":{\"@type\":\"EntryPoint\",\"urlTemplate\":\"https:\/\/lacerdaai.com\/br\/?s={search_term_string}\"},\"query-input\":{\"@type\":\"PropertyValueSpecification\",\"valueRequired\":true,\"valueName\":\"search_term_string\"}}],\"inLanguage\":\"pt-BR\"},{\"@type\":\"Person\",\"@id\":\"https:\/\/lacerdaai.com\/br\/#\/schema\/person\/8bad803c2e83a0c5c5c75e02a1c2248f\",\"name\":\"Andr\u00e9 Lacerda\",\"image\":{\"@type\":\"ImageObject\",\"inLanguage\":\"pt-BR\",\"@id\":\"https:\/\/lacerdaai.com\/br\/#\/schema\/person\/image\/\",\"url\":\"https:\/\/secure.gravatar.com\/avatar\/f5c1fa5ad9763f54c1f223c3fc91f131da6288c9f9e28d74bb3c355ad99af205?s=96&d=mm&r=g\",\"contentUrl\":\"https:\/\/secure.gravatar.com\/avatar\/f5c1fa5ad9763f54c1f223c3fc91f131da6288c9f9e28d74bb3c355ad99af205?s=96&d=mm&r=g\",\"caption\":\"Andr\u00e9 Lacerda\"},\"description\":\"Sou o Andr\u00e9 Lacerda, tenho 35 anos e sou apaixonado por tecnologia, intelig\u00eancia artificial e boas hist\u00f3rias. Me formei em Tecnologia e Jornalismo \u2014 sim, uma mistura meio improv\u00e1vel, mas que combina muito comigo. J\u00e1 morei no Canad\u00e1 e na Espanha, e essas experi\u00eancias me ajudaram a enxergar a inova\u00e7\u00e3o com um olhar mais global (e a me virar bem em tr\u00eas idiomas \ud83d\ude04). Trabalhei em algumas das maiores empresas de tecnologia do mercado e, hoje, atuo como consultor ajudando neg\u00f3cios a entenderem e aplicarem IA de forma pr\u00e1tica, estrat\u00e9gica e humana. Gosto de traduzir o complexo em algo simples \u2014 e \u00e9 isso que voc\u00ea vai encontrar por aqui.\",\"sameAs\":[\"http:\/\/lacerdaai.com\/br\"],\"url\":\"https:\/\/lacerdaai.com\/br\/author\/red-admin\/\"}]}<\/script>\n<!-- \/ Yoast SEO plugin. -->","yoast_head_json":{"title":"O Alerta de Obama: Deepfakes, Racismo e a Sombra da IA na Pol\u00edtica Global - Lacerda AI","description":"Explore o **impacto da intelig\u00eancia artificial** na desinforma\u00e7\u00e3o pol\u00edtica, a partir do alerta de Barack Obama sobre v\u00eddeos deepfake. Entenda os riscos para a democracia, as implica\u00e7\u00f5es raciais e as solu\u00e7\u00f5es emergentes para combater a manipula\u00e7\u00e3o digital.","robots":{"index":"index","follow":"follow","max-snippet":"max-snippet:-1","max-image-preview":"max-image-preview:large","max-video-preview":"max-video-preview:-1"},"canonical":"https:\/\/lacerdaai.com\/br\/o-alerta-de-obama-deepfakes-racismo-e-a-sombra-da-ia-na-politica-global\/","og_locale":"pt_BR","og_type":"article","og_title":"O Alerta de Obama: Deepfakes, Racismo e a Sombra da IA na Pol\u00edtica Global - Lacerda AI","og_description":"Explore o **impacto da intelig\u00eancia artificial** na desinforma\u00e7\u00e3o pol\u00edtica, a partir do alerta de Barack Obama sobre v\u00eddeos deepfake. Entenda os riscos para a democracia, as implica\u00e7\u00f5es raciais e as solu\u00e7\u00f5es emergentes para combater a manipula\u00e7\u00e3o digital.","og_url":"https:\/\/lacerdaai.com\/br\/o-alerta-de-obama-deepfakes-racismo-e-a-sombra-da-ia-na-politica-global\/","og_site_name":"Lacerda AI","article_published_time":"2026-02-15T23:38:11+00:00","article_modified_time":"2026-02-15T23:38:12+00:00","author":"Andr\u00e9 Lacerda","twitter_card":"summary_large_image","twitter_misc":{"Escrito por":"Andr\u00e9 Lacerda","Est. tempo de leitura":"9 minutos"},"schema":{"@context":"https:\/\/schema.org","@graph":[{"@type":"WebPage","@id":"https:\/\/lacerdaai.com\/br\/o-alerta-de-obama-deepfakes-racismo-e-a-sombra-da-ia-na-politica-global\/","url":"https:\/\/lacerdaai.com\/br\/o-alerta-de-obama-deepfakes-racismo-e-a-sombra-da-ia-na-politica-global\/","name":"O Alerta de Obama: Deepfakes, Racismo e a Sombra da IA na Pol\u00edtica Global - Lacerda AI","isPartOf":{"@id":"https:\/\/lacerdaai.com\/br\/#website"},"primaryImageOfPage":{"@id":"https:\/\/lacerdaai.com\/br\/o-alerta-de-obama-deepfakes-racismo-e-a-sombra-da-ia-na-politica-global\/#primaryimage"},"image":{"@id":"https:\/\/lacerdaai.com\/br\/o-alerta-de-obama-deepfakes-racismo-e-a-sombra-da-ia-na-politica-global\/#primaryimage"},"thumbnailUrl":"https:\/\/lacerdaai.com\/br\/wp-content\/uploads\/2026\/02\/imagem-58.jpg","datePublished":"2026-02-15T23:38:11+00:00","dateModified":"2026-02-15T23:38:12+00:00","author":{"@id":"https:\/\/lacerdaai.com\/br\/#\/schema\/person\/8bad803c2e83a0c5c5c75e02a1c2248f"},"description":"Explore o **impacto da intelig\u00eancia artificial** na desinforma\u00e7\u00e3o pol\u00edtica, a partir do alerta de Barack Obama sobre v\u00eddeos deepfake. Entenda os riscos para a democracia, as implica\u00e7\u00f5es raciais e as solu\u00e7\u00f5es emergentes para combater a manipula\u00e7\u00e3o digital.","breadcrumb":{"@id":"https:\/\/lacerdaai.com\/br\/o-alerta-de-obama-deepfakes-racismo-e-a-sombra-da-ia-na-politica-global\/#breadcrumb"},"inLanguage":"pt-BR","potentialAction":[{"@type":"ReadAction","target":["https:\/\/lacerdaai.com\/br\/o-alerta-de-obama-deepfakes-racismo-e-a-sombra-da-ia-na-politica-global\/"]}]},{"@type":"ImageObject","inLanguage":"pt-BR","@id":"https:\/\/lacerdaai.com\/br\/o-alerta-de-obama-deepfakes-racismo-e-a-sombra-da-ia-na-politica-global\/#primaryimage","url":"https:\/\/lacerdaai.com\/br\/wp-content\/uploads\/2026\/02\/imagem-58.jpg","contentUrl":"https:\/\/lacerdaai.com\/br\/wp-content\/uploads\/2026\/02\/imagem-58.jpg","width":1024,"height":576},{"@type":"BreadcrumbList","@id":"https:\/\/lacerdaai.com\/br\/o-alerta-de-obama-deepfakes-racismo-e-a-sombra-da-ia-na-politica-global\/#breadcrumb","itemListElement":[{"@type":"ListItem","position":1,"name":"In\u00edcio","item":"https:\/\/lacerdaai.com\/br\/"},{"@type":"ListItem","position":2,"name":"O Alerta de Obama: Deepfakes, Racismo e a Sombra da IA na Pol\u00edtica Global"}]},{"@type":"WebSite","@id":"https:\/\/lacerdaai.com\/br\/#website","url":"https:\/\/lacerdaai.com\/br\/","name":"Lacerda AI","description":"Seu blog di\u00e1rio de novidades do mundo da Inteligencia Artificial","potentialAction":[{"@type":"SearchAction","target":{"@type":"EntryPoint","urlTemplate":"https:\/\/lacerdaai.com\/br\/?s={search_term_string}"},"query-input":{"@type":"PropertyValueSpecification","valueRequired":true,"valueName":"search_term_string"}}],"inLanguage":"pt-BR"},{"@type":"Person","@id":"https:\/\/lacerdaai.com\/br\/#\/schema\/person\/8bad803c2e83a0c5c5c75e02a1c2248f","name":"Andr\u00e9 Lacerda","image":{"@type":"ImageObject","inLanguage":"pt-BR","@id":"https:\/\/lacerdaai.com\/br\/#\/schema\/person\/image\/","url":"https:\/\/secure.gravatar.com\/avatar\/f5c1fa5ad9763f54c1f223c3fc91f131da6288c9f9e28d74bb3c355ad99af205?s=96&d=mm&r=g","contentUrl":"https:\/\/secure.gravatar.com\/avatar\/f5c1fa5ad9763f54c1f223c3fc91f131da6288c9f9e28d74bb3c355ad99af205?s=96&d=mm&r=g","caption":"Andr\u00e9 Lacerda"},"description":"Sou o Andr\u00e9 Lacerda, tenho 35 anos e sou apaixonado por tecnologia, intelig\u00eancia artificial e boas hist\u00f3rias. Me formei em Tecnologia e Jornalismo \u2014 sim, uma mistura meio improv\u00e1vel, mas que combina muito comigo. J\u00e1 morei no Canad\u00e1 e na Espanha, e essas experi\u00eancias me ajudaram a enxergar a inova\u00e7\u00e3o com um olhar mais global (e a me virar bem em tr\u00eas idiomas \ud83d\ude04). Trabalhei em algumas das maiores empresas de tecnologia do mercado e, hoje, atuo como consultor ajudando neg\u00f3cios a entenderem e aplicarem IA de forma pr\u00e1tica, estrat\u00e9gica e humana. Gosto de traduzir o complexo em algo simples \u2014 e \u00e9 isso que voc\u00ea vai encontrar por aqui.","sameAs":["http:\/\/lacerdaai.com\/br"],"url":"https:\/\/lacerdaai.com\/br\/author\/red-admin\/"}]}},"_links":{"self":[{"href":"https:\/\/lacerdaai.com\/br\/wp-json\/wp\/v2\/posts\/3647","targetHints":{"allow":["GET"]}}],"collection":[{"href":"https:\/\/lacerdaai.com\/br\/wp-json\/wp\/v2\/posts"}],"about":[{"href":"https:\/\/lacerdaai.com\/br\/wp-json\/wp\/v2\/types\/post"}],"author":[{"embeddable":true,"href":"https:\/\/lacerdaai.com\/br\/wp-json\/wp\/v2\/users\/1"}],"replies":[{"embeddable":true,"href":"https:\/\/lacerdaai.com\/br\/wp-json\/wp\/v2\/comments?post=3647"}],"version-history":[{"count":1,"href":"https:\/\/lacerdaai.com\/br\/wp-json\/wp\/v2\/posts\/3647\/revisions"}],"predecessor-version":[{"id":3648,"href":"https:\/\/lacerdaai.com\/br\/wp-json\/wp\/v2\/posts\/3647\/revisions\/3648"}],"wp:featuredmedia":[{"embeddable":true,"href":"https:\/\/lacerdaai.com\/br\/wp-json\/wp\/v2\/media\/3646"}],"wp:attachment":[{"href":"https:\/\/lacerdaai.com\/br\/wp-json\/wp\/v2\/media?parent=3647"}],"wp:term":[{"taxonomy":"category","embeddable":true,"href":"https:\/\/lacerdaai.com\/br\/wp-json\/wp\/v2\/categories?post=3647"},{"taxonomy":"post_tag","embeddable":true,"href":"https:\/\/lacerdaai.com\/br\/wp-json\/wp\/v2\/tags?post=3647"}],"curies":[{"name":"wp","href":"https:\/\/api.w.org\/{rel}","templated":true}]}}