{"id":3680,"date":"2026-02-18T12:37:38","date_gmt":"2026-02-18T15:37:38","guid":{"rendered":"https:\/\/lacerdaai.com\/br\/apple-e-a-revolucao-silenciosa-o-triunfo-dos-wearables-de-ia-na-proxima-geracao-de-hardware\/"},"modified":"2026-02-18T12:37:40","modified_gmt":"2026-02-18T15:37:40","slug":"apple-e-a-revolucao-silenciosa-o-triunfo-dos-wearables-de-ia-na-proxima-geracao-de-hardware","status":"publish","type":"post","link":"https:\/\/lacerdaai.com\/br\/apple-e-a-revolucao-silenciosa-o-triunfo-dos-wearables-de-ia-na-proxima-geracao-de-hardware\/","title":{"rendered":"Apple e a Revolu\u00e7\u00e3o Silenciosa: O Triunfo dos Wearables de IA na Pr\u00f3xima Gera\u00e7\u00e3o de Hardware"},"content":{"rendered":"<p>## Apple e a Revolu\u00e7\u00e3o Silenciosa: O Triunfo dos Wearables de IA na Pr\u00f3xima Gera\u00e7\u00e3o de Hardware<\/p>\n<p>No cen\u00e1rio efervescente da tecnologia, poucas not\u00edcias geram tanto burburinho quanto a possibilidade de a Apple estar aprimorando sua estrat\u00e9gia de hardware com um foco intenso em intelig\u00eancia artificial. Recentemente, rumores indicam que a gigante de Cupertino estaria desenvolvendo um trio de dispositivos vest\u00edveis alimentados por IA, sinalizando uma guinada significativa em sua j\u00e1 influente linha de produtos. N\u00e3o \u00e9 novidade que a Apple tem um hist\u00f3rico de transformar categorias existentes ou at\u00e9 mesmo criar novas, e a fus\u00e3o de seu expertise em design e integra\u00e7\u00e3o de hardware com o poder transformador da IA promete redefinir a maneira como interagimos com a tecnologia em nosso dia a dia.<\/p>\n<p>A corrida armamentista da intelig\u00eancia artificial est\u00e1 se aquecendo, e n\u00e3o apenas no software. O hardware inteligente, aquele que nos oferece uma experi\u00eancia mais contextual, proativa e personalizada, \u00e9 a pr\u00f3xima fronteira. Empresas de todos os portes est\u00e3o investindo pesado para embutir capacidades de IA diretamente nos dispositivos que carregamos, vestimos ou instalamos em nossas casas. Neste contexto, a Apple, com seu ecossistema robusto e sua base de usu\u00e1rios leais, tem uma posi\u00e7\u00e3o privilegiada para liderar essa transi\u00e7\u00e3o. A promessa \u00e9 de um futuro onde nossos gadgets n\u00e3o s\u00e3o apenas ferramentas, mas assistentes discretos e altamente inteligentes, antecipando nossas necessidades e simplificando nossas vidas de maneiras que hoje mal podemos imaginar. Vamos mergulhar nesse universo fascinante e explorar o que podemos esperar dos supostos **wearables de IA** da Apple.<\/p>\n<h3><strong>Wearables de IA<\/strong>: Onde a Apple Encontra a Pr\u00f3xima Gera\u00e7\u00e3o de Hardware Inteligente<\/h3>\n<p>A Apple j\u00e1 tem uma presen\u00e7a incontest\u00e1vel no mercado de dispositivos vest\u00edveis. O Apple Watch, por exemplo, n\u00e3o \u00e9 apenas um rel\u00f3gio inteligente; \u00e9 um centro de sa\u00fade e bem-estar, um monitor de atividade f\u00edsica e um comunicador de pulso que se tornou um pilar para milh\u00f5es de usu\u00e1rios. Os AirPods, por sua vez, transcenderam o papel de simples fones de ouvido sem fio, oferecendo cancelamento de ru\u00eddo, \u00e1udio espacial e uma integra\u00e7\u00e3o fluida com o ecossistema Apple, transformando-os em verdadeiros computadores vest\u00edveis de \u00e1udio. Mais recentemente, o Vision Pro, apesar de sua categoria ainda nascente e pre\u00e7o elevado, aponta para uma vis\u00e3o ambiciosa da computa\u00e7\u00e3o espacial, onde a intera\u00e7\u00e3o se d\u00e1 de forma mais natural e imersiva.<\/p>\n<p>Agora, imagine a intelig\u00eancia artificial, que j\u00e1 permeia o iOS com recursos como o aprimoramento de fotos, a Siri e a organiza\u00e7\u00e3o inteligente de arquivos, sendo profundamente integrada a esses dispositivos vest\u00edveis e a outros ainda n\u00e3o revelados. A palavra-chave aqui \u00e9 **wearables de IA**: aparelhos que n\u00e3o apenas coletam dados, mas os processam e agem sobre eles de forma inteligente, oferecendo insights e funcionalidades que v\u00e3o muito al\u00e9m da mera notifica\u00e7\u00e3o. Essa integra\u00e7\u00e3o de IA no hardware n\u00e3o \u00e9 apenas sobre adicionar um chip mais r\u00e1pido ou um novo recurso; \u00e9 sobre transformar a experi\u00eancia do usu\u00e1rio em algo mais org\u00e2nico, quase simbi\u00f3tico. Estamos falando de dispositivos que entendem o contexto em que estamos, nossas rotinas, nossas prefer\u00eancias e at\u00e9 mesmo nosso estado emocional, para nos oferecer uma ajuda realmente relevante.<\/p>\n<p>Rumores sobre a Apple desenvolver tr\u00eas produtos vest\u00edveis com IA apontam para uma diversifica\u00e7\u00e3o estrat\u00e9gica. Embora os detalhes sejam escassos, podemos especular sobre as possibilidades. Poder\u00edamos ver um Apple Watch com capacidades de monitoramento de sa\u00fade ainda mais avan\u00e7adas, talvez detectando sutilezas em padr\u00f5es de comportamento ou marcadores biom\u00e9tricos que hoje passariam despercebidos, alertando sobre condi\u00e7\u00f5es potenciais antes mesmo que os sintomas se manifestem. Ou talvez uma nova gera\u00e7\u00e3o de AirPods que n\u00e3o apenas otimiza o \u00e1udio, mas atua como um tradutor em tempo real, um assistente de produtividade que sussurra lembretes importantes ou at\u00e9 mesmo um coach de bem-estar que monitora o estresse e sugere t\u00e9cnicas de relaxamento com base em dados coletados passivamente.<\/p>\n<p>No entanto, o mais intrigante \u00e9 a possibilidade de novos formatos. Seria um anel inteligente, seguindo a tend\u00eancia de outras empresas como a Oura, com foco em monitoramento cont\u00ednuo e discreto? Ou talvez \u00f3culos inteligentes mais acess\u00edveis e discretos que o Vision Pro, integrando realidade aumentada e assist\u00eancia de IA no campo de vis\u00e3o do usu\u00e1rio, sem a barreira de uma tela t\u00e3o imersiva e isolante? A Apple \u00e9 conhecida por sua paci\u00eancia em entrar em novos mercados, esperando o momento certo para lan\u00e7ar um produto que n\u00e3o seja apenas inovador, mas tamb\u00e9m polido e alinhado com sua vis\u00e3o de ecossistema. A converg\u00eancia de hardware de ponta com modelos de IA eficientes rodando localmente (on-device AI) ou em nuvem ser\u00e1 o diferencial competitivo.<\/p>\n<h3>A Revolu\u00e7\u00e3o Silenciosa: Como a IA Est\u00e1 Transformando Nossos Dispositivos Vest\u00edveis<\/h3>\n<p>A intelig\u00eancia artificial, longe de ser um conceito futurista, j\u00e1 est\u00e1 redefinindo a funcionalidade dos dispositivos vest\u00edveis. No contexto dos **wearables de IA**, essa transforma\u00e7\u00e3o se manifesta em v\u00e1rias frentes cruciais. A primeira e mais evidente \u00e9 a **personaliza\u00e7\u00e3o extrema**. Um dispositivo com IA pode aprender sobre seus h\u00e1bitos de sono, padr\u00f5es de exerc\u00edcio, prefer\u00eancias musicais e at\u00e9 mesmo sua resposta a diferentes tipos de not\u00edcias ou informa\u00e7\u00f5es. Com esses dados, ele pode adaptar alertas, sugest\u00f5es e at\u00e9 mesmo a interface do usu\u00e1rio para se adequar perfeitamente a voc\u00ea.<\/p>\n<p>Outro ponto vital \u00e9 o **monitoramento de sa\u00fade proativo e preditivo**. Os atuais wearables j\u00e1 coletam uma quantidade impressionante de dados, de batimentos card\u00edacos a n\u00edveis de oxig\u00eanio no sangue. Com a IA, esses dados podem ser analisados em tempo real para identificar tend\u00eancias sutis que um olho humano ou um algoritmo simples n\u00e3o conseguiria. Por exemplo, a IA poderia correlacionar varia\u00e7\u00f5es na frequ\u00eancia card\u00edaca, padr\u00f5es de sono e n\u00edveis de estresse para prever uma poss\u00edvel gripe ou at\u00e9 mesmo identificar sinais precoces de condi\u00e7\u00f5es cr\u00f4nicas. Dispositivos vest\u00edveis dotados de IA t\u00eam o potencial de transformar a sa\u00fade preventiva, movendo-nos de uma abordagem reativa para uma proativa.<\/p>\n<p>A **assist\u00eancia contextual** \u00e9 a cereja do bolo. Imagine um dispositivo que sabe que voc\u00ea est\u00e1 em uma reuni\u00e3o importante e, portanto, silencia automaticamente as notifica\u00e7\u00f5es n\u00e3o urgentes, mas permite que uma liga\u00e7\u00e3o de emerg\u00eancia de um contato espec\u00edfico passe. Ou um fone de ouvido que detecta o ambiente barulhento do trem e ajusta o volume da sua m\u00fasica e o n\u00edvel de cancelamento de ru\u00eddo sem que voc\u00ea precise levantar um dedo. Essa capacidade de entender o ambiente e o estado do usu\u00e1rio para oferecer ajuda relevante e n\u00e3o intrusiva \u00e9 o auge da experi\u00eancia com **wearables de IA**.<\/p>\n<p>Al\u00e9m disso, a IA pode aprimorar a **seguran\u00e7a e a conveni\u00eancia**. Autentica\u00e7\u00e3o biom\u00e9trica avan\u00e7ada, como a an\u00e1lise de padr\u00f5es de caminhada ou at\u00e9 mesmo o reconhecimento da voz do usu\u00e1rio em ambientes complexos, pode garantir que apenas voc\u00ea tenha acesso aos seus dados e fun\u00e7\u00f5es. A conveni\u00eancia se manifesta na automa\u00e7\u00e3o de tarefas cotidianas, como pagamentos sem contato, controle de dispositivos dom\u00e9sticos inteligentes ou at\u00e9 mesmo a cria\u00e7\u00e3o de rotinas personalizadas com base em sua agenda e localiza\u00e7\u00e3o. A Apple, com sua arquitetura de chip avan\u00e7ada (como os chips da s\u00e9rie A e M) e sua experi\u00eancia em integrar hardware e software de forma coesa, est\u00e1 em uma posi\u00e7\u00e3o ideal para otimizar esses processos, muitas vezes permitindo que a IA opere de forma eficiente diretamente no dispositivo, preservando a privacidade e a velocidade.<\/p>\n<h3>O Futuro Chegou: Cen\u00e1rios e Desafios dos Wearables Inteligentes<\/h3>\n<p>\u00c0 medida que a Apple e outras gigantes da tecnologia avan\u00e7am na cria\u00e7\u00e3o de **wearables de IA**, o futuro da intera\u00e7\u00e3o humana com o digital se desenha de forma mais fluida e integrada. O conceito de \u201ccomputa\u00e7\u00e3o ambiente\u201d \u2013 onde a tecnologia est\u00e1 sempre presente, mas de forma invis\u00edvel e adaptativa \u2013 parece cada vez mais pr\u00f3ximo. Os dispositivos vest\u00edveis com IA s\u00e3o a ponta de lan\u00e7a dessa vis\u00e3o, atuando como nossos olhos, ouvidos e at\u00e9 mesmo nosso sistema nervoso digital, nos conectando ao mundo da informa\u00e7\u00e3o de maneira quase telep\u00e1tica.<\/p>\n<p>Al\u00e9m dos j\u00e1 mencionados Apple Watch e AirPods, e considerando a dire\u00e7\u00e3o do Vision Pro, \u00e9 poss\u00edvel imaginar um ecossistema de wearables da Apple que se comunica de forma inteligente entre si e com outros dispositivos, criando uma rede de intelig\u00eancia pessoal. Um anel com IA poderia monitorar discretamente sua frequ\u00eancia card\u00edaca e n\u00edveis de estresse, enquanto os \u00f3culos inteligentes exibiriam informa\u00e7\u00f5es relevantes sobre o ambiente \u00e0 sua frente, e os fones de ouvido sussurrariam sugest\u00f5es com base em suas intera\u00e7\u00f5es. Tudo isso com o objetivo de otimizar sua produtividade, bem-estar e entretenimento, com a intelig\u00eancia artificial agindo como o maestro dessa orquestra digital.<\/p>\n<p>Contudo, o caminho para esse futuro n\u00e3o \u00e9 isento de desafios. A **privacidade de dados** \u00e9, sem d\u00favida, a principal preocupa\u00e7\u00e3o. Dispositivos que coletam continuamente informa\u00e7\u00f5es sobre nossa sa\u00fade, localiza\u00e7\u00e3o e intera\u00e7\u00f5es demandam um n\u00edvel de seguran\u00e7a e transpar\u00eancia que as empresas precisam garantir. A Apple tem um hist\u00f3rico de priorizar a privacidade, o que pode ser um diferencial crucial nesse mercado sens\u00edvel. A **dura\u00e7\u00e3o da bateria** \u00e9 outro obst\u00e1culo significativo; integrar chips de IA potentes e sensores avan\u00e7ados exige mais energia, e a expectativa dos usu\u00e1rios \u00e9 que esses dispositivos funcionem por longos per\u00edodos sem recarga.<\/p>\n<p>Outro desafio \u00e9 a **aceita\u00e7\u00e3o social e o design**. Os **wearables de IA** precisam ser discretos, elegantes e se encaixar naturalmente no estilo de vida das pessoas. Ningu\u00e9m quer se sentir como um ciborgue ou ter um dispositivo que pare\u00e7a invasivo. A ergonomia, os materiais e a est\u00e9tica ser\u00e3o t\u00e3o importantes quanto a funcionalidade. A Apple, com sua expertise em design minimalista e centrado no usu\u00e1rio, tem uma vantagem nesse aspecto. Al\u00e9m disso, a **interoperabilidade** com outros sistemas e a padroniza\u00e7\u00e3o de tecnologias de IA ser\u00e3o cruciais para que esses dispositivos funcionem de forma eficaz em um mundo multimarca.<\/p>\n<p>O mercado de hardware inteligente com IA \u00e9 f\u00e9rtil, com empresas como Google (com seus avan\u00e7os em Pixel Buds e chips Tensor), Samsung (com o Galaxy Ring e sua plataforma de sa\u00fade) e startups inovadoras (como Humane com o Ai Pin) tamb\u00e9m buscando seu espa\u00e7o. A competi\u00e7\u00e3o \u00e9 saud\u00e1vel e impulsiona a inova\u00e7\u00e3o. A entrada da Apple com uma linha renovada de **wearables de IA** n\u00e3o apenas intensificar\u00e1 essa corrida, mas tamb\u00e9m validar\u00e1 a categoria, empurrando toda a ind\u00fastria para novos patamares de excel\u00eancia e utilidade. A capacidade de processar dados localmente, minimizando a lat\u00eancia e protegendo a privacidade, ser\u00e1 um fator-chave para o sucesso, e \u00e9 algo em que a Apple tem investido consistentemente com seus chips personalizados.<\/p>\n<h3>Conclus\u00e3o<\/h3>\n<p>A perspectiva de a Apple lan\u00e7ar uma nova gera\u00e7\u00e3o de **wearables de IA** \u00e9 mais do que apenas uma not\u00edcia sobre novos produtos; \u00e9 um vislumbre do futuro da intera\u00e7\u00e3o humana com a tecnologia. Estamos \u00e0 beira de uma era em que nossos dispositivos vest\u00edveis n\u00e3o s\u00e3o apenas ferramentas passivas, mas verdadeiros companheiros inteligentes, capazes de entender, antecipar e auxiliar em nosso dia a dia de formas que antes pertenciam \u00e0 fic\u00e7\u00e3o cient\u00edfica. A fus\u00e3o do design impec\u00e1vel da Apple, sua poderosa capacidade de integra\u00e7\u00e3o de hardware e software, e os avan\u00e7os exponenciais da intelig\u00eancia artificial prometem redefinir o que esperamos de um gadget.<\/p>\n<p>Seja um Apple Watch ainda mais inteligente, AirPods com funcionalidades de assist\u00eancia pessoal avan\u00e7adas, ou um dispositivo vest\u00edvel completamente novo que redefine uma categoria, o impacto ser\u00e1 profundo. A Apple tem o potencial de n\u00e3o apenas participar, mas de liderar a pr\u00f3xima revolu\u00e7\u00e3o no hardware inteligente, transformando nossos **wearables de IA** em extens\u00f5es intuitivas de n\u00f3s mesmos, tornando a tecnologia mais humana, mais \u00fatil e, acima de tudo, mais integrada \u00e0 nossa pr\u00f3pria exist\u00eancia. O futuro est\u00e1 sendo constru\u00eddo em torno de nossos pulsos, em nossos ouvidos e talvez at\u00e9 mesmo em nossos dedos, e a Apple est\u00e1 pronta para nos levar nessa jornada.<\/p>\n","protected":false},"excerpt":{"rendered":"<p>## Apple e a Revolu\u00e7\u00e3o Silenciosa: O Triunfo dos Wearables de IA na Pr\u00f3xima Gera\u00e7\u00e3o de Hardware No cen\u00e1rio efervescente da tecnologia, poucas not\u00edcias geram tanto burburinho quanto a possibilidade de a Apple estar aprimorando sua estrat\u00e9gia de hardware com um foco intenso em intelig\u00eancia artificial. Recentemente, rumores indicam que a gigante de Cupertino estaria [&hellip;]<\/p>\n","protected":false},"author":1,"featured_media":3679,"comment_status":"open","ping_status":"open","sticky":false,"template":"","format":"standard","meta":{"_yoast_wpseo_focuskw":"wearables de IA","_yoast_wpseo_metadesc":"A Apple est\u00e1 moldando o futuro com seus promissores wearables de IA. Explore as inova\u00e7\u00f5es, tend\u00eancias e o impacto da intelig\u00eancia artificial em dispositivos vest\u00edveis no nosso cotidiano.","footnotes":""},"categories":[2],"tags":[],"class_list":["post-3680","post","type-post","status-publish","format-standard","has-post-thumbnail","hentry","category-novidades"],"yoast_head":"<!-- This site is optimized with the Yoast SEO plugin v25.6 - https:\/\/yoast.com\/wordpress\/plugins\/seo\/ -->\n<title>Apple e a Revolu\u00e7\u00e3o Silenciosa: O Triunfo dos Wearables de IA na Pr\u00f3xima Gera\u00e7\u00e3o de Hardware - Lacerda AI<\/title>\n<meta name=\"description\" content=\"A Apple est\u00e1 moldando o futuro com seus promissores wearables de IA. Explore as inova\u00e7\u00f5es, tend\u00eancias e o impacto da intelig\u00eancia artificial em dispositivos vest\u00edveis no nosso cotidiano.\" \/>\n<meta name=\"robots\" content=\"index, follow, max-snippet:-1, max-image-preview:large, max-video-preview:-1\" \/>\n<link rel=\"canonical\" href=\"https:\/\/lacerdaai.com\/br\/apple-e-a-revolucao-silenciosa-o-triunfo-dos-wearables-de-ia-na-proxima-geracao-de-hardware\/\" \/>\n<meta property=\"og:locale\" content=\"pt_BR\" \/>\n<meta property=\"og:type\" content=\"article\" \/>\n<meta property=\"og:title\" content=\"Apple e a Revolu\u00e7\u00e3o Silenciosa: O Triunfo dos Wearables de IA na Pr\u00f3xima Gera\u00e7\u00e3o de Hardware - Lacerda AI\" \/>\n<meta property=\"og:description\" content=\"A Apple est\u00e1 moldando o futuro com seus promissores wearables de IA. Explore as inova\u00e7\u00f5es, tend\u00eancias e o impacto da intelig\u00eancia artificial em dispositivos vest\u00edveis no nosso cotidiano.\" \/>\n<meta property=\"og:url\" content=\"https:\/\/lacerdaai.com\/br\/apple-e-a-revolucao-silenciosa-o-triunfo-dos-wearables-de-ia-na-proxima-geracao-de-hardware\/\" \/>\n<meta property=\"og:site_name\" content=\"Lacerda AI\" \/>\n<meta property=\"article:published_time\" content=\"2026-02-18T15:37:38+00:00\" \/>\n<meta property=\"article:modified_time\" content=\"2026-02-18T15:37:40+00:00\" \/>\n<meta name=\"author\" content=\"Andr\u00e9 Lacerda\" \/>\n<meta name=\"twitter:card\" content=\"summary_large_image\" \/>\n<meta name=\"twitter:label1\" content=\"Escrito por\" \/>\n\t<meta name=\"twitter:data1\" content=\"Andr\u00e9 Lacerda\" \/>\n\t<meta name=\"twitter:label2\" content=\"Est. tempo de leitura\" \/>\n\t<meta name=\"twitter:data2\" content=\"11 minutos\" \/>\n<script type=\"application\/ld+json\" class=\"yoast-schema-graph\">{\"@context\":\"https:\/\/schema.org\",\"@graph\":[{\"@type\":\"WebPage\",\"@id\":\"https:\/\/lacerdaai.com\/br\/apple-e-a-revolucao-silenciosa-o-triunfo-dos-wearables-de-ia-na-proxima-geracao-de-hardware\/\",\"url\":\"https:\/\/lacerdaai.com\/br\/apple-e-a-revolucao-silenciosa-o-triunfo-dos-wearables-de-ia-na-proxima-geracao-de-hardware\/\",\"name\":\"Apple e a Revolu\u00e7\u00e3o Silenciosa: O Triunfo dos Wearables de IA na Pr\u00f3xima Gera\u00e7\u00e3o de Hardware - Lacerda AI\",\"isPartOf\":{\"@id\":\"https:\/\/lacerdaai.com\/br\/#website\"},\"primaryImageOfPage\":{\"@id\":\"https:\/\/lacerdaai.com\/br\/apple-e-a-revolucao-silenciosa-o-triunfo-dos-wearables-de-ia-na-proxima-geracao-de-hardware\/#primaryimage\"},\"image\":{\"@id\":\"https:\/\/lacerdaai.com\/br\/apple-e-a-revolucao-silenciosa-o-triunfo-dos-wearables-de-ia-na-proxima-geracao-de-hardware\/#primaryimage\"},\"thumbnailUrl\":\"https:\/\/lacerdaai.com\/br\/wp-content\/uploads\/2026\/02\/imagem-69.jpg\",\"datePublished\":\"2026-02-18T15:37:38+00:00\",\"dateModified\":\"2026-02-18T15:37:40+00:00\",\"author\":{\"@id\":\"https:\/\/lacerdaai.com\/br\/#\/schema\/person\/8bad803c2e83a0c5c5c75e02a1c2248f\"},\"description\":\"A Apple est\u00e1 moldando o futuro com seus promissores wearables de IA. Explore as inova\u00e7\u00f5es, tend\u00eancias e o impacto da intelig\u00eancia artificial em dispositivos vest\u00edveis no nosso cotidiano.\",\"breadcrumb\":{\"@id\":\"https:\/\/lacerdaai.com\/br\/apple-e-a-revolucao-silenciosa-o-triunfo-dos-wearables-de-ia-na-proxima-geracao-de-hardware\/#breadcrumb\"},\"inLanguage\":\"pt-BR\",\"potentialAction\":[{\"@type\":\"ReadAction\",\"target\":[\"https:\/\/lacerdaai.com\/br\/apple-e-a-revolucao-silenciosa-o-triunfo-dos-wearables-de-ia-na-proxima-geracao-de-hardware\/\"]}]},{\"@type\":\"ImageObject\",\"inLanguage\":\"pt-BR\",\"@id\":\"https:\/\/lacerdaai.com\/br\/apple-e-a-revolucao-silenciosa-o-triunfo-dos-wearables-de-ia-na-proxima-geracao-de-hardware\/#primaryimage\",\"url\":\"https:\/\/lacerdaai.com\/br\/wp-content\/uploads\/2026\/02\/imagem-69.jpg\",\"contentUrl\":\"https:\/\/lacerdaai.com\/br\/wp-content\/uploads\/2026\/02\/imagem-69.jpg\",\"width\":1024,\"height\":759,\"caption\":\"CUPERTINO, CALIFORNIA - SEPTEMBER 09: Apple CEO Tim Cook speaks during the keynote address at an Apple special event on September 09, 2025 in Cupertino, California. Apple will announce a new generation of iPhones during a special event at Apple headquarters. (Photo by Justin Sullivan\/Getty Images)\"},{\"@type\":\"BreadcrumbList\",\"@id\":\"https:\/\/lacerdaai.com\/br\/apple-e-a-revolucao-silenciosa-o-triunfo-dos-wearables-de-ia-na-proxima-geracao-de-hardware\/#breadcrumb\",\"itemListElement\":[{\"@type\":\"ListItem\",\"position\":1,\"name\":\"In\u00edcio\",\"item\":\"https:\/\/lacerdaai.com\/br\/\"},{\"@type\":\"ListItem\",\"position\":2,\"name\":\"Apple e a Revolu\u00e7\u00e3o Silenciosa: O Triunfo dos Wearables de IA na Pr\u00f3xima Gera\u00e7\u00e3o de Hardware\"}]},{\"@type\":\"WebSite\",\"@id\":\"https:\/\/lacerdaai.com\/br\/#website\",\"url\":\"https:\/\/lacerdaai.com\/br\/\",\"name\":\"Lacerda AI\",\"description\":\"Seu blog di\u00e1rio de novidades do mundo da Inteligencia Artificial\",\"potentialAction\":[{\"@type\":\"SearchAction\",\"target\":{\"@type\":\"EntryPoint\",\"urlTemplate\":\"https:\/\/lacerdaai.com\/br\/?s={search_term_string}\"},\"query-input\":{\"@type\":\"PropertyValueSpecification\",\"valueRequired\":true,\"valueName\":\"search_term_string\"}}],\"inLanguage\":\"pt-BR\"},{\"@type\":\"Person\",\"@id\":\"https:\/\/lacerdaai.com\/br\/#\/schema\/person\/8bad803c2e83a0c5c5c75e02a1c2248f\",\"name\":\"Andr\u00e9 Lacerda\",\"image\":{\"@type\":\"ImageObject\",\"inLanguage\":\"pt-BR\",\"@id\":\"https:\/\/lacerdaai.com\/br\/#\/schema\/person\/image\/\",\"url\":\"https:\/\/secure.gravatar.com\/avatar\/f5c1fa5ad9763f54c1f223c3fc91f131da6288c9f9e28d74bb3c355ad99af205?s=96&d=mm&r=g\",\"contentUrl\":\"https:\/\/secure.gravatar.com\/avatar\/f5c1fa5ad9763f54c1f223c3fc91f131da6288c9f9e28d74bb3c355ad99af205?s=96&d=mm&r=g\",\"caption\":\"Andr\u00e9 Lacerda\"},\"description\":\"Sou o Andr\u00e9 Lacerda, tenho 35 anos e sou apaixonado por tecnologia, intelig\u00eancia artificial e boas hist\u00f3rias. Me formei em Tecnologia e Jornalismo \u2014 sim, uma mistura meio improv\u00e1vel, mas que combina muito comigo. J\u00e1 morei no Canad\u00e1 e na Espanha, e essas experi\u00eancias me ajudaram a enxergar a inova\u00e7\u00e3o com um olhar mais global (e a me virar bem em tr\u00eas idiomas \ud83d\ude04). Trabalhei em algumas das maiores empresas de tecnologia do mercado e, hoje, atuo como consultor ajudando neg\u00f3cios a entenderem e aplicarem IA de forma pr\u00e1tica, estrat\u00e9gica e humana. Gosto de traduzir o complexo em algo simples \u2014 e \u00e9 isso que voc\u00ea vai encontrar por aqui.\",\"sameAs\":[\"http:\/\/lacerdaai.com\/br\"],\"url\":\"https:\/\/lacerdaai.com\/br\/author\/red-admin\/\"}]}<\/script>\n<!-- \/ Yoast SEO plugin. -->","yoast_head_json":{"title":"Apple e a Revolu\u00e7\u00e3o Silenciosa: O Triunfo dos Wearables de IA na Pr\u00f3xima Gera\u00e7\u00e3o de Hardware - Lacerda AI","description":"A Apple est\u00e1 moldando o futuro com seus promissores wearables de IA. Explore as inova\u00e7\u00f5es, tend\u00eancias e o impacto da intelig\u00eancia artificial em dispositivos vest\u00edveis no nosso cotidiano.","robots":{"index":"index","follow":"follow","max-snippet":"max-snippet:-1","max-image-preview":"max-image-preview:large","max-video-preview":"max-video-preview:-1"},"canonical":"https:\/\/lacerdaai.com\/br\/apple-e-a-revolucao-silenciosa-o-triunfo-dos-wearables-de-ia-na-proxima-geracao-de-hardware\/","og_locale":"pt_BR","og_type":"article","og_title":"Apple e a Revolu\u00e7\u00e3o Silenciosa: O Triunfo dos Wearables de IA na Pr\u00f3xima Gera\u00e7\u00e3o de Hardware - Lacerda AI","og_description":"A Apple est\u00e1 moldando o futuro com seus promissores wearables de IA. Explore as inova\u00e7\u00f5es, tend\u00eancias e o impacto da intelig\u00eancia artificial em dispositivos vest\u00edveis no nosso cotidiano.","og_url":"https:\/\/lacerdaai.com\/br\/apple-e-a-revolucao-silenciosa-o-triunfo-dos-wearables-de-ia-na-proxima-geracao-de-hardware\/","og_site_name":"Lacerda AI","article_published_time":"2026-02-18T15:37:38+00:00","article_modified_time":"2026-02-18T15:37:40+00:00","author":"Andr\u00e9 Lacerda","twitter_card":"summary_large_image","twitter_misc":{"Escrito por":"Andr\u00e9 Lacerda","Est. tempo de leitura":"11 minutos"},"schema":{"@context":"https:\/\/schema.org","@graph":[{"@type":"WebPage","@id":"https:\/\/lacerdaai.com\/br\/apple-e-a-revolucao-silenciosa-o-triunfo-dos-wearables-de-ia-na-proxima-geracao-de-hardware\/","url":"https:\/\/lacerdaai.com\/br\/apple-e-a-revolucao-silenciosa-o-triunfo-dos-wearables-de-ia-na-proxima-geracao-de-hardware\/","name":"Apple e a Revolu\u00e7\u00e3o Silenciosa: O Triunfo dos Wearables de IA na Pr\u00f3xima Gera\u00e7\u00e3o de Hardware - Lacerda AI","isPartOf":{"@id":"https:\/\/lacerdaai.com\/br\/#website"},"primaryImageOfPage":{"@id":"https:\/\/lacerdaai.com\/br\/apple-e-a-revolucao-silenciosa-o-triunfo-dos-wearables-de-ia-na-proxima-geracao-de-hardware\/#primaryimage"},"image":{"@id":"https:\/\/lacerdaai.com\/br\/apple-e-a-revolucao-silenciosa-o-triunfo-dos-wearables-de-ia-na-proxima-geracao-de-hardware\/#primaryimage"},"thumbnailUrl":"https:\/\/lacerdaai.com\/br\/wp-content\/uploads\/2026\/02\/imagem-69.jpg","datePublished":"2026-02-18T15:37:38+00:00","dateModified":"2026-02-18T15:37:40+00:00","author":{"@id":"https:\/\/lacerdaai.com\/br\/#\/schema\/person\/8bad803c2e83a0c5c5c75e02a1c2248f"},"description":"A Apple est\u00e1 moldando o futuro com seus promissores wearables de IA. Explore as inova\u00e7\u00f5es, tend\u00eancias e o impacto da intelig\u00eancia artificial em dispositivos vest\u00edveis no nosso cotidiano.","breadcrumb":{"@id":"https:\/\/lacerdaai.com\/br\/apple-e-a-revolucao-silenciosa-o-triunfo-dos-wearables-de-ia-na-proxima-geracao-de-hardware\/#breadcrumb"},"inLanguage":"pt-BR","potentialAction":[{"@type":"ReadAction","target":["https:\/\/lacerdaai.com\/br\/apple-e-a-revolucao-silenciosa-o-triunfo-dos-wearables-de-ia-na-proxima-geracao-de-hardware\/"]}]},{"@type":"ImageObject","inLanguage":"pt-BR","@id":"https:\/\/lacerdaai.com\/br\/apple-e-a-revolucao-silenciosa-o-triunfo-dos-wearables-de-ia-na-proxima-geracao-de-hardware\/#primaryimage","url":"https:\/\/lacerdaai.com\/br\/wp-content\/uploads\/2026\/02\/imagem-69.jpg","contentUrl":"https:\/\/lacerdaai.com\/br\/wp-content\/uploads\/2026\/02\/imagem-69.jpg","width":1024,"height":759,"caption":"CUPERTINO, CALIFORNIA - SEPTEMBER 09: Apple CEO Tim Cook speaks during the keynote address at an Apple special event on September 09, 2025 in Cupertino, California. Apple will announce a new generation of iPhones during a special event at Apple headquarters. (Photo by Justin Sullivan\/Getty Images)"},{"@type":"BreadcrumbList","@id":"https:\/\/lacerdaai.com\/br\/apple-e-a-revolucao-silenciosa-o-triunfo-dos-wearables-de-ia-na-proxima-geracao-de-hardware\/#breadcrumb","itemListElement":[{"@type":"ListItem","position":1,"name":"In\u00edcio","item":"https:\/\/lacerdaai.com\/br\/"},{"@type":"ListItem","position":2,"name":"Apple e a Revolu\u00e7\u00e3o Silenciosa: O Triunfo dos Wearables de IA na Pr\u00f3xima Gera\u00e7\u00e3o de Hardware"}]},{"@type":"WebSite","@id":"https:\/\/lacerdaai.com\/br\/#website","url":"https:\/\/lacerdaai.com\/br\/","name":"Lacerda AI","description":"Seu blog di\u00e1rio de novidades do mundo da Inteligencia Artificial","potentialAction":[{"@type":"SearchAction","target":{"@type":"EntryPoint","urlTemplate":"https:\/\/lacerdaai.com\/br\/?s={search_term_string}"},"query-input":{"@type":"PropertyValueSpecification","valueRequired":true,"valueName":"search_term_string"}}],"inLanguage":"pt-BR"},{"@type":"Person","@id":"https:\/\/lacerdaai.com\/br\/#\/schema\/person\/8bad803c2e83a0c5c5c75e02a1c2248f","name":"Andr\u00e9 Lacerda","image":{"@type":"ImageObject","inLanguage":"pt-BR","@id":"https:\/\/lacerdaai.com\/br\/#\/schema\/person\/image\/","url":"https:\/\/secure.gravatar.com\/avatar\/f5c1fa5ad9763f54c1f223c3fc91f131da6288c9f9e28d74bb3c355ad99af205?s=96&d=mm&r=g","contentUrl":"https:\/\/secure.gravatar.com\/avatar\/f5c1fa5ad9763f54c1f223c3fc91f131da6288c9f9e28d74bb3c355ad99af205?s=96&d=mm&r=g","caption":"Andr\u00e9 Lacerda"},"description":"Sou o Andr\u00e9 Lacerda, tenho 35 anos e sou apaixonado por tecnologia, intelig\u00eancia artificial e boas hist\u00f3rias. Me formei em Tecnologia e Jornalismo \u2014 sim, uma mistura meio improv\u00e1vel, mas que combina muito comigo. J\u00e1 morei no Canad\u00e1 e na Espanha, e essas experi\u00eancias me ajudaram a enxergar a inova\u00e7\u00e3o com um olhar mais global (e a me virar bem em tr\u00eas idiomas \ud83d\ude04). Trabalhei em algumas das maiores empresas de tecnologia do mercado e, hoje, atuo como consultor ajudando neg\u00f3cios a entenderem e aplicarem IA de forma pr\u00e1tica, estrat\u00e9gica e humana. Gosto de traduzir o complexo em algo simples \u2014 e \u00e9 isso que voc\u00ea vai encontrar por aqui.","sameAs":["http:\/\/lacerdaai.com\/br"],"url":"https:\/\/lacerdaai.com\/br\/author\/red-admin\/"}]}},"_links":{"self":[{"href":"https:\/\/lacerdaai.com\/br\/wp-json\/wp\/v2\/posts\/3680","targetHints":{"allow":["GET"]}}],"collection":[{"href":"https:\/\/lacerdaai.com\/br\/wp-json\/wp\/v2\/posts"}],"about":[{"href":"https:\/\/lacerdaai.com\/br\/wp-json\/wp\/v2\/types\/post"}],"author":[{"embeddable":true,"href":"https:\/\/lacerdaai.com\/br\/wp-json\/wp\/v2\/users\/1"}],"replies":[{"embeddable":true,"href":"https:\/\/lacerdaai.com\/br\/wp-json\/wp\/v2\/comments?post=3680"}],"version-history":[{"count":1,"href":"https:\/\/lacerdaai.com\/br\/wp-json\/wp\/v2\/posts\/3680\/revisions"}],"predecessor-version":[{"id":3681,"href":"https:\/\/lacerdaai.com\/br\/wp-json\/wp\/v2\/posts\/3680\/revisions\/3681"}],"wp:featuredmedia":[{"embeddable":true,"href":"https:\/\/lacerdaai.com\/br\/wp-json\/wp\/v2\/media\/3679"}],"wp:attachment":[{"href":"https:\/\/lacerdaai.com\/br\/wp-json\/wp\/v2\/media?parent=3680"}],"wp:term":[{"taxonomy":"category","embeddable":true,"href":"https:\/\/lacerdaai.com\/br\/wp-json\/wp\/v2\/categories?post=3680"},{"taxonomy":"post_tag","embeddable":true,"href":"https:\/\/lacerdaai.com\/br\/wp-json\/wp\/v2\/tags?post=3680"}],"curies":[{"name":"wp","href":"https:\/\/api.w.org\/{rel}","templated":true}]}}