{"id":3698,"date":"2026-02-20T08:37:59","date_gmt":"2026-02-20T11:37:59","guid":{"rendered":"https:\/\/lacerdaai.com\/br\/a-india-e-o-futuro-da-ia-dialogos-divergencias-e-a-busca-por-uma-inteligencia-artificial-inclusiva\/"},"modified":"2026-02-20T08:38:01","modified_gmt":"2026-02-20T11:38:01","slug":"a-india-e-o-futuro-da-ia-dialogos-divergencias-e-a-busca-por-uma-inteligencia-artificial-inclusiva","status":"publish","type":"post","link":"https:\/\/lacerdaai.com\/br\/a-india-e-o-futuro-da-ia-dialogos-divergencias-e-a-busca-por-uma-inteligencia-artificial-inclusiva\/","title":{"rendered":"A \u00cdndia e o Futuro da IA: Di\u00e1logos, Diverg\u00eancias e a Busca por uma Intelig\u00eancia Artificial Inclusiva"},"content":{"rendered":"<p>Avan\u00e7os na intelig\u00eancia artificial (IA) est\u00e3o remodelando nosso mundo em uma velocidade vertiginosa, e o debate sobre como essa tecnologia deve ser desenvolvida e aplicada nunca foi t\u00e3o intenso. Em um cen\u00e1rio global onde a IA promete revolucionar ind\u00fastrias, transformar economias e impactar a vida cotidiana, a necessidade de um desenvolvimento \u00e9tico, respons\u00e1vel e, acima de tudo, inclusivo, tornou-se uma prioridade.<\/p>\n<p>Foi nesse contexto que a \u00cdndia, uma das maiores democracias do mundo e um polo tecnol\u00f3gico emergente, sediou a C\u00fapula \u00cdndia AI Impact, em Nova Delhi. O evento, liderado pelo primeiro-ministro indiano Narendra Modi, reuniu alguns dos nomes mais influentes do setor de IA, incluindo Sam Altman, CEO da OpenAI, Sundar Pichai, CEO do Google, e Dario Amodei, CEO da Anthropic. O objetivo era claro: fomentar um compromisso coletivo para a constru\u00e7\u00e3o de uma <strong>intelig\u00eancia artificial inclusiva<\/strong> e multil\u00edngue em todo o mundo. A imagem de Modi convidando os 13 l\u00edderes tecnol\u00f3gicos ao palco para um gesto simb\u00f3lico de uni\u00e3o, como atores em um grand finale, encapsulou a ambi\u00e7\u00e3o de um futuro de IA colaborativo e acess\u00edvel.<\/p>\n<p>No entanto, por tr\u00e1s da grandiosidade do palco e dos apertos de m\u00e3o protocolares, subjazem complexidades e diferentes vis\u00f5es sobre o ritmo e a dire\u00e7\u00e3o do desenvolvimento da IA. A aus\u00eancia de um consenso f\u00e1cil entre l\u00edderes com filosofias e interesses distintos, como Altman e Amodei, aponta para os desafios inerentes \u00e0 cria\u00e7\u00e3o de uma IA que sirva a todos, em vez de apenas a alguns. Este artigo aprofundar\u00e1 as discuss\u00f5es e as implica\u00e7\u00f5es dessa c\u00fapula, explorando o que significa construir uma IA verdadeiramente inclusiva e os caminhos que temos pela frente.<\/p>\n<h2><strong>Intelig\u00eancia Artificial Inclusiva<\/strong>: O Compromisso Global da \u00cdndia<\/h2>\n<p>Quando falamos em <strong>intelig\u00eancia artificial inclusiva<\/strong>, estamos nos referindo a muito mais do que simplesmente garantir que a IA seja acess\u00edvel a um grande n\u00famero de pessoas. Trata-se de uma abordagem hol\u00edstica que engloba a justi\u00e7a algor\u00edtmica, a diversidade de representa\u00e7\u00e3o nos dados de treinamento, a equidade no acesso \u00e0 tecnologia e a mitiga\u00e7\u00e3o de vieses que podem exacerbar desigualdades sociais e econ\u00f4micas existentes. Para um pa\u00eds como a \u00cdndia, com sua vasta diversidade lingu\u00edstica, cultural e socioecon\u00f4mica, o conceito de IA inclusiva \u00e9 n\u00e3o apenas relevante, mas fundamental para o seu desenvolvimento.<\/p>\n<p>A vis\u00e3o de Modi de uma IA \u201cmultil\u00edngue\u201d \u00e9 um pilar crucial dessa inclus\u00e3o. A \u00cdndia possui mais de 22 idiomas oficiais e centenas de dialetos. Se a IA n\u00e3o for capaz de compreender e interagir efetivamente nesses idiomas, grande parte da popula\u00e7\u00e3o indiana \u2013 e, por extens\u00e3o, de outras na\u00e7\u00f5es com rica tape\u00e7aria lingu\u00edstica \u2013 corre o risco de ser marginalizada no futuro digital. Desenvolver modelos de linguagem grandes (LLMs) que n\u00e3o apenas traduzam, mas realmente compreendam as nuances e contextos culturais de m\u00faltiplos idiomas \u00e9 um desafio tecnol\u00f3gico imenso, mas indispens\u00e1vel para a democratiza\u00e7\u00e3o da IA.<\/p>\n<p>Al\u00e9m da barreira lingu\u00edstica, a IA inclusiva tamb\u00e9m exige aten\u00e7\u00e3o \u00e0 infraestrutura e \u00e0 educa\u00e7\u00e3o. Em muitas partes do mundo, o acesso \u00e0 internet de alta velocidade e a dispositivos computacionais ainda \u00e9 limitado. Para que a IA beneficie a todos, \u00e9 preciso investir em conectividade e em programas de capacita\u00e7\u00e3o que permitam que as pessoas n\u00e3o apenas consumam a IA, mas tamb\u00e9m participem de sua cria\u00e7\u00e3o e direcionamento. A \u00cdndia, com sua enorme popula\u00e7\u00e3o jovem e sua crescente base de talentos em tecnologia, tem o potencial de liderar esses esfor\u00e7os, transformando-se em um modelo para outras economias emergentes.<\/p>\n<p>A urg\u00eancia de uma <strong>intelig\u00eancia artificial inclusiva<\/strong> tamb\u00e9m reside na preven\u00e7\u00e3o de vieses algor\u00edtmicos. Sistemas de IA treinados com dados predominantemente de culturas ocidentais ou de grupos demogr\u00e1ficos espec\u00edficos podem perpetuar e amplificar preconceitos, levando a decis\u00f5es discriminat\u00f3rias em \u00e1reas cr\u00edticas como sa\u00fade, cr\u00e9dito, emprego e seguran\u00e7a p\u00fablica. A C\u00fapula na \u00cdndia ressaltou a import\u00e2ncia de desenvolver conjuntos de dados diversos e representativos, bem como m\u00e9todos para auditar e corrigir vieses, garantindo que a IA seja uma ferramenta de progresso, e n\u00e3o de segrega\u00e7\u00e3o.<\/p>\n<h2>O Encontro de Gigantes e as Diferentes Vis\u00f5es do Futuro da IA<\/h2>\n<p>A presen\u00e7a de figuras como Sam Altman, Sundar Pichai e Dario Amodei no mesmo palco, embora sob uma bandeira unificada de inclus\u00e3o, n\u00e3o pode ofuscar as diferentes filosofias e abordagens que suas respectivas empresas adotam em rela\u00e7\u00e3o ao desenvolvimento da IA. Essas diverg\u00eancias s\u00e3o, em muitos aspectos, um microcosmo do debate mais amplo que ocorre na vanguarda da pesquisa e comercializa\u00e7\u00e3o de IA.<\/p>\n<p>Sam Altman, \u00e0 frente da OpenAI, \u00e9 um defensor da intelig\u00eancia artificial geral (AGI) e da r\u00e1pida inova\u00e7\u00e3o. Sua vis\u00e3o \u00e9 a de que a AGI tem o potencial de resolver muitos dos problemas mais prementes da humanidade e, portanto, seu desenvolvimento deve ser acelerado, embora com salvaguardas. A OpenAI tem sido pioneira na democratiza\u00e7\u00e3o do acesso a LLMs avan\u00e7ados como o GPT-3 e o GPT-4, colocando ferramentas poderosas nas m\u00e3os de milh\u00f5es de desenvolvedores e usu\u00e1rios. No entanto, essa velocidade e ambi\u00e7\u00e3o tamb\u00e9m levantam quest\u00f5es sobre a seguran\u00e7a, o alinhamento de valores e o controle sobre sistemas cada vez mais aut\u00f4nomos.<\/p>\n<p>Sundar Pichai, CEO do Google, representa uma abordagem que integra a IA em uma vasta gama de produtos e servi\u00e7os, do Search ao Android, do Cloud ao Waymo. O Google tem um compromisso de longa data com a IA respons\u00e1vel, tendo publicado princ\u00edpios \u00e9ticos para a IA em 2018. A estrat\u00e9gia do Google foca na aplica\u00e7\u00e3o escal\u00e1vel da IA para melhorar a vida das pessoas em diversos dom\u00ednios, com um olho na utilidade e na mitiga\u00e7\u00e3o de riscos em larga escala. Sua expertise em multilingualismo e acesso global \u00e9 inigual\u00e1vel, tornando-o um parceiro natural na busca pela IA inclusiva.<\/p>\n<p>Dario Amodei, co-fundador e CEO da Anthropic, emerge de uma linhagem de pesquisadores preocupados com a seguran\u00e7a da IA. Sua empresa foca intensamente no desenvolvimento de IA segura e alinhada com valores humanos, muitas vezes adotando uma postura mais cautelosa em rela\u00e7\u00e3o \u00e0 velocidade de implementa\u00e7\u00e3o. A Anthropic \u00e9 conhecida por seu trabalho em &#8220;IA Constitucional&#8221;, um m\u00e9todo que visa treinar modelos de IA para aderir a um conjunto de princ\u00edpios e regras, garantindo que seus comportamentos sejam previs\u00edveis e ben\u00e9ficos. Essa \u00eanfase na seguran\u00e7a e no alinhamento contrasta, em certa medida, com a busca por velocidade e onipresen\u00e7a de outros players.<\/p>\n<p>As intera\u00e7\u00f5es e a aparente &#8220;esquiva de contato&#8221; entre alguns desses l\u00edderes, conforme sugerido pelo t\u00edtulo original da not\u00edcia, podem ser interpretadas n\u00e3o como uma falta de respeito pessoal, mas como um reflexo dessas diferentes filosofias. Em um palco global, onde cada gesto \u00e9 observado, as nuances das rela\u00e7\u00f5es podem sinalizar as tens\u00f5es subjacentes entre o imperativo da inova\u00e7\u00e3o r\u00e1pida e a necessidade urgente de seguran\u00e7a, \u00e9tica e inclus\u00e3o. A c\u00fapula indiana, ao reunir esses c\u00e9rebros, serviu como um f\u00f3rum crucial para tentar conciliar essas vis\u00f5es e forjar um caminho comum.<\/p>\n<h2>Desafios e Oportunidades na Constru\u00e7\u00e3o de uma IA para Todos<\/h2>\n<p>A vis\u00e3o de uma <strong>intelig\u00eancia artificial inclusiva<\/strong>, embora nobre, enfrenta uma mir\u00edade de desafios pr\u00e1ticos. O primeiro e mais evidente \u00e9 o acesso a dados de qualidade. Para que a IA seja verdadeiramente multil\u00edngue e culturalmente relevante, ela precisa ser treinada com vastos e diversos conjuntos de dados que representem a riqueza das culturas e idiomas globais. Isso exige n\u00e3o apenas volume, mas curadoria cuidadosa para evitar a reprodu\u00e7\u00e3o de vieses existentes nos dados hist\u00f3ricos.<\/p>\n<p>A infraestrutura tecnol\u00f3gica \u00e9 outro gargalo. O desenvolvimento e a opera\u00e7\u00e3o de modelos de IA avan\u00e7ados requerem poder computacional massivo, o que, por sua vez, demanda energia e investimento em hardware. Garantir que pa\u00edses em desenvolvimento tenham acesso a essa infraestrutura e a talentos qualificados \u00e9 essencial. Iniciativas de c\u00f3digo aberto e colabora\u00e7\u00f5es internacionais podem desempenhar um papel vital na supera\u00e7\u00e3o dessas barreiras, democratizando o acesso \u00e0s ferramentas e ao conhecimento.<\/p>\n<p>Al\u00e9m disso, a governan\u00e7a da IA \u00e9 um desafio global. \u00c0 medida que a IA se torna mais poderosa, a necessidade de regulamenta\u00e7\u00f5es claras, \u00e9ticas e transnacionais se torna premente. Como equilibrar a inova\u00e7\u00e3o com a prote\u00e7\u00e3o dos direitos individuais e a seguran\u00e7a p\u00fablica? Quem define as regras e como elas s\u00e3o aplicadas em um mundo sem fronteiras digitais? As discuss\u00f5es na C\u00fapula da \u00cdndia, e em outros f\u00f3runs globais como a C\u00fapula de Seguran\u00e7a de IA no Reino Unido ou as propostas da Uni\u00e3o Europeia, mostram que h\u00e1 um esfor\u00e7o crescente para criar estruturas de governan\u00e7a, mas o caminho ainda \u00e9 longo e complexo.<\/p>\n<p>No entanto, as oportunidades que uma IA inclusiva pode gerar s\u00e3o imensas. Ela pode acelerar o progresso em educa\u00e7\u00e3o, personalizando o aprendizado e quebrando barreiras lingu\u00edsticas. Na sa\u00fade, a IA pode auxiliar no diagn\u00f3stico precoce, no desenvolvimento de novos medicamentos e na expans\u00e3o do acesso a cuidados de sa\u00fade de qualidade, especialmente em regi\u00f5es remotas. Na agricultura, pode otimizar o uso de recursos e prever safras, contribuindo para a seguran\u00e7a alimentar global. No Brasil, por exemplo, uma IA multil\u00edngue poderia beneficiar comunidades ind\u00edgenas com seus pr\u00f3prios idiomas, ou otimizar a log\u00edstica em um pa\u00eds de dimens\u00f5es continentais.<\/p>\n<p>A colabora\u00e7\u00e3o entre governos, empresas de tecnologia, academia e sociedade civil \u00e9 fundamental. A C\u00fapula na \u00cdndia, ao reunir esses diversos atores, demonstrou a import\u00e2ncia de um di\u00e1logo aberto e cont\u00ednuo para moldar um futuro onde a IA sirva como um catalisador para o desenvolvimento humano e a equidade em escala global.<\/p>\n<h2>Conclus\u00e3o: Um Futuro Compartilhado na Era da IA<\/h2>\n<p>A C\u00fapula \u00cdndia AI Impact foi um marco significativo na discuss\u00e3o global sobre a intelig\u00eancia artificial. Ela n\u00e3o apenas refor\u00e7ou a ambi\u00e7\u00e3o da \u00cdndia de ser uma for\u00e7a motriz no desenvolvimento da IA, mas tamb\u00e9m sublinhou o imperativo de construir uma <strong>intelig\u00eancia artificial inclusiva<\/strong> e multil\u00edngue. As diferentes perspectivas dos l\u00edderes tecnol\u00f3gicos presentes servem como um lembrete de que o caminho para alcan\u00e7ar esse objetivo \u00e9 complexo e multifacetado, exigindo um equil\u00edbrio delicado entre inova\u00e7\u00e3o, seguran\u00e7a e responsabilidade social. As tens\u00f5es e debates, por vezes subjacentes aos encontros p\u00fablicos, s\u00e3o essenciais para amadurecer a conversa e garantir que os diversos interesses da humanidade sejam representados.<\/p>\n<p>\u00c0 medida que avan\u00e7amos para um futuro cada vez mais moldado pela IA, o Brasil e o restante do mundo precisar\u00e3o se engajar ativamente nessas discuss\u00f5es. A constru\u00e7\u00e3o de uma IA que verdadeiramente beneficie a todos exige n\u00e3o apenas avan\u00e7os tecnol\u00f3gicos, mas tamb\u00e9m um compromisso \u00e9tico e uma colabora\u00e7\u00e3o global sem precedentes. Somente atrav\u00e9s do di\u00e1logo cont\u00ednuo, do investimento em pesquisa e educa\u00e7\u00e3o, e da formula\u00e7\u00e3o de pol\u00edticas que priorizem a equidade e a acessibilidade, poderemos garantir que a revolu\u00e7\u00e3o da intelig\u00eancia artificial seja, de fato, uma for\u00e7a para o bem comum, construindo pontes em vez de muros digitais e capacitando cada indiv\u00edduo a participar plenamente da era digital.<\/p>\n","protected":false},"excerpt":{"rendered":"<p>Avan\u00e7os na intelig\u00eancia artificial (IA) est\u00e3o remodelando nosso mundo em uma velocidade vertiginosa, e o debate sobre como essa tecnologia deve ser desenvolvida e aplicada nunca foi t\u00e3o intenso. Em um cen\u00e1rio global onde a IA promete revolucionar ind\u00fastrias, transformar economias e impactar a vida cotidiana, a necessidade de um desenvolvimento \u00e9tico, respons\u00e1vel e, acima [&hellip;]<\/p>\n","protected":false},"author":1,"featured_media":3697,"comment_status":"open","ping_status":"open","sticky":false,"template":"","format":"standard","meta":{"_yoast_wpseo_focuskw":"intelig\u00eancia artificial inclusiva","_yoast_wpseo_metadesc":"Explore o impacto da C\u00fapula de IA na \u00cdndia, a vis\u00e3o de l\u00edderes como Sam Altman e Sundar Pichai, e os desafios na constru\u00e7\u00e3o de uma intelig\u00eancia artificial verdadeiramente inclusiva e global. Saiba como a \u00cdndia se posiciona na vanguarda da IA.","footnotes":""},"categories":[2],"tags":[],"class_list":["post-3698","post","type-post","status-publish","format-standard","has-post-thumbnail","hentry","category-novidades"],"yoast_head":"<!-- This site is optimized with the Yoast SEO plugin v25.6 - https:\/\/yoast.com\/wordpress\/plugins\/seo\/ -->\n<title>A \u00cdndia e o Futuro da IA: Di\u00e1logos, Diverg\u00eancias e a Busca por uma Intelig\u00eancia Artificial Inclusiva - Lacerda AI<\/title>\n<meta name=\"description\" content=\"Explore o impacto da C\u00fapula de IA na \u00cdndia, a vis\u00e3o de l\u00edderes como Sam Altman e Sundar Pichai, e os desafios na constru\u00e7\u00e3o de uma intelig\u00eancia artificial verdadeiramente inclusiva e global. Saiba como a \u00cdndia se posiciona na vanguarda da IA.\" \/>\n<meta name=\"robots\" content=\"index, follow, max-snippet:-1, max-image-preview:large, max-video-preview:-1\" \/>\n<link rel=\"canonical\" href=\"https:\/\/lacerdaai.com\/br\/a-india-e-o-futuro-da-ia-dialogos-divergencias-e-a-busca-por-uma-inteligencia-artificial-inclusiva\/\" \/>\n<meta property=\"og:locale\" content=\"pt_BR\" \/>\n<meta property=\"og:type\" content=\"article\" \/>\n<meta property=\"og:title\" content=\"A \u00cdndia e o Futuro da IA: Di\u00e1logos, Diverg\u00eancias e a Busca por uma Intelig\u00eancia Artificial Inclusiva - Lacerda AI\" \/>\n<meta property=\"og:description\" content=\"Explore o impacto da C\u00fapula de IA na \u00cdndia, a vis\u00e3o de l\u00edderes como Sam Altman e Sundar Pichai, e os desafios na constru\u00e7\u00e3o de uma intelig\u00eancia artificial verdadeiramente inclusiva e global. Saiba como a \u00cdndia se posiciona na vanguarda da IA.\" \/>\n<meta property=\"og:url\" content=\"https:\/\/lacerdaai.com\/br\/a-india-e-o-futuro-da-ia-dialogos-divergencias-e-a-busca-por-uma-inteligencia-artificial-inclusiva\/\" \/>\n<meta property=\"og:site_name\" content=\"Lacerda AI\" \/>\n<meta property=\"article:published_time\" content=\"2026-02-20T11:37:59+00:00\" \/>\n<meta property=\"article:modified_time\" content=\"2026-02-20T11:38:01+00:00\" \/>\n<meta name=\"author\" content=\"Andr\u00e9 Lacerda\" \/>\n<meta name=\"twitter:card\" content=\"summary_large_image\" \/>\n<meta name=\"twitter:label1\" content=\"Escrito por\" \/>\n\t<meta name=\"twitter:data1\" content=\"Andr\u00e9 Lacerda\" \/>\n\t<meta name=\"twitter:label2\" content=\"Est. tempo de leitura\" \/>\n\t<meta name=\"twitter:data2\" content=\"10 minutos\" \/>\n<script type=\"application\/ld+json\" class=\"yoast-schema-graph\">{\"@context\":\"https:\/\/schema.org\",\"@graph\":[{\"@type\":\"WebPage\",\"@id\":\"https:\/\/lacerdaai.com\/br\/a-india-e-o-futuro-da-ia-dialogos-divergencias-e-a-busca-por-uma-inteligencia-artificial-inclusiva\/\",\"url\":\"https:\/\/lacerdaai.com\/br\/a-india-e-o-futuro-da-ia-dialogos-divergencias-e-a-busca-por-uma-inteligencia-artificial-inclusiva\/\",\"name\":\"A \u00cdndia e o Futuro da IA: Di\u00e1logos, Diverg\u00eancias e a Busca por uma Intelig\u00eancia Artificial Inclusiva - Lacerda AI\",\"isPartOf\":{\"@id\":\"https:\/\/lacerdaai.com\/br\/#website\"},\"primaryImageOfPage\":{\"@id\":\"https:\/\/lacerdaai.com\/br\/a-india-e-o-futuro-da-ia-dialogos-divergencias-e-a-busca-por-uma-inteligencia-artificial-inclusiva\/#primaryimage\"},\"image\":{\"@id\":\"https:\/\/lacerdaai.com\/br\/a-india-e-o-futuro-da-ia-dialogos-divergencias-e-a-busca-por-uma-inteligencia-artificial-inclusiva\/#primaryimage\"},\"thumbnailUrl\":\"https:\/\/lacerdaai.com\/br\/wp-content\/uploads\/2026\/02\/imagem-74.jpg\",\"datePublished\":\"2026-02-20T11:37:59+00:00\",\"dateModified\":\"2026-02-20T11:38:01+00:00\",\"author\":{\"@id\":\"https:\/\/lacerdaai.com\/br\/#\/schema\/person\/8bad803c2e83a0c5c5c75e02a1c2248f\"},\"description\":\"Explore o impacto da C\u00fapula de IA na \u00cdndia, a vis\u00e3o de l\u00edderes como Sam Altman e Sundar Pichai, e os desafios na constru\u00e7\u00e3o de uma intelig\u00eancia artificial verdadeiramente inclusiva e global. Saiba como a \u00cdndia se posiciona na vanguarda da IA.\",\"breadcrumb\":{\"@id\":\"https:\/\/lacerdaai.com\/br\/a-india-e-o-futuro-da-ia-dialogos-divergencias-e-a-busca-por-uma-inteligencia-artificial-inclusiva\/#breadcrumb\"},\"inLanguage\":\"pt-BR\",\"potentialAction\":[{\"@type\":\"ReadAction\",\"target\":[\"https:\/\/lacerdaai.com\/br\/a-india-e-o-futuro-da-ia-dialogos-divergencias-e-a-busca-por-uma-inteligencia-artificial-inclusiva\/\"]}]},{\"@type\":\"ImageObject\",\"inLanguage\":\"pt-BR\",\"@id\":\"https:\/\/lacerdaai.com\/br\/a-india-e-o-futuro-da-ia-dialogos-divergencias-e-a-busca-por-uma-inteligencia-artificial-inclusiva\/#primaryimage\",\"url\":\"https:\/\/lacerdaai.com\/br\/wp-content\/uploads\/2026\/02\/imagem-74.jpg\",\"contentUrl\":\"https:\/\/lacerdaai.com\/br\/wp-content\/uploads\/2026\/02\/imagem-74.jpg\",\"width\":1200,\"height\":716},{\"@type\":\"BreadcrumbList\",\"@id\":\"https:\/\/lacerdaai.com\/br\/a-india-e-o-futuro-da-ia-dialogos-divergencias-e-a-busca-por-uma-inteligencia-artificial-inclusiva\/#breadcrumb\",\"itemListElement\":[{\"@type\":\"ListItem\",\"position\":1,\"name\":\"In\u00edcio\",\"item\":\"https:\/\/lacerdaai.com\/br\/\"},{\"@type\":\"ListItem\",\"position\":2,\"name\":\"A \u00cdndia e o Futuro da IA: Di\u00e1logos, Diverg\u00eancias e a Busca por uma Intelig\u00eancia Artificial Inclusiva\"}]},{\"@type\":\"WebSite\",\"@id\":\"https:\/\/lacerdaai.com\/br\/#website\",\"url\":\"https:\/\/lacerdaai.com\/br\/\",\"name\":\"Lacerda AI\",\"description\":\"Seu blog di\u00e1rio de novidades do mundo da Inteligencia Artificial\",\"potentialAction\":[{\"@type\":\"SearchAction\",\"target\":{\"@type\":\"EntryPoint\",\"urlTemplate\":\"https:\/\/lacerdaai.com\/br\/?s={search_term_string}\"},\"query-input\":{\"@type\":\"PropertyValueSpecification\",\"valueRequired\":true,\"valueName\":\"search_term_string\"}}],\"inLanguage\":\"pt-BR\"},{\"@type\":\"Person\",\"@id\":\"https:\/\/lacerdaai.com\/br\/#\/schema\/person\/8bad803c2e83a0c5c5c75e02a1c2248f\",\"name\":\"Andr\u00e9 Lacerda\",\"image\":{\"@type\":\"ImageObject\",\"inLanguage\":\"pt-BR\",\"@id\":\"https:\/\/lacerdaai.com\/br\/#\/schema\/person\/image\/\",\"url\":\"https:\/\/secure.gravatar.com\/avatar\/f5c1fa5ad9763f54c1f223c3fc91f131da6288c9f9e28d74bb3c355ad99af205?s=96&d=mm&r=g\",\"contentUrl\":\"https:\/\/secure.gravatar.com\/avatar\/f5c1fa5ad9763f54c1f223c3fc91f131da6288c9f9e28d74bb3c355ad99af205?s=96&d=mm&r=g\",\"caption\":\"Andr\u00e9 Lacerda\"},\"description\":\"Sou o Andr\u00e9 Lacerda, tenho 35 anos e sou apaixonado por tecnologia, intelig\u00eancia artificial e boas hist\u00f3rias. Me formei em Tecnologia e Jornalismo \u2014 sim, uma mistura meio improv\u00e1vel, mas que combina muito comigo. J\u00e1 morei no Canad\u00e1 e na Espanha, e essas experi\u00eancias me ajudaram a enxergar a inova\u00e7\u00e3o com um olhar mais global (e a me virar bem em tr\u00eas idiomas \ud83d\ude04). Trabalhei em algumas das maiores empresas de tecnologia do mercado e, hoje, atuo como consultor ajudando neg\u00f3cios a entenderem e aplicarem IA de forma pr\u00e1tica, estrat\u00e9gica e humana. Gosto de traduzir o complexo em algo simples \u2014 e \u00e9 isso que voc\u00ea vai encontrar por aqui.\",\"sameAs\":[\"http:\/\/lacerdaai.com\/br\"],\"url\":\"https:\/\/lacerdaai.com\/br\/author\/red-admin\/\"}]}<\/script>\n<!-- \/ Yoast SEO plugin. -->","yoast_head_json":{"title":"A \u00cdndia e o Futuro da IA: Di\u00e1logos, Diverg\u00eancias e a Busca por uma Intelig\u00eancia Artificial Inclusiva - Lacerda AI","description":"Explore o impacto da C\u00fapula de IA na \u00cdndia, a vis\u00e3o de l\u00edderes como Sam Altman e Sundar Pichai, e os desafios na constru\u00e7\u00e3o de uma intelig\u00eancia artificial verdadeiramente inclusiva e global. Saiba como a \u00cdndia se posiciona na vanguarda da IA.","robots":{"index":"index","follow":"follow","max-snippet":"max-snippet:-1","max-image-preview":"max-image-preview:large","max-video-preview":"max-video-preview:-1"},"canonical":"https:\/\/lacerdaai.com\/br\/a-india-e-o-futuro-da-ia-dialogos-divergencias-e-a-busca-por-uma-inteligencia-artificial-inclusiva\/","og_locale":"pt_BR","og_type":"article","og_title":"A \u00cdndia e o Futuro da IA: Di\u00e1logos, Diverg\u00eancias e a Busca por uma Intelig\u00eancia Artificial Inclusiva - Lacerda AI","og_description":"Explore o impacto da C\u00fapula de IA na \u00cdndia, a vis\u00e3o de l\u00edderes como Sam Altman e Sundar Pichai, e os desafios na constru\u00e7\u00e3o de uma intelig\u00eancia artificial verdadeiramente inclusiva e global. Saiba como a \u00cdndia se posiciona na vanguarda da IA.","og_url":"https:\/\/lacerdaai.com\/br\/a-india-e-o-futuro-da-ia-dialogos-divergencias-e-a-busca-por-uma-inteligencia-artificial-inclusiva\/","og_site_name":"Lacerda AI","article_published_time":"2026-02-20T11:37:59+00:00","article_modified_time":"2026-02-20T11:38:01+00:00","author":"Andr\u00e9 Lacerda","twitter_card":"summary_large_image","twitter_misc":{"Escrito por":"Andr\u00e9 Lacerda","Est. tempo de leitura":"10 minutos"},"schema":{"@context":"https:\/\/schema.org","@graph":[{"@type":"WebPage","@id":"https:\/\/lacerdaai.com\/br\/a-india-e-o-futuro-da-ia-dialogos-divergencias-e-a-busca-por-uma-inteligencia-artificial-inclusiva\/","url":"https:\/\/lacerdaai.com\/br\/a-india-e-o-futuro-da-ia-dialogos-divergencias-e-a-busca-por-uma-inteligencia-artificial-inclusiva\/","name":"A \u00cdndia e o Futuro da IA: Di\u00e1logos, Diverg\u00eancias e a Busca por uma Intelig\u00eancia Artificial Inclusiva - Lacerda AI","isPartOf":{"@id":"https:\/\/lacerdaai.com\/br\/#website"},"primaryImageOfPage":{"@id":"https:\/\/lacerdaai.com\/br\/a-india-e-o-futuro-da-ia-dialogos-divergencias-e-a-busca-por-uma-inteligencia-artificial-inclusiva\/#primaryimage"},"image":{"@id":"https:\/\/lacerdaai.com\/br\/a-india-e-o-futuro-da-ia-dialogos-divergencias-e-a-busca-por-uma-inteligencia-artificial-inclusiva\/#primaryimage"},"thumbnailUrl":"https:\/\/lacerdaai.com\/br\/wp-content\/uploads\/2026\/02\/imagem-74.jpg","datePublished":"2026-02-20T11:37:59+00:00","dateModified":"2026-02-20T11:38:01+00:00","author":{"@id":"https:\/\/lacerdaai.com\/br\/#\/schema\/person\/8bad803c2e83a0c5c5c75e02a1c2248f"},"description":"Explore o impacto da C\u00fapula de IA na \u00cdndia, a vis\u00e3o de l\u00edderes como Sam Altman e Sundar Pichai, e os desafios na constru\u00e7\u00e3o de uma intelig\u00eancia artificial verdadeiramente inclusiva e global. Saiba como a \u00cdndia se posiciona na vanguarda da IA.","breadcrumb":{"@id":"https:\/\/lacerdaai.com\/br\/a-india-e-o-futuro-da-ia-dialogos-divergencias-e-a-busca-por-uma-inteligencia-artificial-inclusiva\/#breadcrumb"},"inLanguage":"pt-BR","potentialAction":[{"@type":"ReadAction","target":["https:\/\/lacerdaai.com\/br\/a-india-e-o-futuro-da-ia-dialogos-divergencias-e-a-busca-por-uma-inteligencia-artificial-inclusiva\/"]}]},{"@type":"ImageObject","inLanguage":"pt-BR","@id":"https:\/\/lacerdaai.com\/br\/a-india-e-o-futuro-da-ia-dialogos-divergencias-e-a-busca-por-uma-inteligencia-artificial-inclusiva\/#primaryimage","url":"https:\/\/lacerdaai.com\/br\/wp-content\/uploads\/2026\/02\/imagem-74.jpg","contentUrl":"https:\/\/lacerdaai.com\/br\/wp-content\/uploads\/2026\/02\/imagem-74.jpg","width":1200,"height":716},{"@type":"BreadcrumbList","@id":"https:\/\/lacerdaai.com\/br\/a-india-e-o-futuro-da-ia-dialogos-divergencias-e-a-busca-por-uma-inteligencia-artificial-inclusiva\/#breadcrumb","itemListElement":[{"@type":"ListItem","position":1,"name":"In\u00edcio","item":"https:\/\/lacerdaai.com\/br\/"},{"@type":"ListItem","position":2,"name":"A \u00cdndia e o Futuro da IA: Di\u00e1logos, Diverg\u00eancias e a Busca por uma Intelig\u00eancia Artificial Inclusiva"}]},{"@type":"WebSite","@id":"https:\/\/lacerdaai.com\/br\/#website","url":"https:\/\/lacerdaai.com\/br\/","name":"Lacerda AI","description":"Seu blog di\u00e1rio de novidades do mundo da Inteligencia Artificial","potentialAction":[{"@type":"SearchAction","target":{"@type":"EntryPoint","urlTemplate":"https:\/\/lacerdaai.com\/br\/?s={search_term_string}"},"query-input":{"@type":"PropertyValueSpecification","valueRequired":true,"valueName":"search_term_string"}}],"inLanguage":"pt-BR"},{"@type":"Person","@id":"https:\/\/lacerdaai.com\/br\/#\/schema\/person\/8bad803c2e83a0c5c5c75e02a1c2248f","name":"Andr\u00e9 Lacerda","image":{"@type":"ImageObject","inLanguage":"pt-BR","@id":"https:\/\/lacerdaai.com\/br\/#\/schema\/person\/image\/","url":"https:\/\/secure.gravatar.com\/avatar\/f5c1fa5ad9763f54c1f223c3fc91f131da6288c9f9e28d74bb3c355ad99af205?s=96&d=mm&r=g","contentUrl":"https:\/\/secure.gravatar.com\/avatar\/f5c1fa5ad9763f54c1f223c3fc91f131da6288c9f9e28d74bb3c355ad99af205?s=96&d=mm&r=g","caption":"Andr\u00e9 Lacerda"},"description":"Sou o Andr\u00e9 Lacerda, tenho 35 anos e sou apaixonado por tecnologia, intelig\u00eancia artificial e boas hist\u00f3rias. Me formei em Tecnologia e Jornalismo \u2014 sim, uma mistura meio improv\u00e1vel, mas que combina muito comigo. J\u00e1 morei no Canad\u00e1 e na Espanha, e essas experi\u00eancias me ajudaram a enxergar a inova\u00e7\u00e3o com um olhar mais global (e a me virar bem em tr\u00eas idiomas \ud83d\ude04). Trabalhei em algumas das maiores empresas de tecnologia do mercado e, hoje, atuo como consultor ajudando neg\u00f3cios a entenderem e aplicarem IA de forma pr\u00e1tica, estrat\u00e9gica e humana. Gosto de traduzir o complexo em algo simples \u2014 e \u00e9 isso que voc\u00ea vai encontrar por aqui.","sameAs":["http:\/\/lacerdaai.com\/br"],"url":"https:\/\/lacerdaai.com\/br\/author\/red-admin\/"}]}},"_links":{"self":[{"href":"https:\/\/lacerdaai.com\/br\/wp-json\/wp\/v2\/posts\/3698","targetHints":{"allow":["GET"]}}],"collection":[{"href":"https:\/\/lacerdaai.com\/br\/wp-json\/wp\/v2\/posts"}],"about":[{"href":"https:\/\/lacerdaai.com\/br\/wp-json\/wp\/v2\/types\/post"}],"author":[{"embeddable":true,"href":"https:\/\/lacerdaai.com\/br\/wp-json\/wp\/v2\/users\/1"}],"replies":[{"embeddable":true,"href":"https:\/\/lacerdaai.com\/br\/wp-json\/wp\/v2\/comments?post=3698"}],"version-history":[{"count":1,"href":"https:\/\/lacerdaai.com\/br\/wp-json\/wp\/v2\/posts\/3698\/revisions"}],"predecessor-version":[{"id":3699,"href":"https:\/\/lacerdaai.com\/br\/wp-json\/wp\/v2\/posts\/3698\/revisions\/3699"}],"wp:featuredmedia":[{"embeddable":true,"href":"https:\/\/lacerdaai.com\/br\/wp-json\/wp\/v2\/media\/3697"}],"wp:attachment":[{"href":"https:\/\/lacerdaai.com\/br\/wp-json\/wp\/v2\/media?parent=3698"}],"wp:term":[{"taxonomy":"category","embeddable":true,"href":"https:\/\/lacerdaai.com\/br\/wp-json\/wp\/v2\/categories?post=3698"},{"taxonomy":"post_tag","embeddable":true,"href":"https:\/\/lacerdaai.com\/br\/wp-json\/wp\/v2\/tags?post=3698"}],"curies":[{"name":"wp","href":"https:\/\/api.w.org\/{rel}","templated":true}]}}