{"id":3755,"date":"2026-02-26T16:37:32","date_gmt":"2026-02-26T19:37:32","guid":{"rendered":"https:\/\/lacerdaai.com\/br\/a-luta-pela-produtividade-por-que-a-resistencia-a-ia-pode-custar-caro-no-mercado-de-trabalho\/"},"modified":"2026-02-26T16:37:33","modified_gmt":"2026-02-26T19:37:33","slug":"a-luta-pela-produtividade-por-que-a-resistencia-a-ia-pode-custar-caro-no-mercado-de-trabalho","status":"publish","type":"post","link":"https:\/\/lacerdaai.com\/br\/a-luta-pela-produtividade-por-que-a-resistencia-a-ia-pode-custar-caro-no-mercado-de-trabalho\/","title":{"rendered":"A Luta pela Produtividade: Por Que a Resist\u00eancia \u00e0 IA Pode Custar Caro no Mercado de Trabalho"},"content":{"rendered":"<p>H\u00e1 dois anos, Suumit Shah, CEO da empresa indiana Dukaan, ganhou as manchetes globais por uma decis\u00e3o dr\u00e1stica e controversa: demitir quase 80% de seus funcion\u00e1rios. O motivo? A recusa deles em adotar ferramentas de <strong>intelig\u00eancia artificial<\/strong> em seu trabalho di\u00e1rio. Hoje, Shah afirma com convic\u00e7\u00e3o que sua decis\u00e3o foi a correta, um movimento audacioso que, segundo ele, impulsionou a empresa a novos patamares de efici\u00eancia e sucesso. Mas o que essa hist\u00f3ria nos diz sobre o presente e o futuro do trabalho na era da IA? \u00c9 um pren\u00fancio de um apocalipse de empregos ou um chamado urgente \u00e0 adapta\u00e7\u00e3o e \u00e0 reinven\u00e7\u00e3o profissional? Prepare-se para mergulhar em um debate crucial que est\u00e1 redefinindo carreiras, empresas e a pr\u00f3pria ess\u00eancia da produtividade.<\/p>\n<p>A ascens\u00e3o da intelig\u00eancia artificial n\u00e3o \u00e9 mais uma fic\u00e7\u00e3o cient\u00edfica, mas uma realidade que permeia todos os setores, desde a sa\u00fade e finan\u00e7as at\u00e9 o marketing e o atendimento ao cliente. Contudo, essa revolu\u00e7\u00e3o tecnol\u00f3gica n\u00e3o vem sem desafios. A hist\u00f3ria de Suumit Shah, embora radical, \u00e9 um poderoso lembrete da linha t\u00eanue entre a inova\u00e7\u00e3o necess\u00e1ria e a resist\u00eancia humana \u00e0 mudan\u00e7a. Ela nos for\u00e7a a confrontar quest\u00f5es fundamentais: como as empresas devem gerenciar a transi\u00e7\u00e3o para um modelo de trabalho mais orientado pela IA? Qual \u00e9 o papel dos colaboradores nesse cen\u00e1rio em constante evolu\u00e7\u00e3o? E, acima de tudo, como podemos garantir que a <strong>intelig\u00eancia artificial<\/strong> seja uma ferramenta de capacita\u00e7\u00e3o, e n\u00e3o de substitui\u00e7\u00e3o, para a for\u00e7a de trabalho?<\/p>\n<p>### <strong>Intelig\u00eancia artificial<\/strong>: O Ponto de Virada na Produtividade Empresarial<\/p>\n<p>O caso da Dukaan serve como um estudo de caso extremo sobre o poder transformador da <strong>intelig\u00eancia artificial<\/strong>. Suumit Shah, CEO da plataforma de e-commerce que auxilia pequenas empresas a criar suas pr\u00f3prias lojas online, estava convicto de que a ado\u00e7\u00e3o de ferramentas de IA era o caminho para a sobreviv\u00eancia e o crescimento. Sua equipe, no entanto, relutava, presa a m\u00e9todos tradicionais e talvez ao medo do desconhecido. A demiss\u00e3o de centenas de funcion\u00e1rios por n\u00e3o abra\u00e7arem a IA foi um choque, mas, dois anos depois, Shah defende que sua empresa n\u00e3o apenas sobreviveu, mas prosperou, atingindo n\u00edveis de efici\u00eancia e produtividade inating\u00edveis antes.<\/p>\n<p>Por que essa convic\u00e7\u00e3o? A resposta reside na capacidade intr\u00ednseca da <strong>intelig\u00eancia artificial<\/strong> de automatizar tarefas repetitivas, processar grandes volumes de dados em segundos e identificar padr\u00f5es que escapariam \u00e0 percep\u00e7\u00e3o humana. Pense em um profissional de marketing que, antes, gastava horas analisando m\u00e9tricas de campanha; com IA, ele pode obter insights preditivos e recomenda\u00e7\u00f5es otimizadas em minutos, liberando tempo para focar em estrat\u00e9gias criativas e mais complexas. No atendimento ao cliente, chatbots e assistentes virtuais baseados em IA podem resolver d\u00favidas frequentes instantaneamente, permitindo que os agentes humanos se dediquem a problemas mais delicados e que exigem empatia.<\/p>\n<p>A IA tamb\u00e9m revoluciona o desenvolvimento de produtos, a an\u00e1lise de dados e at\u00e9 a gest\u00e3o de projetos. Ferramentas de <strong>intelig\u00eancia artificial<\/strong> generativa, por exemplo, podem criar rascunhos de textos, c\u00f3digos, imagens e v\u00eddeos, acelerando o processo criativo. Algoritmos avan\u00e7ados otimizam cadeias de suprimentos, preveem demandas e personalizam experi\u00eancias de usu\u00e1rio em uma escala inimagin\u00e1vel. Para Suumit Shah e muitos outros l\u00edderes vision\u00e1rios, a integra\u00e7\u00e3o da IA n\u00e3o \u00e9 uma op\u00e7\u00e3o, mas uma necessidade estrat\u00e9gica para reduzir custos, aumentar a velocidade de opera\u00e7\u00e3o e manter a competitividade em um mercado global cada vez mais acirrado. Ao eliminar a resist\u00eancia, Shah argumentou que a Dukaan p\u00f4de se adaptar e colher os frutos da produtividade exponencial que a <strong>intelig\u00eancia artificial<\/strong> oferece.<\/p>\n<p>### A Revolu\u00e7\u00e3o da IA no Mercado de Trabalho: Medo vs. Oportunidade<\/p>\n<p>A hist\u00f3ria da Dukaan ressoa com uma preocupa\u00e7\u00e3o central que ecoa em diversas rodas de conversa, tanto no Brasil quanto no mundo: a <strong>intelig\u00eancia artificial<\/strong> vai roubar nossos empregos? Essa ansiedade \u00e9 compreens\u00edvel. Historicamente, cada grande revolu\u00e7\u00e3o tecnol\u00f3gica \u2013 da m\u00e1quina a vapor \u00e0 internet \u2013 gerou temores de desemprego em massa. No entanto, o que vemos na pr\u00e1tica \u00e9 uma reconfigura\u00e7\u00e3o do mercado de trabalho, n\u00e3o um aniquilamento completo.<\/p>\n<p>\u00c9 verdade que tarefas rotineiras e previs\u00edveis s\u00e3o as mais suscet\u00edveis \u00e0 automa\u00e7\u00e3o pela <strong>intelig\u00eancia artificial<\/strong>. No entanto, a IA tamb\u00e9m abre portas para uma infinidade de novas fun\u00e7\u00f5es e demanda por habilidades que antes n\u00e3o existiam. Quem imaginaria, h\u00e1 uma d\u00e9cada, que ter\u00edamos engenheiros de prompt, eticistas de IA ou especialistas em curadoria de dados? A IA n\u00e3o \u00e9 apenas uma ferramenta de substitui\u00e7\u00e3o; ela \u00e9, antes de tudo, uma ferramenta de *aumento* das capacidades humanas. Ela libera os profissionais para se concentrarem em atividades que exigem criatividade, pensamento cr\u00edtico, intelig\u00eancia emocional, resolu\u00e7\u00e3o de problemas complexos e intera\u00e7\u00e3o humana \u2013 justamente as \u00e1reas onde a IA ainda demonstra suas maiores limita\u00e7\u00f5es.<\/p>\n<p>O desafio, portanto, n\u00e3o \u00e9 lutar contra a <strong>intelig\u00eancia artificial<\/strong>, mas aprender a trabalhar *com* ela. Profissionais que dominam o uso de ferramentas de IA para otimizar suas tarefas, gerar insights ou automatizar processos se tornam consideravelmente mais valiosos. Imagine um m\u00e9dico que usa IA para analisar exames e detectar anomalias com maior precis\u00e3o, liberando-o para focar no diagn\u00f3stico humano e no tratamento do paciente. Ou um advogado que emprega algoritmos para pesquisar jurisprud\u00eancia, permitindo-lhe dedicar mais tempo \u00e0 estrat\u00e9gia e \u00e0 argumenta\u00e7\u00e3o. O futuro do trabalho n\u00e3o \u00e9 sobre humanos versus m\u00e1quinas, mas sobre humanos *aumentados* por m\u00e1quinas. A oportunidade est\u00e1 em se capacitar, em adquirir a \u201calfabetiza\u00e7\u00e3o em IA\u201d necess\u00e1ria para navegar neste novo cen\u00e1rio e transformar o medo em uma mola propulsora para o desenvolvimento de novas habilidades.<\/p>\n<p>### O Caminho para a Sinergia Humano-IA: Adaptar-se ou Ficar para Tr\u00e1s?<\/p>\n<p>Diante do avan\u00e7o impar\u00e1vel da <strong>intelig\u00eancia artificial<\/strong>, a quest\u00e3o principal para indiv\u00edduos e empresas n\u00e3o \u00e9 \u201cse\u201d integrar a IA, mas \u201ccomo\u201d fazer isso de forma eficaz. A hist\u00f3ria da Dukaan, por mais extrema que seja, serve como um alerta: a resist\u00eancia passiva pode ter consequ\u00eancias profissionais graves. O caminho para o sucesso na era da IA passa pela adapta\u00e7\u00e3o e pela busca cont\u00ednua por novas compet\u00eancias.<\/p>\n<p>Para os profissionais, isso significa investir em educa\u00e7\u00e3o e treinamento. Cursos sobre prompt engineering, an\u00e1lise de dados com IA, machine learning b\u00e1sico e at\u00e9 mesmo \u00e9tica em IA est\u00e3o se tornando t\u00e3o importantes quanto as qualifica\u00e7\u00f5es tradicionais. O foco deve ser no desenvolvimento de habilidades complementares \u00e0 IA: pensamento cr\u00edtico, criatividade, comunica\u00e7\u00e3o eficaz, lideran\u00e7a e resolu\u00e7\u00e3o de problemas complexos. A capacidade de formular as perguntas certas para a <strong>intelig\u00eancia artificial<\/strong> e de interpretar seus resultados ser\u00e1 um diferencial crucial. Ser um \u201ccurador\u201d da IA, garantindo que os resultados gerados sejam precisos e relevantes, \u00e9 uma fun\u00e7\u00e3o emergente de alto valor.<\/p>\n<p>Para as empresas, o desafio \u00e9 criar uma cultura que n\u00e3o apenas aceite a <strong>intelig\u00eancia artificial<\/strong>, mas a celebre como uma for\u00e7a de capacita\u00e7\u00e3o. Isso envolve:<br \/>\n1.  **Lideran\u00e7a Vision\u00e1ria:** Assim como Suumit Shah, l\u00edderes precisam entender o potencial da IA e comunic\u00e1-lo claramente, superando resist\u00eancias e mitos.<br \/>\n2.  **Investimento em Treinamento:** Oferecer programas de reskilling e upskilling para que os colaboradores aprendam a usar as novas ferramentas de IA de forma produtiva.<br \/>\n3.  **Experimenta\u00e7\u00e3o e Aprendizagem:** Encorajar equipes a testar novas solu\u00e7\u00f5es de IA, aprender com os erros e adaptar-se.<br \/>\n4.  **Comunica\u00e7\u00e3o Transparente:** Explicar como a IA ser\u00e1 integrada, quais os benef\u00edcios e como ela impactar\u00e1 as fun\u00e7\u00f5es, mitigando medos sobre a substitui\u00e7\u00e3o de empregos.<br \/>\n5.  **Foco na Sinergia:** Propor modelos de trabalho onde a <strong>intelig\u00eancia artificial<\/strong> otimiza tarefas e os humanos se concentram em criatividade, estrat\u00e9gia e intera\u00e7\u00e3o complexa.<\/p>\n<p>O Brasil, com seu talento e capacidade de inova\u00e7\u00e3o, tem um grande potencial para abra\u00e7ar essa sinergia. Empresas que investem na educa\u00e7\u00e3o de seus colaboradores sobre <strong>intelig\u00eancia artificial<\/strong> e na implementa\u00e7\u00e3o estrat\u00e9gica dessas ferramentas n\u00e3o apenas ver\u00e3o ganhos de produtividade, mas tamb\u00e9m atrair\u00e3o e reter\u00e3o talentos que buscam ambientes de trabalho modernos e desafiadores. Adaptar-se n\u00e3o \u00e9 apenas uma quest\u00e3o de sobreviv\u00eancia, mas uma oportunidade de liderar a pr\u00f3xima fase da inova\u00e7\u00e3o e construir um futuro de trabalho mais inteligente e colaborativo.<\/p>\n<p>### Conclus\u00e3o: Navegando Rumo ao Futuro Aumentado pela IA<\/p>\n<p>O caso de Suumit Shah e da Dukaan \u00e9 um marco pol\u00eamico que nos for\u00e7a a confrontar uma realidade ineg\u00e1vel: a <strong>intelig\u00eancia artificial<\/strong> n\u00e3o \u00e9 uma tend\u00eancia passageira, mas uma for\u00e7a transformadora que est\u00e1 remodelando o mundo do trabalho em um ritmo acelerado. Sua decis\u00e3o de demitir 80% da equipe por n\u00e3o adotar a IA, embora extrema, ressalta a import\u00e2ncia cr\u00edtica da adapta\u00e7\u00e3o e da proatividade diante da inova\u00e7\u00e3o tecnol\u00f3gica. N\u00e3o se trata de uma simples prefer\u00eancia por novas ferramentas, mas de uma quest\u00e3o de sobreviv\u00eancia e competitividade em um mercado global cada vez mais digitalizado.<\/p>\n<p>No entanto, \u00e9 fundamental que a transi\u00e7\u00e3o para um futuro aumentado pela IA seja feita com responsabilidade e vis\u00e3o estrat\u00e9gica. A principal li\u00e7\u00e3o n\u00e3o \u00e9 que os humanos ser\u00e3o substitu\u00eddos em massa, mas que aqueles que se recusarem a evoluir e a trabalhar em conjunto com a <strong>intelig\u00eancia artificial<\/strong> correm o risco de ficar para tr\u00e1s. O caminho \u00e0 frente exige uma mentalidade de aprendizado cont\u00ednuo, a valoriza\u00e7\u00e3o de habilidades exclusivamente humanas e uma lideran\u00e7a empresarial que capacite, em vez de apenas automatizar. Ao abra\u00e7armos a IA como uma parceira e n\u00e3o como uma amea\u00e7a, podemos desvendar um futuro de produtividade sem precedentes, inova\u00e7\u00e3o cont\u00ednua e um trabalho mais significativo para todos. A escolha \u00e9 nossa: resistir ao inevit\u00e1vel ou liderar a revolu\u00e7\u00e3o. O que voc\u00ea vai escolher?<\/p>\n","protected":false},"excerpt":{"rendered":"<p>H\u00e1 dois anos, Suumit Shah, CEO da empresa indiana Dukaan, ganhou as manchetes globais por uma decis\u00e3o dr\u00e1stica e controversa: demitir quase 80% de seus funcion\u00e1rios. O motivo? A recusa deles em adotar ferramentas de intelig\u00eancia artificial em seu trabalho di\u00e1rio. Hoje, Shah afirma com convic\u00e7\u00e3o que sua decis\u00e3o foi a correta, um movimento audacioso [&hellip;]<\/p>\n","protected":false},"author":1,"featured_media":3754,"comment_status":"open","ping_status":"open","sticky":false,"template":"","format":"standard","meta":{"_yoast_wpseo_focuskw":"intelig\u00eancia artificial","_yoast_wpseo_metadesc":"Descubra o pol\u00eamico caso do CEO da Dukaan que demitiu 80% de sua equipe por n\u00e3o usar intelig\u00eancia artificial. Explore o impacto da IA no trabalho, a import\u00e2ncia da adapta\u00e7\u00e3o e o futuro das empresas que abra\u00e7am a tecnologia. Entenda como a intelig\u00eancia artificial est\u00e1 moldando o mercado e o que isso significa para sua carreira.","footnotes":""},"categories":[2],"tags":[],"class_list":["post-3755","post","type-post","status-publish","format-standard","has-post-thumbnail","hentry","category-novidades"],"yoast_head":"<!-- This site is optimized with the Yoast SEO plugin v25.6 - https:\/\/yoast.com\/wordpress\/plugins\/seo\/ -->\n<title>A Luta pela Produtividade: Por Que a Resist\u00eancia \u00e0 IA Pode Custar Caro no Mercado de Trabalho - Lacerda AI<\/title>\n<meta name=\"description\" content=\"Descubra o pol\u00eamico caso do CEO da Dukaan que demitiu 80% de sua equipe por n\u00e3o usar intelig\u00eancia artificial. Explore o impacto da IA no trabalho, a import\u00e2ncia da adapta\u00e7\u00e3o e o futuro das empresas que abra\u00e7am a tecnologia. Entenda como a intelig\u00eancia artificial est\u00e1 moldando o mercado e o que isso significa para sua carreira.\" \/>\n<meta name=\"robots\" content=\"index, follow, max-snippet:-1, max-image-preview:large, max-video-preview:-1\" \/>\n<link rel=\"canonical\" href=\"https:\/\/lacerdaai.com\/br\/a-luta-pela-produtividade-por-que-a-resistencia-a-ia-pode-custar-caro-no-mercado-de-trabalho\/\" \/>\n<meta property=\"og:locale\" content=\"pt_BR\" \/>\n<meta property=\"og:type\" content=\"article\" \/>\n<meta property=\"og:title\" content=\"A Luta pela Produtividade: Por Que a Resist\u00eancia \u00e0 IA Pode Custar Caro no Mercado de Trabalho - Lacerda AI\" \/>\n<meta property=\"og:description\" content=\"Descubra o pol\u00eamico caso do CEO da Dukaan que demitiu 80% de sua equipe por n\u00e3o usar intelig\u00eancia artificial. Explore o impacto da IA no trabalho, a import\u00e2ncia da adapta\u00e7\u00e3o e o futuro das empresas que abra\u00e7am a tecnologia. Entenda como a intelig\u00eancia artificial est\u00e1 moldando o mercado e o que isso significa para sua carreira.\" \/>\n<meta property=\"og:url\" content=\"https:\/\/lacerdaai.com\/br\/a-luta-pela-produtividade-por-que-a-resistencia-a-ia-pode-custar-caro-no-mercado-de-trabalho\/\" \/>\n<meta property=\"og:site_name\" content=\"Lacerda AI\" \/>\n<meta property=\"article:published_time\" content=\"2026-02-26T19:37:32+00:00\" \/>\n<meta property=\"article:modified_time\" content=\"2026-02-26T19:37:33+00:00\" \/>\n<meta name=\"author\" content=\"Andr\u00e9 Lacerda\" \/>\n<meta name=\"twitter:card\" content=\"summary_large_image\" \/>\n<meta name=\"twitter:label1\" content=\"Escrito por\" \/>\n\t<meta name=\"twitter:data1\" content=\"Andr\u00e9 Lacerda\" \/>\n\t<meta name=\"twitter:label2\" content=\"Est. tempo de leitura\" \/>\n\t<meta name=\"twitter:data2\" content=\"9 minutos\" \/>\n<script type=\"application\/ld+json\" class=\"yoast-schema-graph\">{\"@context\":\"https:\/\/schema.org\",\"@graph\":[{\"@type\":\"WebPage\",\"@id\":\"https:\/\/lacerdaai.com\/br\/a-luta-pela-produtividade-por-que-a-resistencia-a-ia-pode-custar-caro-no-mercado-de-trabalho\/\",\"url\":\"https:\/\/lacerdaai.com\/br\/a-luta-pela-produtividade-por-que-a-resistencia-a-ia-pode-custar-caro-no-mercado-de-trabalho\/\",\"name\":\"A Luta pela Produtividade: Por Que a Resist\u00eancia \u00e0 IA Pode Custar Caro no Mercado de Trabalho - Lacerda AI\",\"isPartOf\":{\"@id\":\"https:\/\/lacerdaai.com\/br\/#website\"},\"primaryImageOfPage\":{\"@id\":\"https:\/\/lacerdaai.com\/br\/a-luta-pela-produtividade-por-que-a-resistencia-a-ia-pode-custar-caro-no-mercado-de-trabalho\/#primaryimage\"},\"image\":{\"@id\":\"https:\/\/lacerdaai.com\/br\/a-luta-pela-produtividade-por-que-a-resistencia-a-ia-pode-custar-caro-no-mercado-de-trabalho\/#primaryimage\"},\"thumbnailUrl\":\"https:\/\/lacerdaai.com\/br\/wp-content\/uploads\/2026\/02\/imagem-92.jpg\",\"datePublished\":\"2026-02-26T19:37:32+00:00\",\"dateModified\":\"2026-02-26T19:37:33+00:00\",\"author\":{\"@id\":\"https:\/\/lacerdaai.com\/br\/#\/schema\/person\/8bad803c2e83a0c5c5c75e02a1c2248f\"},\"description\":\"Descubra o pol\u00eamico caso do CEO da Dukaan que demitiu 80% de sua equipe por n\u00e3o usar intelig\u00eancia artificial. Explore o impacto da IA no trabalho, a import\u00e2ncia da adapta\u00e7\u00e3o e o futuro das empresas que abra\u00e7am a tecnologia. Entenda como a intelig\u00eancia artificial est\u00e1 moldando o mercado e o que isso significa para sua carreira.\",\"breadcrumb\":{\"@id\":\"https:\/\/lacerdaai.com\/br\/a-luta-pela-produtividade-por-que-a-resistencia-a-ia-pode-custar-caro-no-mercado-de-trabalho\/#breadcrumb\"},\"inLanguage\":\"pt-BR\",\"potentialAction\":[{\"@type\":\"ReadAction\",\"target\":[\"https:\/\/lacerdaai.com\/br\/a-luta-pela-produtividade-por-que-a-resistencia-a-ia-pode-custar-caro-no-mercado-de-trabalho\/\"]}]},{\"@type\":\"ImageObject\",\"inLanguage\":\"pt-BR\",\"@id\":\"https:\/\/lacerdaai.com\/br\/a-luta-pela-produtividade-por-que-a-resistencia-a-ia-pode-custar-caro-no-mercado-de-trabalho\/#primaryimage\",\"url\":\"https:\/\/lacerdaai.com\/br\/wp-content\/uploads\/2026\/02\/imagem-92.jpg\",\"contentUrl\":\"https:\/\/lacerdaai.com\/br\/wp-content\/uploads\/2026\/02\/imagem-92.jpg\",\"width\":1200,\"height\":675},{\"@type\":\"BreadcrumbList\",\"@id\":\"https:\/\/lacerdaai.com\/br\/a-luta-pela-produtividade-por-que-a-resistencia-a-ia-pode-custar-caro-no-mercado-de-trabalho\/#breadcrumb\",\"itemListElement\":[{\"@type\":\"ListItem\",\"position\":1,\"name\":\"In\u00edcio\",\"item\":\"https:\/\/lacerdaai.com\/br\/\"},{\"@type\":\"ListItem\",\"position\":2,\"name\":\"A Luta pela Produtividade: Por Que a Resist\u00eancia \u00e0 IA Pode Custar Caro no Mercado de Trabalho\"}]},{\"@type\":\"WebSite\",\"@id\":\"https:\/\/lacerdaai.com\/br\/#website\",\"url\":\"https:\/\/lacerdaai.com\/br\/\",\"name\":\"Lacerda AI\",\"description\":\"Seu blog di\u00e1rio de novidades do mundo da Inteligencia Artificial\",\"potentialAction\":[{\"@type\":\"SearchAction\",\"target\":{\"@type\":\"EntryPoint\",\"urlTemplate\":\"https:\/\/lacerdaai.com\/br\/?s={search_term_string}\"},\"query-input\":{\"@type\":\"PropertyValueSpecification\",\"valueRequired\":true,\"valueName\":\"search_term_string\"}}],\"inLanguage\":\"pt-BR\"},{\"@type\":\"Person\",\"@id\":\"https:\/\/lacerdaai.com\/br\/#\/schema\/person\/8bad803c2e83a0c5c5c75e02a1c2248f\",\"name\":\"Andr\u00e9 Lacerda\",\"image\":{\"@type\":\"ImageObject\",\"inLanguage\":\"pt-BR\",\"@id\":\"https:\/\/lacerdaai.com\/br\/#\/schema\/person\/image\/\",\"url\":\"https:\/\/secure.gravatar.com\/avatar\/f5c1fa5ad9763f54c1f223c3fc91f131da6288c9f9e28d74bb3c355ad99af205?s=96&d=mm&r=g\",\"contentUrl\":\"https:\/\/secure.gravatar.com\/avatar\/f5c1fa5ad9763f54c1f223c3fc91f131da6288c9f9e28d74bb3c355ad99af205?s=96&d=mm&r=g\",\"caption\":\"Andr\u00e9 Lacerda\"},\"description\":\"Sou o Andr\u00e9 Lacerda, tenho 35 anos e sou apaixonado por tecnologia, intelig\u00eancia artificial e boas hist\u00f3rias. Me formei em Tecnologia e Jornalismo \u2014 sim, uma mistura meio improv\u00e1vel, mas que combina muito comigo. J\u00e1 morei no Canad\u00e1 e na Espanha, e essas experi\u00eancias me ajudaram a enxergar a inova\u00e7\u00e3o com um olhar mais global (e a me virar bem em tr\u00eas idiomas \ud83d\ude04). Trabalhei em algumas das maiores empresas de tecnologia do mercado e, hoje, atuo como consultor ajudando neg\u00f3cios a entenderem e aplicarem IA de forma pr\u00e1tica, estrat\u00e9gica e humana. Gosto de traduzir o complexo em algo simples \u2014 e \u00e9 isso que voc\u00ea vai encontrar por aqui.\",\"sameAs\":[\"http:\/\/lacerdaai.com\/br\"],\"url\":\"https:\/\/lacerdaai.com\/br\/author\/red-admin\/\"}]}<\/script>\n<!-- \/ Yoast SEO plugin. -->","yoast_head_json":{"title":"A Luta pela Produtividade: Por Que a Resist\u00eancia \u00e0 IA Pode Custar Caro no Mercado de Trabalho - Lacerda AI","description":"Descubra o pol\u00eamico caso do CEO da Dukaan que demitiu 80% de sua equipe por n\u00e3o usar intelig\u00eancia artificial. Explore o impacto da IA no trabalho, a import\u00e2ncia da adapta\u00e7\u00e3o e o futuro das empresas que abra\u00e7am a tecnologia. Entenda como a intelig\u00eancia artificial est\u00e1 moldando o mercado e o que isso significa para sua carreira.","robots":{"index":"index","follow":"follow","max-snippet":"max-snippet:-1","max-image-preview":"max-image-preview:large","max-video-preview":"max-video-preview:-1"},"canonical":"https:\/\/lacerdaai.com\/br\/a-luta-pela-produtividade-por-que-a-resistencia-a-ia-pode-custar-caro-no-mercado-de-trabalho\/","og_locale":"pt_BR","og_type":"article","og_title":"A Luta pela Produtividade: Por Que a Resist\u00eancia \u00e0 IA Pode Custar Caro no Mercado de Trabalho - Lacerda AI","og_description":"Descubra o pol\u00eamico caso do CEO da Dukaan que demitiu 80% de sua equipe por n\u00e3o usar intelig\u00eancia artificial. Explore o impacto da IA no trabalho, a import\u00e2ncia da adapta\u00e7\u00e3o e o futuro das empresas que abra\u00e7am a tecnologia. Entenda como a intelig\u00eancia artificial est\u00e1 moldando o mercado e o que isso significa para sua carreira.","og_url":"https:\/\/lacerdaai.com\/br\/a-luta-pela-produtividade-por-que-a-resistencia-a-ia-pode-custar-caro-no-mercado-de-trabalho\/","og_site_name":"Lacerda AI","article_published_time":"2026-02-26T19:37:32+00:00","article_modified_time":"2026-02-26T19:37:33+00:00","author":"Andr\u00e9 Lacerda","twitter_card":"summary_large_image","twitter_misc":{"Escrito por":"Andr\u00e9 Lacerda","Est. tempo de leitura":"9 minutos"},"schema":{"@context":"https:\/\/schema.org","@graph":[{"@type":"WebPage","@id":"https:\/\/lacerdaai.com\/br\/a-luta-pela-produtividade-por-que-a-resistencia-a-ia-pode-custar-caro-no-mercado-de-trabalho\/","url":"https:\/\/lacerdaai.com\/br\/a-luta-pela-produtividade-por-que-a-resistencia-a-ia-pode-custar-caro-no-mercado-de-trabalho\/","name":"A Luta pela Produtividade: Por Que a Resist\u00eancia \u00e0 IA Pode Custar Caro no Mercado de Trabalho - Lacerda AI","isPartOf":{"@id":"https:\/\/lacerdaai.com\/br\/#website"},"primaryImageOfPage":{"@id":"https:\/\/lacerdaai.com\/br\/a-luta-pela-produtividade-por-que-a-resistencia-a-ia-pode-custar-caro-no-mercado-de-trabalho\/#primaryimage"},"image":{"@id":"https:\/\/lacerdaai.com\/br\/a-luta-pela-produtividade-por-que-a-resistencia-a-ia-pode-custar-caro-no-mercado-de-trabalho\/#primaryimage"},"thumbnailUrl":"https:\/\/lacerdaai.com\/br\/wp-content\/uploads\/2026\/02\/imagem-92.jpg","datePublished":"2026-02-26T19:37:32+00:00","dateModified":"2026-02-26T19:37:33+00:00","author":{"@id":"https:\/\/lacerdaai.com\/br\/#\/schema\/person\/8bad803c2e83a0c5c5c75e02a1c2248f"},"description":"Descubra o pol\u00eamico caso do CEO da Dukaan que demitiu 80% de sua equipe por n\u00e3o usar intelig\u00eancia artificial. Explore o impacto da IA no trabalho, a import\u00e2ncia da adapta\u00e7\u00e3o e o futuro das empresas que abra\u00e7am a tecnologia. Entenda como a intelig\u00eancia artificial est\u00e1 moldando o mercado e o que isso significa para sua carreira.","breadcrumb":{"@id":"https:\/\/lacerdaai.com\/br\/a-luta-pela-produtividade-por-que-a-resistencia-a-ia-pode-custar-caro-no-mercado-de-trabalho\/#breadcrumb"},"inLanguage":"pt-BR","potentialAction":[{"@type":"ReadAction","target":["https:\/\/lacerdaai.com\/br\/a-luta-pela-produtividade-por-que-a-resistencia-a-ia-pode-custar-caro-no-mercado-de-trabalho\/"]}]},{"@type":"ImageObject","inLanguage":"pt-BR","@id":"https:\/\/lacerdaai.com\/br\/a-luta-pela-produtividade-por-que-a-resistencia-a-ia-pode-custar-caro-no-mercado-de-trabalho\/#primaryimage","url":"https:\/\/lacerdaai.com\/br\/wp-content\/uploads\/2026\/02\/imagem-92.jpg","contentUrl":"https:\/\/lacerdaai.com\/br\/wp-content\/uploads\/2026\/02\/imagem-92.jpg","width":1200,"height":675},{"@type":"BreadcrumbList","@id":"https:\/\/lacerdaai.com\/br\/a-luta-pela-produtividade-por-que-a-resistencia-a-ia-pode-custar-caro-no-mercado-de-trabalho\/#breadcrumb","itemListElement":[{"@type":"ListItem","position":1,"name":"In\u00edcio","item":"https:\/\/lacerdaai.com\/br\/"},{"@type":"ListItem","position":2,"name":"A Luta pela Produtividade: Por Que a Resist\u00eancia \u00e0 IA Pode Custar Caro no Mercado de Trabalho"}]},{"@type":"WebSite","@id":"https:\/\/lacerdaai.com\/br\/#website","url":"https:\/\/lacerdaai.com\/br\/","name":"Lacerda AI","description":"Seu blog di\u00e1rio de novidades do mundo da Inteligencia Artificial","potentialAction":[{"@type":"SearchAction","target":{"@type":"EntryPoint","urlTemplate":"https:\/\/lacerdaai.com\/br\/?s={search_term_string}"},"query-input":{"@type":"PropertyValueSpecification","valueRequired":true,"valueName":"search_term_string"}}],"inLanguage":"pt-BR"},{"@type":"Person","@id":"https:\/\/lacerdaai.com\/br\/#\/schema\/person\/8bad803c2e83a0c5c5c75e02a1c2248f","name":"Andr\u00e9 Lacerda","image":{"@type":"ImageObject","inLanguage":"pt-BR","@id":"https:\/\/lacerdaai.com\/br\/#\/schema\/person\/image\/","url":"https:\/\/secure.gravatar.com\/avatar\/f5c1fa5ad9763f54c1f223c3fc91f131da6288c9f9e28d74bb3c355ad99af205?s=96&d=mm&r=g","contentUrl":"https:\/\/secure.gravatar.com\/avatar\/f5c1fa5ad9763f54c1f223c3fc91f131da6288c9f9e28d74bb3c355ad99af205?s=96&d=mm&r=g","caption":"Andr\u00e9 Lacerda"},"description":"Sou o Andr\u00e9 Lacerda, tenho 35 anos e sou apaixonado por tecnologia, intelig\u00eancia artificial e boas hist\u00f3rias. Me formei em Tecnologia e Jornalismo \u2014 sim, uma mistura meio improv\u00e1vel, mas que combina muito comigo. J\u00e1 morei no Canad\u00e1 e na Espanha, e essas experi\u00eancias me ajudaram a enxergar a inova\u00e7\u00e3o com um olhar mais global (e a me virar bem em tr\u00eas idiomas \ud83d\ude04). Trabalhei em algumas das maiores empresas de tecnologia do mercado e, hoje, atuo como consultor ajudando neg\u00f3cios a entenderem e aplicarem IA de forma pr\u00e1tica, estrat\u00e9gica e humana. Gosto de traduzir o complexo em algo simples \u2014 e \u00e9 isso que voc\u00ea vai encontrar por aqui.","sameAs":["http:\/\/lacerdaai.com\/br"],"url":"https:\/\/lacerdaai.com\/br\/author\/red-admin\/"}]}},"_links":{"self":[{"href":"https:\/\/lacerdaai.com\/br\/wp-json\/wp\/v2\/posts\/3755","targetHints":{"allow":["GET"]}}],"collection":[{"href":"https:\/\/lacerdaai.com\/br\/wp-json\/wp\/v2\/posts"}],"about":[{"href":"https:\/\/lacerdaai.com\/br\/wp-json\/wp\/v2\/types\/post"}],"author":[{"embeddable":true,"href":"https:\/\/lacerdaai.com\/br\/wp-json\/wp\/v2\/users\/1"}],"replies":[{"embeddable":true,"href":"https:\/\/lacerdaai.com\/br\/wp-json\/wp\/v2\/comments?post=3755"}],"version-history":[{"count":1,"href":"https:\/\/lacerdaai.com\/br\/wp-json\/wp\/v2\/posts\/3755\/revisions"}],"predecessor-version":[{"id":3756,"href":"https:\/\/lacerdaai.com\/br\/wp-json\/wp\/v2\/posts\/3755\/revisions\/3756"}],"wp:featuredmedia":[{"embeddable":true,"href":"https:\/\/lacerdaai.com\/br\/wp-json\/wp\/v2\/media\/3754"}],"wp:attachment":[{"href":"https:\/\/lacerdaai.com\/br\/wp-json\/wp\/v2\/media?parent=3755"}],"wp:term":[{"taxonomy":"category","embeddable":true,"href":"https:\/\/lacerdaai.com\/br\/wp-json\/wp\/v2\/categories?post=3755"},{"taxonomy":"post_tag","embeddable":true,"href":"https:\/\/lacerdaai.com\/br\/wp-json\/wp\/v2\/tags?post=3755"}],"curies":[{"name":"wp","href":"https:\/\/api.w.org\/{rel}","templated":true}]}}