{"id":3803,"date":"2026-03-01T20:37:41","date_gmt":"2026-03-01T23:37:41","guid":{"rendered":"https:\/\/lacerdaai.com\/br\/ia-e-o-futuro-do-trabalho-desafios-oportunidades-e-a-reconfiguracao-profissional\/"},"modified":"2026-03-01T20:37:43","modified_gmt":"2026-03-01T23:37:43","slug":"ia-e-o-futuro-do-trabalho-desafios-oportunidades-e-a-reconfiguracao-profissional","status":"publish","type":"post","link":"https:\/\/lacerdaai.com\/br\/ia-e-o-futuro-do-trabalho-desafios-oportunidades-e-a-reconfiguracao-profissional\/","title":{"rendered":"IA e o Futuro do Trabalho: Desafios, Oportunidades e a Reconfigura\u00e7\u00e3o Profissional"},"content":{"rendered":"<p>Em um mundo onde a tecnologia avan\u00e7a a passos largos, poucas inova\u00e7\u00f5es t\u00eam o poder de impactar o tecido social e econ\u00f4mico como a **Intelig\u00eancia Artificial** (IA). Nos \u00faltimos anos, temos sido testemunhas de uma verdadeira revolu\u00e7\u00e3o silenciosa, com algoritmos e sistemas inteligentes se infiltrando em praticamente todos os setores, desde a sa\u00fade e finan\u00e7as at\u00e9 a educa\u00e7\u00e3o e o entretenimento. No entanto, essa promessa de efici\u00eancia e inova\u00e7\u00e3o vem acompanhada de debates acalorados sobre seu impacto no mercado de trabalho, especialmente em cen\u00e1rios de reestrutura\u00e7\u00f5es corporativas e demiss\u00f5es em massa, como as observadas em gigantes da tecnologia. Empresas, impulsionadas pela busca incessante por opera\u00e7\u00f5es mais \u201cenxutas\u201d e eficientes, t\u00eam recorrido \u00e0 IA n\u00e3o apenas como uma ferramenta de otimiza\u00e7\u00e3o, mas como um pilar fundamental em suas estrat\u00e9gias de adapta\u00e7\u00e3o a um cen\u00e1rio global cada vez mais competitivo e imprevis\u00edvel. Este artigo mergulha fundo nessa intersec\u00e7\u00e3o complexa, explorando como a IA est\u00e1 remodelando o futuro do trabalho, os desafios impostos aos profissionais e as oportunidades que surgem para aqueles que souberem se adaptar.<\/p>\n<p>### A Busca por Opera\u00e7\u00f5es Enxutas e o Efeito Cascata no Mercado<\/p>\n<p>A onda de demiss\u00f5es em grandes empresas de tecnologia nos \u00faltimos anos n\u00e3o \u00e9 apenas um reflexo de ajustes p\u00f3s-pand\u00eamicos ou da desacelera\u00e7\u00e3o econ\u00f4mica; ela sinaliza uma mudan\u00e7a estrutural impulsionada, em parte, pela evolu\u00e7\u00e3o e ado\u00e7\u00e3o da **Intelig\u00eancia Artificial**. A promessa de automa\u00e7\u00e3o e efici\u00eancia que a IA traz permite que as organiza\u00e7\u00f5es repensem suas estruturas e processos, buscando um modelo operacional mais \u201cenxuto\u201d \u2013 o que, invariavelmente, significa menos depend\u00eancia de m\u00e3o de obra humana em certas fun\u00e7\u00f5es. Essa reestrutura\u00e7\u00e3o, embora vista como estrat\u00e9gica para a sustentabilidade e competitividade das empresas, gera um efeito cascata significativo no mercado de trabalho. Para os profissionais que permanecem, a press\u00e3o aumenta: a chamada \u201cculpa do sobrevivente\u201d e a sobrecarga de trabalho se tornam realidades comuns, \u00e0 medida que precisam absorver tarefas adicionais e se adaptar rapidamente a novas ferramentas e fluxos de trabalho impulsionados pela IA. O que acontece na Amazon, no Google ou em qualquer outra gigante da tecnologia n\u00e3o fica restrito aos seus muros; torna-se um \u201cmanual\u201d para rivais e empresas de outros setores que buscam replicar modelos de efici\u00eancia e inova\u00e7\u00e3o. A otimiza\u00e7\u00e3o de custos e a maximiza\u00e7\u00e3o da produtividade, potencializadas pela **Intelig\u00eancia Artificial**, s\u00e3o os novos mantras corporativos.<\/p>\n<p>N\u00e3o se trata apenas de substituir humanos por m\u00e1quinas, mas de uma redefini\u00e7\u00e3o fundamental de como o trabalho \u00e9 feito. Tarefas repetitivas e baseadas em regras, que antes exigiam um grande n\u00famero de funcion\u00e1rios, agora podem ser executadas com maior velocidade e precis\u00e3o por sistemas de IA. Isso libera recursos humanos para fun\u00e7\u00f5es mais estrat\u00e9gicas, criativas e que exigem habilidades sociais complexas. Contudo, a transi\u00e7\u00e3o n\u00e3o \u00e9 sem atrito. A necessidade de requalifica\u00e7\u00e3o (reskilling) e aprimoramento (upskilling) torna-se urgente, criando um divisor entre aqueles que conseguem se adaptar e aqueles que ficam para tr\u00e1s. A velocidade da mudan\u00e7a exige uma mentalidade de aprendizado cont\u00ednuo, onde a capacidade de desaprender e reaprender \u00e9 t\u00e3o valiosa quanto o conhecimento t\u00e9cnico inicial. A longo prazo, a expectativa \u00e9 que a **Intelig\u00eancia Artificial** crie novas ind\u00fastrias e fun\u00e7\u00f5es que hoje sequer conseguimos imaginar, mas o per\u00edodo de transi\u00e7\u00e3o exige aten\u00e7\u00e3o e pol\u00edticas ativas para mitigar o impacto social e econ\u00f4mico.<\/p>\n<p>### **Intelig\u00eancia Artificial** e a Reconfigura\u00e7\u00e3o Profissional: Desvendando o Cen\u00e1rio<\/p>\n<p>A **Intelig\u00eancia Artificial** n\u00e3o \u00e9 apenas uma tecnologia; \u00e9 uma for\u00e7a transformadora que est\u00e1 reconfigurando o panorama profissional em escala global. Para entender verdadeiramente seu impacto, precisamos ir al\u00e9m da dicotomia simplista de \u201csubstitui\u00e7\u00e3o de empregos\u201d e analisar as nuances de como a IA interage com a for\u00e7a de trabalho. Em primeiro lugar, a automa\u00e7\u00e3o de tarefas rotineiras e repetitivas \u00e9 um dos aspectos mais vis\u00edveis. Pense em atividades como entrada de dados, atendimento b\u00e1sico ao cliente, an\u00e1lise de documentos jur\u00eddicos ou at\u00e9 mesmo a cria\u00e7\u00e3o de rascunhos de conte\u00fado. Algoritmos de machine learning e processamento de linguagem natural (PLN) j\u00e1 realizam essas tarefas com efici\u00eancia crescente, liberando os profissionais humanos para se concentrarem em aspectos mais complexos, criativos e estrat\u00e9gicos de seus trabalhos.<\/p>\n<p>No entanto, a **Intelig\u00eancia Artificial** n\u00e3o \u00e9 apenas um substituto; \u00e9 tamb\u00e9m um poderoso amplificador. Ferramentas de IA generativa, como os grandes modelos de linguagem (LLMs), podem auxiliar designers na gera\u00e7\u00e3o de prot\u00f3tipos, engenheiros na otimiza\u00e7\u00e3o de c\u00f3digos, m\u00e9dicos no diagn\u00f3stico de doen\u00e7as ou advogados na pesquisa de jurisprud\u00eancia. Essa capacidade de \u201caumentar\u201d as capacidades humanas significa que profissionais equipados com o conhecimento para operar e colaborar com a IA se tornam exponencialmente mais produtivos. O foco, portanto, muda da execu\u00e7\u00e3o manual de tarefas para a supervis\u00e3o, curadoria e dire\u00e7\u00e3o de sistemas inteligentes. Isso, por sua vez, cria uma demanda por novas habilidades: a capacidade de fazer as perguntas certas \u00e0 IA (prompt engineering), de interpretar seus resultados, de identificar vieses e de garantir a \u00e9tica em seu uso.<\/p>\n<p>Al\u00e9m da automa\u00e7\u00e3o e amplifica\u00e7\u00e3o, a **Intelig\u00eancia Artificial** est\u00e1 catalisando o surgimento de categorias de trabalho inteiramente novas. Fun\u00e7\u00f5es como engenheiros de prompt, especialistas em \u00e9tica de IA, treinadores de modelos de IA, cientistas de dados especializados em IA ou arquitetos de solu\u00e7\u00f5es de IA eram inexistentes ou raras h\u00e1 apenas uma d\u00e9cada. O mercado est\u00e1 em constante muta\u00e7\u00e3o, e a capacidade de se adaptar e adquirir novas compet\u00eancias digitais e anal\u00edticas ser\u00e1 um diferencial crucial. Setores como o financeiro, por exemplo, utilizam IA para detec\u00e7\u00e3o de fraudes e an\u00e1lise de risco, enquanto o setor de sa\u00fade emprega algoritmos para descoberta de medicamentos e personaliza\u00e7\u00e3o de tratamentos. No varejo, a IA otimiza a log\u00edstica e personaliza a experi\u00eancia do cliente. A abrang\u00eancia \u00e9 enorme, e a adapta\u00e7\u00e3o \u00e9 a chave para a prosperidade profissional.<\/p>\n<p>### A Humanidade em Meio \u00e0 Automa\u00e7\u00e3o: Desafios e Oportunidades no Brasil<\/p>\n<p>Em meio a essa revolu\u00e7\u00e3o impulsionada pela **Intelig\u00eancia Artificial**, o fator humano assume uma import\u00e2ncia ainda maior. Se por um lado a IA promete aliviar o fardo das tarefas ma\u00e7antes, por outro, a reestrutura\u00e7\u00e3o e a redu\u00e7\u00e3o de equipes podem intensificar a carga de trabalho para os que permanecem, gerando estresse, esgotamento e um senso de inseguran\u00e7a. O dilema reside em como equilibrar a busca por efici\u00eancia com o bem-estar dos colaboradores e a preserva\u00e7\u00e3o do conhecimento humano e da criatividade. \u00c9 fundamental que as empresas invistam n\u00e3o apenas em tecnologia, mas tamb\u00e9m no desenvolvimento cont\u00ednuo de seus talentos, promovendo uma cultura de aprendizado e adapta\u00e7\u00e3o.<\/p>\n<p>Para o Brasil, essas tend\u00eancias globais apresentam tanto desafios quanto oportunidades \u00fanicas. Desafios incluem a desigualdade no acesso \u00e0 educa\u00e7\u00e3o de qualidade e \u00e0 infraestrutura tecnol\u00f3gica, que podem exacerbar a divis\u00e3o entre aqueles que est\u00e3o preparados para a era da IA e aqueles que n\u00e3o est\u00e3o. A necessidade de programas de requalifica\u00e7\u00e3o em larga escala \u00e9 evidente, abrangendo desde habilidades digitais b\u00e1sicas at\u00e9 compet\u00eancias avan\u00e7adas em ci\u00eancia de dados e programa\u00e7\u00e3o. Por outro lado, o Brasil tem um potencial enorme para inovar com a **Intelig\u00eancia Artificial**, especialmente em setores como agroneg\u00f3cio (otimiza\u00e7\u00e3o de safras, monitoramento de pragas), sa\u00fade (diagn\u00f3stico remoto, gest\u00e3o hospitalar), e servi\u00e7os (personaliza\u00e7\u00e3o de atendimento, otimiza\u00e7\u00e3o log\u00edstica). A criatividade e a capacidade de inova\u00e7\u00e3o dos brasileiros, aliadas a uma crescente comunidade de desenvolvedores e pesquisadores em IA, podem posicionar o pa\u00eds como um polo de desenvolvimento de solu\u00e7\u00f5es adaptadas \u00e0s suas realidades e desafios espec\u00edficos.<\/p>\n<p>\u00c9 crucial que governos, empresas e institui\u00e7\u00f5es de ensino trabalhem em conjunto para criar um ecossistema que fomente a inova\u00e7\u00e3o em IA de forma inclusiva. Isso envolve pol\u00edticas p\u00fablicas que incentivem a pesquisa e o desenvolvimento, investimentos em educa\u00e7\u00e3o tecnol\u00f3gica, e programas de apoio \u00e0 transi\u00e7\u00e3o de carreira para os trabalhadores afetados pela automa\u00e7\u00e3o. Al\u00e9m disso, a \u00e9tica na **Intelig\u00eancia Artificial** deve ser uma prioridade, garantindo que o desenvolvimento e a implementa\u00e7\u00e3o da tecnologia respeitem os valores humanos, a privacidade e a equidade. A discuss\u00e3o sobre o futuro do trabalho com a IA n\u00e3o \u00e9 apenas sobre tecnologia; \u00e9 sobre o tipo de sociedade que queremos construir e o papel que a humanidade desempenhar\u00e1 nela.<\/p>\n<p>### Navegando o Mar da IA: Resili\u00eancia e Adapta\u00e7\u00e3o<\/p>\n<p>A **Intelig\u00eancia Artificial** est\u00e1, sem d\u00favida, redefinindo as regras do jogo no mercado de trabalho. N\u00e3o se trata de uma amea\u00e7a iminente \u00e0 exist\u00eancia humana no ambiente profissional, mas sim de um convite urgente \u00e0 adapta\u00e7\u00e3o e \u00e0 evolu\u00e7\u00e3o. A hist\u00f3ria nos mostra que a tecnologia sempre transformou o trabalho, e cada revolu\u00e7\u00e3o tecnol\u00f3gica, desde a m\u00e1quina a vapor at\u00e9 a internet, gerou novas oportunidades e exigiu novas compet\u00eancias. A era da IA n\u00e3o ser\u00e1 diferente, mas a velocidade e a abrang\u00eancia de sua influ\u00eancia exigem uma resposta proativa.<\/p>\n<p>Profissionais de todas as \u00e1reas s\u00e3o chamados a cultivar habilidades \u201c\u00e0 prova de IA\u201d, como o pensamento cr\u00edtico, a criatividade, a intelig\u00eancia emocional, a resolu\u00e7\u00e3o de problemas complexos e a capacidade de colaborar de forma eficaz. S\u00e3o essas qualidades intrinsecamente humanas que se tornar\u00e3o ainda mais valiosas em um mundo onde as tarefas rotineiras s\u00e3o cada vez mais delegadas \u00e0s m\u00e1quinas. As empresas, por sua vez, t\u00eam a responsabilidade de liderar essa transi\u00e7\u00e3o de forma \u00e9tica e humana, investindo em seus colaboradores e promovendo um ambiente onde a inova\u00e7\u00e3o e o desenvolvimento profissional caminhem lado a lado. O futuro do trabalho com a **Intelig\u00eancia Artificial** n\u00e3o \u00e9 predeterminado; ele ser\u00e1 moldado pelas escolhas que fazemos hoje, coletivamente e individualmente, em nossa jornada rumo a uma coexist\u00eancia mais inteligente e produtiva entre humanos e m\u00e1quinas.<\/p>\n","protected":false},"excerpt":{"rendered":"<p>Em um mundo onde a tecnologia avan\u00e7a a passos largos, poucas inova\u00e7\u00f5es t\u00eam o poder de impactar o tecido social e econ\u00f4mico como a **Intelig\u00eancia Artificial** (IA). Nos \u00faltimos anos, temos sido testemunhas de uma verdadeira revolu\u00e7\u00e3o silenciosa, com algoritmos e sistemas inteligentes se infiltrando em praticamente todos os setores, desde a sa\u00fade e finan\u00e7as [&hellip;]<\/p>\n","protected":false},"author":1,"featured_media":3802,"comment_status":"open","ping_status":"open","sticky":false,"template":"","format":"standard","meta":{"_yoast_wpseo_focuskw":"Intelig\u00eancia Artificial","_yoast_wpseo_metadesc":"Explore como a Intelig\u00eancia Artificial est\u00e1 redefinindo o mercado de trabalho, os desafios das reestrutura\u00e7\u00f5es e as oportunidades de adapta\u00e7\u00e3o para profissionais e empresas no Brasil.","footnotes":""},"categories":[2],"tags":[],"class_list":["post-3803","post","type-post","status-publish","format-standard","has-post-thumbnail","hentry","category-novidades"],"yoast_head":"<!-- This site is optimized with the Yoast SEO plugin v25.6 - https:\/\/yoast.com\/wordpress\/plugins\/seo\/ -->\n<title>IA e o Futuro do Trabalho: Desafios, Oportunidades e a Reconfigura\u00e7\u00e3o Profissional - Lacerda AI<\/title>\n<meta name=\"description\" content=\"Explore como a Intelig\u00eancia Artificial est\u00e1 redefinindo o mercado de trabalho, os desafios das reestrutura\u00e7\u00f5es e as oportunidades de adapta\u00e7\u00e3o para profissionais e empresas no Brasil.\" \/>\n<meta name=\"robots\" content=\"index, follow, max-snippet:-1, max-image-preview:large, max-video-preview:-1\" \/>\n<link rel=\"canonical\" href=\"https:\/\/lacerdaai.com\/br\/ia-e-o-futuro-do-trabalho-desafios-oportunidades-e-a-reconfiguracao-profissional\/\" \/>\n<meta property=\"og:locale\" content=\"pt_BR\" \/>\n<meta property=\"og:type\" content=\"article\" \/>\n<meta property=\"og:title\" content=\"IA e o Futuro do Trabalho: Desafios, Oportunidades e a Reconfigura\u00e7\u00e3o Profissional - Lacerda AI\" \/>\n<meta property=\"og:description\" content=\"Explore como a Intelig\u00eancia Artificial est\u00e1 redefinindo o mercado de trabalho, os desafios das reestrutura\u00e7\u00f5es e as oportunidades de adapta\u00e7\u00e3o para profissionais e empresas no Brasil.\" \/>\n<meta property=\"og:url\" content=\"https:\/\/lacerdaai.com\/br\/ia-e-o-futuro-do-trabalho-desafios-oportunidades-e-a-reconfiguracao-profissional\/\" \/>\n<meta property=\"og:site_name\" content=\"Lacerda AI\" \/>\n<meta property=\"article:published_time\" content=\"2026-03-01T23:37:41+00:00\" \/>\n<meta property=\"article:modified_time\" content=\"2026-03-01T23:37:43+00:00\" \/>\n<meta name=\"author\" content=\"Andr\u00e9 Lacerda\" \/>\n<meta name=\"twitter:card\" content=\"summary_large_image\" \/>\n<meta name=\"twitter:label1\" content=\"Escrito por\" \/>\n\t<meta name=\"twitter:data1\" content=\"Andr\u00e9 Lacerda\" \/>\n\t<meta name=\"twitter:label2\" content=\"Est. tempo de leitura\" \/>\n\t<meta name=\"twitter:data2\" content=\"9 minutos\" \/>\n<script type=\"application\/ld+json\" class=\"yoast-schema-graph\">{\"@context\":\"https:\/\/schema.org\",\"@graph\":[{\"@type\":\"WebPage\",\"@id\":\"https:\/\/lacerdaai.com\/br\/ia-e-o-futuro-do-trabalho-desafios-oportunidades-e-a-reconfiguracao-profissional\/\",\"url\":\"https:\/\/lacerdaai.com\/br\/ia-e-o-futuro-do-trabalho-desafios-oportunidades-e-a-reconfiguracao-profissional\/\",\"name\":\"IA e o Futuro do Trabalho: Desafios, Oportunidades e a Reconfigura\u00e7\u00e3o Profissional - Lacerda AI\",\"isPartOf\":{\"@id\":\"https:\/\/lacerdaai.com\/br\/#website\"},\"primaryImageOfPage\":{\"@id\":\"https:\/\/lacerdaai.com\/br\/ia-e-o-futuro-do-trabalho-desafios-oportunidades-e-a-reconfiguracao-profissional\/#primaryimage\"},\"image\":{\"@id\":\"https:\/\/lacerdaai.com\/br\/ia-e-o-futuro-do-trabalho-desafios-oportunidades-e-a-reconfiguracao-profissional\/#primaryimage\"},\"thumbnailUrl\":\"https:\/\/lacerdaai.com\/br\/wp-content\/uploads\/2026\/03\/imagem-5.jpg\",\"datePublished\":\"2026-03-01T23:37:41+00:00\",\"dateModified\":\"2026-03-01T23:37:43+00:00\",\"author\":{\"@id\":\"https:\/\/lacerdaai.com\/br\/#\/schema\/person\/8bad803c2e83a0c5c5c75e02a1c2248f\"},\"description\":\"Explore como a Intelig\u00eancia Artificial est\u00e1 redefinindo o mercado de trabalho, os desafios das reestrutura\u00e7\u00f5es e as oportunidades de adapta\u00e7\u00e3o para profissionais e empresas no Brasil.\",\"breadcrumb\":{\"@id\":\"https:\/\/lacerdaai.com\/br\/ia-e-o-futuro-do-trabalho-desafios-oportunidades-e-a-reconfiguracao-profissional\/#breadcrumb\"},\"inLanguage\":\"pt-BR\",\"potentialAction\":[{\"@type\":\"ReadAction\",\"target\":[\"https:\/\/lacerdaai.com\/br\/ia-e-o-futuro-do-trabalho-desafios-oportunidades-e-a-reconfiguracao-profissional\/\"]}]},{\"@type\":\"ImageObject\",\"inLanguage\":\"pt-BR\",\"@id\":\"https:\/\/lacerdaai.com\/br\/ia-e-o-futuro-do-trabalho-desafios-oportunidades-e-a-reconfiguracao-profissional\/#primaryimage\",\"url\":\"https:\/\/lacerdaai.com\/br\/wp-content\/uploads\/2026\/03\/imagem-5.jpg\",\"contentUrl\":\"https:\/\/lacerdaai.com\/br\/wp-content\/uploads\/2026\/03\/imagem-5.jpg\",\"width\":2400,\"height\":1350},{\"@type\":\"BreadcrumbList\",\"@id\":\"https:\/\/lacerdaai.com\/br\/ia-e-o-futuro-do-trabalho-desafios-oportunidades-e-a-reconfiguracao-profissional\/#breadcrumb\",\"itemListElement\":[{\"@type\":\"ListItem\",\"position\":1,\"name\":\"In\u00edcio\",\"item\":\"https:\/\/lacerdaai.com\/br\/\"},{\"@type\":\"ListItem\",\"position\":2,\"name\":\"IA e o Futuro do Trabalho: Desafios, Oportunidades e a Reconfigura\u00e7\u00e3o Profissional\"}]},{\"@type\":\"WebSite\",\"@id\":\"https:\/\/lacerdaai.com\/br\/#website\",\"url\":\"https:\/\/lacerdaai.com\/br\/\",\"name\":\"Lacerda AI\",\"description\":\"Seu blog di\u00e1rio de novidades do mundo da Inteligencia Artificial\",\"potentialAction\":[{\"@type\":\"SearchAction\",\"target\":{\"@type\":\"EntryPoint\",\"urlTemplate\":\"https:\/\/lacerdaai.com\/br\/?s={search_term_string}\"},\"query-input\":{\"@type\":\"PropertyValueSpecification\",\"valueRequired\":true,\"valueName\":\"search_term_string\"}}],\"inLanguage\":\"pt-BR\"},{\"@type\":\"Person\",\"@id\":\"https:\/\/lacerdaai.com\/br\/#\/schema\/person\/8bad803c2e83a0c5c5c75e02a1c2248f\",\"name\":\"Andr\u00e9 Lacerda\",\"image\":{\"@type\":\"ImageObject\",\"inLanguage\":\"pt-BR\",\"@id\":\"https:\/\/lacerdaai.com\/br\/#\/schema\/person\/image\/\",\"url\":\"https:\/\/secure.gravatar.com\/avatar\/f5c1fa5ad9763f54c1f223c3fc91f131da6288c9f9e28d74bb3c355ad99af205?s=96&d=mm&r=g\",\"contentUrl\":\"https:\/\/secure.gravatar.com\/avatar\/f5c1fa5ad9763f54c1f223c3fc91f131da6288c9f9e28d74bb3c355ad99af205?s=96&d=mm&r=g\",\"caption\":\"Andr\u00e9 Lacerda\"},\"description\":\"Sou o Andr\u00e9 Lacerda, tenho 35 anos e sou apaixonado por tecnologia, intelig\u00eancia artificial e boas hist\u00f3rias. Me formei em Tecnologia e Jornalismo \u2014 sim, uma mistura meio improv\u00e1vel, mas que combina muito comigo. J\u00e1 morei no Canad\u00e1 e na Espanha, e essas experi\u00eancias me ajudaram a enxergar a inova\u00e7\u00e3o com um olhar mais global (e a me virar bem em tr\u00eas idiomas \ud83d\ude04). Trabalhei em algumas das maiores empresas de tecnologia do mercado e, hoje, atuo como consultor ajudando neg\u00f3cios a entenderem e aplicarem IA de forma pr\u00e1tica, estrat\u00e9gica e humana. Gosto de traduzir o complexo em algo simples \u2014 e \u00e9 isso que voc\u00ea vai encontrar por aqui.\",\"sameAs\":[\"http:\/\/lacerdaai.com\/br\"],\"url\":\"https:\/\/lacerdaai.com\/br\/author\/red-admin\/\"}]}<\/script>\n<!-- \/ Yoast SEO plugin. -->","yoast_head_json":{"title":"IA e o Futuro do Trabalho: Desafios, Oportunidades e a Reconfigura\u00e7\u00e3o Profissional - Lacerda AI","description":"Explore como a Intelig\u00eancia Artificial est\u00e1 redefinindo o mercado de trabalho, os desafios das reestrutura\u00e7\u00f5es e as oportunidades de adapta\u00e7\u00e3o para profissionais e empresas no Brasil.","robots":{"index":"index","follow":"follow","max-snippet":"max-snippet:-1","max-image-preview":"max-image-preview:large","max-video-preview":"max-video-preview:-1"},"canonical":"https:\/\/lacerdaai.com\/br\/ia-e-o-futuro-do-trabalho-desafios-oportunidades-e-a-reconfiguracao-profissional\/","og_locale":"pt_BR","og_type":"article","og_title":"IA e o Futuro do Trabalho: Desafios, Oportunidades e a Reconfigura\u00e7\u00e3o Profissional - Lacerda AI","og_description":"Explore como a Intelig\u00eancia Artificial est\u00e1 redefinindo o mercado de trabalho, os desafios das reestrutura\u00e7\u00f5es e as oportunidades de adapta\u00e7\u00e3o para profissionais e empresas no Brasil.","og_url":"https:\/\/lacerdaai.com\/br\/ia-e-o-futuro-do-trabalho-desafios-oportunidades-e-a-reconfiguracao-profissional\/","og_site_name":"Lacerda AI","article_published_time":"2026-03-01T23:37:41+00:00","article_modified_time":"2026-03-01T23:37:43+00:00","author":"Andr\u00e9 Lacerda","twitter_card":"summary_large_image","twitter_misc":{"Escrito por":"Andr\u00e9 Lacerda","Est. tempo de leitura":"9 minutos"},"schema":{"@context":"https:\/\/schema.org","@graph":[{"@type":"WebPage","@id":"https:\/\/lacerdaai.com\/br\/ia-e-o-futuro-do-trabalho-desafios-oportunidades-e-a-reconfiguracao-profissional\/","url":"https:\/\/lacerdaai.com\/br\/ia-e-o-futuro-do-trabalho-desafios-oportunidades-e-a-reconfiguracao-profissional\/","name":"IA e o Futuro do Trabalho: Desafios, Oportunidades e a Reconfigura\u00e7\u00e3o Profissional - Lacerda AI","isPartOf":{"@id":"https:\/\/lacerdaai.com\/br\/#website"},"primaryImageOfPage":{"@id":"https:\/\/lacerdaai.com\/br\/ia-e-o-futuro-do-trabalho-desafios-oportunidades-e-a-reconfiguracao-profissional\/#primaryimage"},"image":{"@id":"https:\/\/lacerdaai.com\/br\/ia-e-o-futuro-do-trabalho-desafios-oportunidades-e-a-reconfiguracao-profissional\/#primaryimage"},"thumbnailUrl":"https:\/\/lacerdaai.com\/br\/wp-content\/uploads\/2026\/03\/imagem-5.jpg","datePublished":"2026-03-01T23:37:41+00:00","dateModified":"2026-03-01T23:37:43+00:00","author":{"@id":"https:\/\/lacerdaai.com\/br\/#\/schema\/person\/8bad803c2e83a0c5c5c75e02a1c2248f"},"description":"Explore como a Intelig\u00eancia Artificial est\u00e1 redefinindo o mercado de trabalho, os desafios das reestrutura\u00e7\u00f5es e as oportunidades de adapta\u00e7\u00e3o para profissionais e empresas no Brasil.","breadcrumb":{"@id":"https:\/\/lacerdaai.com\/br\/ia-e-o-futuro-do-trabalho-desafios-oportunidades-e-a-reconfiguracao-profissional\/#breadcrumb"},"inLanguage":"pt-BR","potentialAction":[{"@type":"ReadAction","target":["https:\/\/lacerdaai.com\/br\/ia-e-o-futuro-do-trabalho-desafios-oportunidades-e-a-reconfiguracao-profissional\/"]}]},{"@type":"ImageObject","inLanguage":"pt-BR","@id":"https:\/\/lacerdaai.com\/br\/ia-e-o-futuro-do-trabalho-desafios-oportunidades-e-a-reconfiguracao-profissional\/#primaryimage","url":"https:\/\/lacerdaai.com\/br\/wp-content\/uploads\/2026\/03\/imagem-5.jpg","contentUrl":"https:\/\/lacerdaai.com\/br\/wp-content\/uploads\/2026\/03\/imagem-5.jpg","width":2400,"height":1350},{"@type":"BreadcrumbList","@id":"https:\/\/lacerdaai.com\/br\/ia-e-o-futuro-do-trabalho-desafios-oportunidades-e-a-reconfiguracao-profissional\/#breadcrumb","itemListElement":[{"@type":"ListItem","position":1,"name":"In\u00edcio","item":"https:\/\/lacerdaai.com\/br\/"},{"@type":"ListItem","position":2,"name":"IA e o Futuro do Trabalho: Desafios, Oportunidades e a Reconfigura\u00e7\u00e3o Profissional"}]},{"@type":"WebSite","@id":"https:\/\/lacerdaai.com\/br\/#website","url":"https:\/\/lacerdaai.com\/br\/","name":"Lacerda AI","description":"Seu blog di\u00e1rio de novidades do mundo da Inteligencia Artificial","potentialAction":[{"@type":"SearchAction","target":{"@type":"EntryPoint","urlTemplate":"https:\/\/lacerdaai.com\/br\/?s={search_term_string}"},"query-input":{"@type":"PropertyValueSpecification","valueRequired":true,"valueName":"search_term_string"}}],"inLanguage":"pt-BR"},{"@type":"Person","@id":"https:\/\/lacerdaai.com\/br\/#\/schema\/person\/8bad803c2e83a0c5c5c75e02a1c2248f","name":"Andr\u00e9 Lacerda","image":{"@type":"ImageObject","inLanguage":"pt-BR","@id":"https:\/\/lacerdaai.com\/br\/#\/schema\/person\/image\/","url":"https:\/\/secure.gravatar.com\/avatar\/f5c1fa5ad9763f54c1f223c3fc91f131da6288c9f9e28d74bb3c355ad99af205?s=96&d=mm&r=g","contentUrl":"https:\/\/secure.gravatar.com\/avatar\/f5c1fa5ad9763f54c1f223c3fc91f131da6288c9f9e28d74bb3c355ad99af205?s=96&d=mm&r=g","caption":"Andr\u00e9 Lacerda"},"description":"Sou o Andr\u00e9 Lacerda, tenho 35 anos e sou apaixonado por tecnologia, intelig\u00eancia artificial e boas hist\u00f3rias. Me formei em Tecnologia e Jornalismo \u2014 sim, uma mistura meio improv\u00e1vel, mas que combina muito comigo. J\u00e1 morei no Canad\u00e1 e na Espanha, e essas experi\u00eancias me ajudaram a enxergar a inova\u00e7\u00e3o com um olhar mais global (e a me virar bem em tr\u00eas idiomas \ud83d\ude04). Trabalhei em algumas das maiores empresas de tecnologia do mercado e, hoje, atuo como consultor ajudando neg\u00f3cios a entenderem e aplicarem IA de forma pr\u00e1tica, estrat\u00e9gica e humana. Gosto de traduzir o complexo em algo simples \u2014 e \u00e9 isso que voc\u00ea vai encontrar por aqui.","sameAs":["http:\/\/lacerdaai.com\/br"],"url":"https:\/\/lacerdaai.com\/br\/author\/red-admin\/"}]}},"_links":{"self":[{"href":"https:\/\/lacerdaai.com\/br\/wp-json\/wp\/v2\/posts\/3803","targetHints":{"allow":["GET"]}}],"collection":[{"href":"https:\/\/lacerdaai.com\/br\/wp-json\/wp\/v2\/posts"}],"about":[{"href":"https:\/\/lacerdaai.com\/br\/wp-json\/wp\/v2\/types\/post"}],"author":[{"embeddable":true,"href":"https:\/\/lacerdaai.com\/br\/wp-json\/wp\/v2\/users\/1"}],"replies":[{"embeddable":true,"href":"https:\/\/lacerdaai.com\/br\/wp-json\/wp\/v2\/comments?post=3803"}],"version-history":[{"count":1,"href":"https:\/\/lacerdaai.com\/br\/wp-json\/wp\/v2\/posts\/3803\/revisions"}],"predecessor-version":[{"id":3804,"href":"https:\/\/lacerdaai.com\/br\/wp-json\/wp\/v2\/posts\/3803\/revisions\/3804"}],"wp:featuredmedia":[{"embeddable":true,"href":"https:\/\/lacerdaai.com\/br\/wp-json\/wp\/v2\/media\/3802"}],"wp:attachment":[{"href":"https:\/\/lacerdaai.com\/br\/wp-json\/wp\/v2\/media?parent=3803"}],"wp:term":[{"taxonomy":"category","embeddable":true,"href":"https:\/\/lacerdaai.com\/br\/wp-json\/wp\/v2\/categories?post=3803"},{"taxonomy":"post_tag","embeddable":true,"href":"https:\/\/lacerdaai.com\/br\/wp-json\/wp\/v2\/tags?post=3803"}],"curies":[{"name":"wp","href":"https:\/\/api.w.org\/{rel}","templated":true}]}}