{"id":3812,"date":"2026-03-02T16:37:49","date_gmt":"2026-03-02T19:37:49","guid":{"rendered":"https:\/\/lacerdaai.com\/br\/nao-entre-em-panico-a-ia-nao-esta-causando-um-apocalipse-de-empregos-ainda-nao\/"},"modified":"2026-03-02T16:37:51","modified_gmt":"2026-03-02T19:37:51","slug":"nao-entre-em-panico-a-ia-nao-esta-causando-um-apocalipse-de-empregos-ainda-nao","status":"publish","type":"post","link":"https:\/\/lacerdaai.com\/br\/nao-entre-em-panico-a-ia-nao-esta-causando-um-apocalipse-de-empregos-ainda-nao\/","title":{"rendered":"N\u00e3o Entre em P\u00e2nico: A IA N\u00e3o Est\u00e1 Causando um Apocalipse de Empregos (Ainda N\u00e3o!)"},"content":{"rendered":"<p>A cada nova onda de avan\u00e7os tecnol\u00f3gicos, uma sombra paira sobre a mente de muitos: a amea\u00e7a de que m\u00e1quinas avan\u00e7adas roubar\u00e3o nossos empregos. E, como se para adicionar combust\u00edvel a essa fogueira de ansiedade, surge a not\u00edcia de grandes empresas reestruturando suas equipes, com a intelig\u00eancia artificial sendo explicitamente citada como um fator. Lembro-me bem de um recente caso hipot\u00e9tico em que uma gigante de pagamentos, a Block, anunciou uma redu\u00e7\u00e3o significativa de sua for\u00e7a de trabalho, vinculando abertamente os cortes \u00e0s ferramentas de IA que &#8216;mudaram o que significa construir e gerenciar uma empresa&#8217;.<\/p>\n<p>\u00c9 um roteiro familiar, n\u00e3o \u00e9? Um ensaio viral alerta para uma cat\u00e1strofe econ\u00f4mica impulsionada pela IA, e poucos dias depois, demiss\u00f5es em massa s\u00e3o anunciadas. \u00c9 f\u00e1cil, nesse cen\u00e1rio, cair na armadilha do p\u00e2nico e imaginar um futuro dist\u00f3pico onde rob\u00f4s ocupam todos os escrit\u00f3rios e f\u00e1bricas, deixando milh\u00f5es desempregados. Mas ser\u00e1 que essa narrativa apocal\u00edptica realmente se sustenta? Como um entusiasta e especialista em intelig\u00eancia artificial, estou aqui para oferecer uma perspectiva mais equilibrada. A verdade \u00e9 que, embora a IA esteja, de fato, transformando radicalmente o mundo do trabalho, a ideia de um &#8216;apocalipse de empregos&#8217; completo \u00e9, no m\u00ednimo, uma simplifica\u00e7\u00e3o exagerada. Vamos mergulhar fundo para entender as nuances dessa revolu\u00e7\u00e3o.<\/p>\n<h2>O <strong>impacto da IA no mercado de trabalho<\/strong>: Desmistificando o Apocalipse<\/h2>\n<p>A discuss\u00e3o sobre o <strong>impacto da IA no mercado de trabalho<\/strong> n\u00e3o \u00e9 nova, mas ganhou uma urg\u00eancia renovada com o advento de modelos de linguagem grandes (LLMs) e ferramentas generativas que parecem capazes de executar tarefas complexas com uma destreza surpreendente. O medo de que a automa\u00e7\u00e3o complete eliminar\u00e1 a necessidade de trabalho humano \u00e9 um eco das revolu\u00e7\u00f5es industriais passadas. Lembremo-nos dos luditas, que no s\u00e9culo XIX, quebravam m\u00e1quinas a vapor temendo a perda de seus of\u00edcios. A hist\u00f3ria, no entanto, nos mostra um padr\u00e3o diferente: enquanto certas profiss\u00f5es desaparecem, novas e, muitas vezes, mais sofisticadas, emergem.<\/p>\n<p>O que a intelig\u00eancia artificial faz, fundamentalmente, \u00e9 automatizar tarefas. N\u00e3o necessariamente empregos inteiros, mas componentes repetitivos, baseados em regras ou que exigem processamento de grandes volumes de dados. Pense em assistentes virtuais que agendam reuni\u00f5es, algoritmos que analisam relat\u00f3rios financeiros ou sistemas que otimizam cadeias de suprimentos. Essas ferramentas liberam os seres humanos para se concentrarem em aspectos do trabalho que exigem criatividade, pensamento cr\u00edtico, resolu\u00e7\u00e3o complexa de problemas, intelig\u00eancia emocional e intera\u00e7\u00e3o interpessoal \u2014 habilidades que, at\u00e9 o momento, permanecem no dom\u00ednio exclusivo da cogni\u00e7\u00e3o humana. O cen\u00e1rio da Block, por exemplo, pode ser mais sobre reengenharia de processos e aumento de efici\u00eancia do que sobre a elimina\u00e7\u00e3o pura e simples de fun\u00e7\u00f5es sem a cria\u00e7\u00e3o de novas necessidades. Empresas que adotam a IA muitas vezes buscam otimizar suas opera\u00e7\u00f5es e, com isso, as fun\u00e7\u00f5es existentes podem ser realocadas ou transformadas, exigindo um novo conjunto de compet\u00eancias dos colaboradores.<\/p>\n<p>\u00c9 crucial diferenciar a automa\u00e7\u00e3o de tarefas da aniquila\u00e7\u00e3o de empregos. A automa\u00e7\u00e3o, em muitos casos, pode levar \u00e0 &#8220;aumenta\u00e7\u00e3o&#8221; do trabalho, onde a IA atua como uma ferramenta poderosa que melhora a produtividade e a capacidade dos profissionais. M\u00e9dicos usam IA para auxiliar no diagn\u00f3stico, arquitetos para projetar estruturas complexas, e marqueteiros para otimizar campanhas. Nesses cen\u00e1rios, a IA n\u00e3o substitui, mas capacita e amplia as capacidades humanas, permitindo que os profissionais alcancem resultados que antes seriam imposs\u00edveis ou demandariam muito mais tempo e recursos. Portanto, o grande desafio n\u00e3o \u00e9 lutar contra a IA, mas aprender a trabalhar com ela, aproveitando suas vantagens para elevar o n\u00edvel de nossas contribui\u00e7\u00f5es.<\/p>\n<h2>Novas Habilidades e Novas Profiss\u00f5es: O Que o Futuro nos Reserva?<\/h2>\n<p>Se o panorama n\u00e3o \u00e9 de um apocalipse, \u00e9, sem d\u00favida, de uma profunda transforma\u00e7\u00e3o. A ascens\u00e3o da IA demanda uma reavalia\u00e7\u00e3o das habilidades mais valorizadas no mercado de trabalho. As chamadas &#8220;soft skills&#8221; \u2014 comunica\u00e7\u00e3o, colabora\u00e7\u00e3o, adaptabilidade, criatividade, empatia e pensamento cr\u00edtico \u2014 nunca foram t\u00e3o importantes. Enquanto a IA pode replicar e at\u00e9 superar a cogni\u00e7\u00e3o humana em tarefas espec\u00edficas, ela ainda carece da complexidade da intelig\u00eancia emocional e da capacidade de inova\u00e7\u00e3o genu\u00edna que define a experi\u00eancia humana.<\/p>\n<p>Al\u00e9m disso, a pr\u00f3pria IA est\u00e1 gerando um leque de novas profiss\u00f5es e especializa\u00e7\u00f5es. Quem imaginaria h\u00e1 uma d\u00e9cada que o &#8220;engenheiro de prompt&#8221; seria uma fun\u00e7\u00e3o em alta demanda? Essa \u00e9 apenas uma das muitas novas carreiras que est\u00e3o surgindo na interse\u00e7\u00e3o entre humanos e m\u00e1quinas. Pense em:<\/p>\n<ul>\n<li><strong>Especialistas em \u00c9tica de IA:<\/strong> Profissionais dedicados a garantir que os sistemas de IA sejam desenvolvidos e utilizados de forma justa, transparente e respons\u00e1vel, mitigando vieses e protegendo a privacidade.<\/li>\n<li><strong>Treinadores de IA\/Curadores de Dados:<\/strong> Pessoas que alimentam, organizam e validam os vastos conjuntos de dados necess\u00e1rios para treinar modelos de IA, garantindo sua qualidade e relev\u00e2ncia.<\/li>\n<li><strong>Designers de Experi\u00eancia Humano-IA:<\/strong> Criando interfaces intuitivas e eficazes que permitem uma colabora\u00e7\u00e3o perfeita entre usu\u00e1rios e sistemas de intelig\u00eancia artificial.<\/li>\n<li><strong>Analistas de Dados e Cientistas de IA:<\/strong> Especialistas que projetam, constroem e mant\u00eam os pr\u00f3prios sistemas de IA, extraindo insights valiosos de grandes volumes de dados.<\/li>\n<li><strong>Gerentes de Transforma\u00e7\u00e3o Digital com IA:<\/strong> Profissionais que orquestram a integra\u00e7\u00e3o de solu\u00e7\u00f5es de IA nas opera\u00e7\u00f5es de uma empresa, garantindo uma transi\u00e7\u00e3o suave e o m\u00e1ximo retorno sobre o investimento.<\/li>\n<\/ul>\n<p>A mensagem \u00e9 clara: o aprendizado cont\u00ednuo (lifelong learning) deixar\u00e1 de ser um diferencial para se tornar uma necessidade. Governos, institui\u00e7\u00f5es de ensino e empresas t\u00eam um papel crucial em investir em programas de requalifica\u00e7\u00e3o e aperfei\u00e7oamento profissional, preparando a for\u00e7a de trabalho para as exig\u00eancias do futuro. A capacidade de se adaptar, de adquirir novas habilidades e de se reinventar ser\u00e1 o maior ativo de qualquer profissional na era da IA. Aqueles que abra\u00e7arem a mudan\u00e7a e buscarem se aprimorar nas \u00e1reas complementares \u00e0 IA estar\u00e3o n\u00e3o apenas seguros, mas em vantagem.<\/p>\n<h2>Revolu\u00e7\u00e3o ou Evolu\u00e7\u00e3o? A Transforma\u00e7\u00e3o Setorial pela Intelig\u00eancia Artificial<\/h2>\n<p>A intelig\u00eancia artificial n\u00e3o \u00e9 uma for\u00e7a homog\u00eanea; seu impacto varia significativamente entre os setores da economia. Em alguns, ela atua como um catalisador de produtividade, em outros, como um disruptor de modelos de neg\u00f3cios estabelecidos. Compreender essa din\u00e2mica \u00e9 fundamental para antecipar as mudan\u00e7as e se preparar para elas.<\/p>\n<p>No setor de sa\u00fade, por exemplo, a IA est\u00e1 revolucionando desde o diagn\u00f3stico precoce de doen\u00e7as (com algoritmos analisando imagens m\u00e9dicas com precis\u00e3o superior \u00e0 humana) at\u00e9 a descoberta de novos medicamentos, acelerando processos que antes levariam anos. M\u00e9dicos e pesquisadores n\u00e3o s\u00e3o substitu\u00eddos, mas sim potencializados. No setor financeiro, a IA aprimora a detec\u00e7\u00e3o de fraudes, otimiza o trading algor\u00edtmico e personaliza o aconselhamento financeiro, tornando as opera\u00e7\u00f5es mais eficientes e seguras. Bancos e institui\u00e7\u00f5es financeiras est\u00e3o investindo pesadamente em IA para modernizar seus servi\u00e7os e melhorar a experi\u00eancia do cliente.<\/p>\n<p>Ind\u00fastrias criativas tamb\u00e9m est\u00e3o sendo transformadas. Ferramentas de IA generativa auxiliam designers a criar prot\u00f3tipos, escritores a gerar ideias e m\u00fasicos a compor novas melodias. O valor n\u00e3o est\u00e1 mais apenas na execu\u00e7\u00e3o manual, mas na curadoria, na dire\u00e7\u00e3o criativa e na capacidade de refinar e infundir humanidade no que a m\u00e1quina produz. No varejo, a IA personaliza recomenda\u00e7\u00f5es de produtos, otimiza a gest\u00e3o de estoque e aprimora o atendimento ao cliente com chatbots avan\u00e7ados, resultando em maior satisfa\u00e7\u00e3o do consumidor e efici\u00eancia operacional.<\/p>\n<p>\u00c9 verdade que alguns setores e fun\u00e7\u00f5es com alta rotina e tarefas repetitivas ser\u00e3o os mais afetados pela automa\u00e7\u00e3o. Linhas de montagem, entrada de dados, telemarketing b\u00e1sico \u2013 estas s\u00e3o as \u00e1reas onde a IA pode assumir um papel mais proeminente, levando \u00e0 realoca\u00e7\u00e3o de trabalhadores. No entanto, \u00e9 importante notar que a hist\u00f3ria nos mostra que a m\u00e3o de obra liberada por essas mudan\u00e7as muitas vezes encontra novas oportunidades em setores emergentes ou em fun\u00e7\u00f5es de maior valor agregado que surgem justamente da produtividade gerada pela tecnologia. O desafio reside em garantir que essa transi\u00e7\u00e3o seja justa e que haja programas de suporte para os trabalhadores afetados.<\/p>\n<p>As empresas que souberem integrar a IA de forma estrat\u00e9gica, focando n\u00e3o apenas na redu\u00e7\u00e3o de custos, mas na cria\u00e7\u00e3o de valor, na inova\u00e7\u00e3o e na melhoria da experi\u00eancia humana \u2013 tanto para clientes quanto para colaboradores \u2013 ser\u00e3o as grandes vencedoras. A intelig\u00eancia artificial n\u00e3o \u00e9 apenas uma ferramenta de corte, mas uma catalisadora de crescimento e um motor para a cria\u00e7\u00e3o de um futuro mais eficiente e, paradoxalmente, mais humano, na medida em que libera as pessoas para se concentrarem no que realmente importa.<\/p>\n<p>Os pr\u00f3ximos anos ser\u00e3o de adapta\u00e7\u00e3o e resili\u00eancia. Aqueles que enxergam a IA n\u00e3o como um advers\u00e1rio, mas como um aliado, estar\u00e3o mais preparados para navegar por este cen\u00e1rio em constante evolu\u00e7\u00e3o. O di\u00e1logo cont\u00ednuo entre especialistas em tecnologia, empresas, governos e a sociedade civil \u00e9 fundamental para moldar um futuro onde a IA seja uma for\u00e7a para o bem, impulsionando a prosperidade e a inova\u00e7\u00e3o sem deixar ningu\u00e9m para tr\u00e1s. A educa\u00e7\u00e3o e a requalifica\u00e7\u00e3o ser\u00e3o as b\u00fassolas que guiar\u00e3o os profissionais por esta nova era, permitindo que a criatividade e a capacidade de resolu\u00e7\u00e3o de problemas humanos continuem a brilhar, complementadas pela pot\u00eancia computacional da intelig\u00eancia artificial.<\/p>\n<h2>A \u00c9tica e a Governan\u00e7a: Pilares para um Futuro Respons\u00e1vel com IA<\/h2>\n<p>\u00c0 medida que a intelig\u00eancia artificial se integra mais profundamente em nossas vidas e no mercado de trabalho, a discuss\u00e3o sobre \u00e9tica e governan\u00e7a torna-se n\u00e3o apenas relevante, mas imperativa. N\u00e3o basta apenas desenvolver a tecnologia; \u00e9 preciso desenvolv\u00ea-la de forma respons\u00e1vel, garantindo que seus benef\u00edcios sejam amplamente distribu\u00eddos e que seus riscos sejam minimizados. A quest\u00e3o da equidade na automa\u00e7\u00e3o, por exemplo, \u00e9 crucial. Ser\u00e1 que os benef\u00edcios da IA ser\u00e3o concentrados apenas nas elites, ou teremos mecanismos para garantir que a sociedade como um todo se beneficie da maior produtividade e riqueza gerada?<\/p>\n<p>Caminhos para uma implementa\u00e7\u00e3o \u00e9tica incluem o desenvolvimento de sistemas de IA transparentes e explic\u00e1veis, onde \u00e9 poss\u00edvel entender como as decis\u00f5es s\u00e3o tomadas; a mitiga\u00e7\u00e3o de vieses nos algoritmos, que podem perpetuar ou at\u00e9 amplificar desigualdades sociais existentes; e a prote\u00e7\u00e3o rigorosa da privacidade dos dados. Governos e organiza\u00e7\u00f5es internacionais est\u00e3o come\u00e7ando a estabelecer diretrizes e regulamenta\u00e7\u00f5es, mas o ritmo da inova\u00e7\u00e3o da IA \u00e9 r\u00e1pido, e as pol\u00edticas precisam evoluir em sincronia. A participa\u00e7\u00e3o de especialistas em filosofia, sociologia, direito e \u00e9tica, ao lado de engenheiros e cientistas de dados, \u00e9 essencial para construir um ecossistema de IA que sirva \u00e0 humanidade.<\/p>\n<p><\n\n<h3>Rumo a um Futuro Aumentado, N\u00e3o Substitu\u00eddo<\/h3>\n<p>Chegamos ao fim da nossa jornada de desmistifica\u00e7\u00e3o do &#8220;apocalipse de empregos&#8221; pela intelig\u00eancia artificial. \u00c9 ineg\u00e1vel que a IA est\u00e1 redefinindo o conceito de trabalho, automatizando tarefas repetitivas e exigindo uma nova safra de habilidades focadas na criatividade, na intelig\u00eancia emocional e no pensamento cr\u00edtico. O caso hipot\u00e9tico da Block, ou qualquer outra empresa que otimize suas opera\u00e7\u00f5es com IA, n\u00e3o \u00e9 um sinal de destrui\u00e7\u00e3o generalizada, mas um lembrete v\u00edvido da necessidade de adapta\u00e7\u00e3o cont\u00ednua e da reinven\u00e7\u00e3o profissional. Estamos testemunhando uma transforma\u00e7\u00e3o, n\u00e3o uma aniquila\u00e7\u00e3o.<\/p>\n<p>O futuro do trabalho com IA n\u00e3o \u00e9 sobre humanos versus m\u00e1quinas, mas sim sobre humanos com m\u00e1quinas. \u00c9 um futuro de &#8216;trabalho aumentado&#8217;, onde a intelig\u00eancia artificial serve como uma parceira poderosa, liberando o potencial humano para inovar, criar e resolver problemas complexos em uma escala sem precedentes. Para abra\u00e7ar esse futuro com confian\u00e7a, precisamos investir em educa\u00e7\u00e3o, em requalifica\u00e7\u00e3o e em um di\u00e1logo aberto sobre as implica\u00e7\u00f5es \u00e9ticas e sociais da IA. Ao faz\u00ea-lo, poderemos moldar um mundo onde a tecnologia n\u00e3o apenas impulsiona a efici\u00eancia, mas tamb\u00e9m enriquece a experi\u00eancia humana, construindo um cen\u00e1rio profissional mais din\u00e2mico, produtivo e, acima de tudo, humano. O p\u00e2nico n\u00e3o nos levar\u00e1 a lugar nenhum; a prepara\u00e7\u00e3o e a adaptabilidade, sim.<\/p>\n","protected":false},"excerpt":{"rendered":"<p>A cada nova onda de avan\u00e7os tecnol\u00f3gicos, uma sombra paira sobre a mente de muitos: a amea\u00e7a de que m\u00e1quinas avan\u00e7adas roubar\u00e3o nossos empregos. E, como se para adicionar combust\u00edvel a essa fogueira de ansiedade, surge a not\u00edcia de grandes empresas reestruturando suas equipes, com a intelig\u00eancia artificial sendo explicitamente citada como um fator. Lembro-me [&hellip;]<\/p>\n","protected":false},"author":1,"featured_media":3811,"comment_status":"open","ping_status":"open","sticky":false,"template":"","format":"standard","meta":{"_yoast_wpseo_focuskw":"impacto da IA no mercado de trabalho","_yoast_wpseo_metadesc":"Descubra a verdadeira face do impacto da intelig\u00eancia artificial no mercado de trabalho. Este artigo desmistifica o medo do 'apocalipse de empregos' e explora as transforma\u00e7\u00f5es, novas habilidades e oportunidades que a IA est\u00e1 criando, com insights de um especialista em tecnologia.","footnotes":""},"categories":[2],"tags":[],"class_list":["post-3812","post","type-post","status-publish","format-standard","has-post-thumbnail","hentry","category-novidades"],"yoast_head":"<!-- This site is optimized with the Yoast SEO plugin v25.6 - https:\/\/yoast.com\/wordpress\/plugins\/seo\/ -->\n<title>N\u00e3o Entre em P\u00e2nico: A IA N\u00e3o Est\u00e1 Causando um Apocalipse de Empregos (Ainda N\u00e3o!) - Lacerda AI<\/title>\n<meta name=\"description\" content=\"Descubra a verdadeira face do impacto da intelig\u00eancia artificial no mercado de trabalho. Este artigo desmistifica o medo do &#039;apocalipse de empregos&#039; e explora as transforma\u00e7\u00f5es, novas habilidades e oportunidades que a IA est\u00e1 criando, com insights de um especialista em tecnologia.\" \/>\n<meta name=\"robots\" content=\"index, follow, max-snippet:-1, max-image-preview:large, max-video-preview:-1\" \/>\n<link rel=\"canonical\" href=\"https:\/\/lacerdaai.com\/br\/nao-entre-em-panico-a-ia-nao-esta-causando-um-apocalipse-de-empregos-ainda-nao\/\" \/>\n<meta property=\"og:locale\" content=\"pt_BR\" \/>\n<meta property=\"og:type\" content=\"article\" \/>\n<meta property=\"og:title\" content=\"N\u00e3o Entre em P\u00e2nico: A IA N\u00e3o Est\u00e1 Causando um Apocalipse de Empregos (Ainda N\u00e3o!) - Lacerda AI\" \/>\n<meta property=\"og:description\" content=\"Descubra a verdadeira face do impacto da intelig\u00eancia artificial no mercado de trabalho. Este artigo desmistifica o medo do &#039;apocalipse de empregos&#039; e explora as transforma\u00e7\u00f5es, novas habilidades e oportunidades que a IA est\u00e1 criando, com insights de um especialista em tecnologia.\" \/>\n<meta property=\"og:url\" content=\"https:\/\/lacerdaai.com\/br\/nao-entre-em-panico-a-ia-nao-esta-causando-um-apocalipse-de-empregos-ainda-nao\/\" \/>\n<meta property=\"og:site_name\" content=\"Lacerda AI\" \/>\n<meta property=\"article:published_time\" content=\"2026-03-02T19:37:49+00:00\" \/>\n<meta property=\"article:modified_time\" content=\"2026-03-02T19:37:51+00:00\" \/>\n<meta name=\"author\" content=\"Andr\u00e9 Lacerda\" \/>\n<meta name=\"twitter:card\" content=\"summary_large_image\" \/>\n<meta name=\"twitter:label1\" content=\"Escrito por\" \/>\n\t<meta name=\"twitter:data1\" content=\"Andr\u00e9 Lacerda\" \/>\n\t<meta name=\"twitter:label2\" content=\"Est. tempo de leitura\" \/>\n\t<meta name=\"twitter:data2\" content=\"10 minutos\" \/>\n<script type=\"application\/ld+json\" class=\"yoast-schema-graph\">{\"@context\":\"https:\/\/schema.org\",\"@graph\":[{\"@type\":\"WebPage\",\"@id\":\"https:\/\/lacerdaai.com\/br\/nao-entre-em-panico-a-ia-nao-esta-causando-um-apocalipse-de-empregos-ainda-nao\/\",\"url\":\"https:\/\/lacerdaai.com\/br\/nao-entre-em-panico-a-ia-nao-esta-causando-um-apocalipse-de-empregos-ainda-nao\/\",\"name\":\"N\u00e3o Entre em P\u00e2nico: A IA N\u00e3o Est\u00e1 Causando um Apocalipse de Empregos (Ainda N\u00e3o!) - Lacerda AI\",\"isPartOf\":{\"@id\":\"https:\/\/lacerdaai.com\/br\/#website\"},\"primaryImageOfPage\":{\"@id\":\"https:\/\/lacerdaai.com\/br\/nao-entre-em-panico-a-ia-nao-esta-causando-um-apocalipse-de-empregos-ainda-nao\/#primaryimage\"},\"image\":{\"@id\":\"https:\/\/lacerdaai.com\/br\/nao-entre-em-panico-a-ia-nao-esta-causando-um-apocalipse-de-empregos-ainda-nao\/#primaryimage\"},\"thumbnailUrl\":\"https:\/\/lacerdaai.com\/br\/wp-content\/uploads\/2026\/03\/imagem-8.jpg\",\"datePublished\":\"2026-03-02T19:37:49+00:00\",\"dateModified\":\"2026-03-02T19:37:51+00:00\",\"author\":{\"@id\":\"https:\/\/lacerdaai.com\/br\/#\/schema\/person\/8bad803c2e83a0c5c5c75e02a1c2248f\"},\"description\":\"Descubra a verdadeira face do impacto da intelig\u00eancia artificial no mercado de trabalho. Este artigo desmistifica o medo do 'apocalipse de empregos' e explora as transforma\u00e7\u00f5es, novas habilidades e oportunidades que a IA est\u00e1 criando, com insights de um especialista em tecnologia.\",\"breadcrumb\":{\"@id\":\"https:\/\/lacerdaai.com\/br\/nao-entre-em-panico-a-ia-nao-esta-causando-um-apocalipse-de-empregos-ainda-nao\/#breadcrumb\"},\"inLanguage\":\"pt-BR\",\"potentialAction\":[{\"@type\":\"ReadAction\",\"target\":[\"https:\/\/lacerdaai.com\/br\/nao-entre-em-panico-a-ia-nao-esta-causando-um-apocalipse-de-empregos-ainda-nao\/\"]}]},{\"@type\":\"ImageObject\",\"inLanguage\":\"pt-BR\",\"@id\":\"https:\/\/lacerdaai.com\/br\/nao-entre-em-panico-a-ia-nao-esta-causando-um-apocalipse-de-empregos-ainda-nao\/#primaryimage\",\"url\":\"https:\/\/lacerdaai.com\/br\/wp-content\/uploads\/2026\/03\/imagem-8.jpg\",\"contentUrl\":\"https:\/\/lacerdaai.com\/br\/wp-content\/uploads\/2026\/03\/imagem-8.jpg\",\"width\":800,\"height\":450},{\"@type\":\"BreadcrumbList\",\"@id\":\"https:\/\/lacerdaai.com\/br\/nao-entre-em-panico-a-ia-nao-esta-causando-um-apocalipse-de-empregos-ainda-nao\/#breadcrumb\",\"itemListElement\":[{\"@type\":\"ListItem\",\"position\":1,\"name\":\"In\u00edcio\",\"item\":\"https:\/\/lacerdaai.com\/br\/\"},{\"@type\":\"ListItem\",\"position\":2,\"name\":\"N\u00e3o Entre em P\u00e2nico: A IA N\u00e3o Est\u00e1 Causando um Apocalipse de Empregos (Ainda N\u00e3o!)\"}]},{\"@type\":\"WebSite\",\"@id\":\"https:\/\/lacerdaai.com\/br\/#website\",\"url\":\"https:\/\/lacerdaai.com\/br\/\",\"name\":\"Lacerda AI\",\"description\":\"Seu blog di\u00e1rio de novidades do mundo da Inteligencia Artificial\",\"potentialAction\":[{\"@type\":\"SearchAction\",\"target\":{\"@type\":\"EntryPoint\",\"urlTemplate\":\"https:\/\/lacerdaai.com\/br\/?s={search_term_string}\"},\"query-input\":{\"@type\":\"PropertyValueSpecification\",\"valueRequired\":true,\"valueName\":\"search_term_string\"}}],\"inLanguage\":\"pt-BR\"},{\"@type\":\"Person\",\"@id\":\"https:\/\/lacerdaai.com\/br\/#\/schema\/person\/8bad803c2e83a0c5c5c75e02a1c2248f\",\"name\":\"Andr\u00e9 Lacerda\",\"image\":{\"@type\":\"ImageObject\",\"inLanguage\":\"pt-BR\",\"@id\":\"https:\/\/lacerdaai.com\/br\/#\/schema\/person\/image\/\",\"url\":\"https:\/\/secure.gravatar.com\/avatar\/f5c1fa5ad9763f54c1f223c3fc91f131da6288c9f9e28d74bb3c355ad99af205?s=96&d=mm&r=g\",\"contentUrl\":\"https:\/\/secure.gravatar.com\/avatar\/f5c1fa5ad9763f54c1f223c3fc91f131da6288c9f9e28d74bb3c355ad99af205?s=96&d=mm&r=g\",\"caption\":\"Andr\u00e9 Lacerda\"},\"description\":\"Sou o Andr\u00e9 Lacerda, tenho 35 anos e sou apaixonado por tecnologia, intelig\u00eancia artificial e boas hist\u00f3rias. Me formei em Tecnologia e Jornalismo \u2014 sim, uma mistura meio improv\u00e1vel, mas que combina muito comigo. J\u00e1 morei no Canad\u00e1 e na Espanha, e essas experi\u00eancias me ajudaram a enxergar a inova\u00e7\u00e3o com um olhar mais global (e a me virar bem em tr\u00eas idiomas \ud83d\ude04). Trabalhei em algumas das maiores empresas de tecnologia do mercado e, hoje, atuo como consultor ajudando neg\u00f3cios a entenderem e aplicarem IA de forma pr\u00e1tica, estrat\u00e9gica e humana. Gosto de traduzir o complexo em algo simples \u2014 e \u00e9 isso que voc\u00ea vai encontrar por aqui.\",\"sameAs\":[\"http:\/\/lacerdaai.com\/br\"],\"url\":\"https:\/\/lacerdaai.com\/br\/author\/red-admin\/\"}]}<\/script>\n<!-- \/ Yoast SEO plugin. -->","yoast_head_json":{"title":"N\u00e3o Entre em P\u00e2nico: A IA N\u00e3o Est\u00e1 Causando um Apocalipse de Empregos (Ainda N\u00e3o!) - Lacerda AI","description":"Descubra a verdadeira face do impacto da intelig\u00eancia artificial no mercado de trabalho. Este artigo desmistifica o medo do 'apocalipse de empregos' e explora as transforma\u00e7\u00f5es, novas habilidades e oportunidades que a IA est\u00e1 criando, com insights de um especialista em tecnologia.","robots":{"index":"index","follow":"follow","max-snippet":"max-snippet:-1","max-image-preview":"max-image-preview:large","max-video-preview":"max-video-preview:-1"},"canonical":"https:\/\/lacerdaai.com\/br\/nao-entre-em-panico-a-ia-nao-esta-causando-um-apocalipse-de-empregos-ainda-nao\/","og_locale":"pt_BR","og_type":"article","og_title":"N\u00e3o Entre em P\u00e2nico: A IA N\u00e3o Est\u00e1 Causando um Apocalipse de Empregos (Ainda N\u00e3o!) - Lacerda AI","og_description":"Descubra a verdadeira face do impacto da intelig\u00eancia artificial no mercado de trabalho. Este artigo desmistifica o medo do 'apocalipse de empregos' e explora as transforma\u00e7\u00f5es, novas habilidades e oportunidades que a IA est\u00e1 criando, com insights de um especialista em tecnologia.","og_url":"https:\/\/lacerdaai.com\/br\/nao-entre-em-panico-a-ia-nao-esta-causando-um-apocalipse-de-empregos-ainda-nao\/","og_site_name":"Lacerda AI","article_published_time":"2026-03-02T19:37:49+00:00","article_modified_time":"2026-03-02T19:37:51+00:00","author":"Andr\u00e9 Lacerda","twitter_card":"summary_large_image","twitter_misc":{"Escrito por":"Andr\u00e9 Lacerda","Est. tempo de leitura":"10 minutos"},"schema":{"@context":"https:\/\/schema.org","@graph":[{"@type":"WebPage","@id":"https:\/\/lacerdaai.com\/br\/nao-entre-em-panico-a-ia-nao-esta-causando-um-apocalipse-de-empregos-ainda-nao\/","url":"https:\/\/lacerdaai.com\/br\/nao-entre-em-panico-a-ia-nao-esta-causando-um-apocalipse-de-empregos-ainda-nao\/","name":"N\u00e3o Entre em P\u00e2nico: A IA N\u00e3o Est\u00e1 Causando um Apocalipse de Empregos (Ainda N\u00e3o!) - Lacerda AI","isPartOf":{"@id":"https:\/\/lacerdaai.com\/br\/#website"},"primaryImageOfPage":{"@id":"https:\/\/lacerdaai.com\/br\/nao-entre-em-panico-a-ia-nao-esta-causando-um-apocalipse-de-empregos-ainda-nao\/#primaryimage"},"image":{"@id":"https:\/\/lacerdaai.com\/br\/nao-entre-em-panico-a-ia-nao-esta-causando-um-apocalipse-de-empregos-ainda-nao\/#primaryimage"},"thumbnailUrl":"https:\/\/lacerdaai.com\/br\/wp-content\/uploads\/2026\/03\/imagem-8.jpg","datePublished":"2026-03-02T19:37:49+00:00","dateModified":"2026-03-02T19:37:51+00:00","author":{"@id":"https:\/\/lacerdaai.com\/br\/#\/schema\/person\/8bad803c2e83a0c5c5c75e02a1c2248f"},"description":"Descubra a verdadeira face do impacto da intelig\u00eancia artificial no mercado de trabalho. Este artigo desmistifica o medo do 'apocalipse de empregos' e explora as transforma\u00e7\u00f5es, novas habilidades e oportunidades que a IA est\u00e1 criando, com insights de um especialista em tecnologia.","breadcrumb":{"@id":"https:\/\/lacerdaai.com\/br\/nao-entre-em-panico-a-ia-nao-esta-causando-um-apocalipse-de-empregos-ainda-nao\/#breadcrumb"},"inLanguage":"pt-BR","potentialAction":[{"@type":"ReadAction","target":["https:\/\/lacerdaai.com\/br\/nao-entre-em-panico-a-ia-nao-esta-causando-um-apocalipse-de-empregos-ainda-nao\/"]}]},{"@type":"ImageObject","inLanguage":"pt-BR","@id":"https:\/\/lacerdaai.com\/br\/nao-entre-em-panico-a-ia-nao-esta-causando-um-apocalipse-de-empregos-ainda-nao\/#primaryimage","url":"https:\/\/lacerdaai.com\/br\/wp-content\/uploads\/2026\/03\/imagem-8.jpg","contentUrl":"https:\/\/lacerdaai.com\/br\/wp-content\/uploads\/2026\/03\/imagem-8.jpg","width":800,"height":450},{"@type":"BreadcrumbList","@id":"https:\/\/lacerdaai.com\/br\/nao-entre-em-panico-a-ia-nao-esta-causando-um-apocalipse-de-empregos-ainda-nao\/#breadcrumb","itemListElement":[{"@type":"ListItem","position":1,"name":"In\u00edcio","item":"https:\/\/lacerdaai.com\/br\/"},{"@type":"ListItem","position":2,"name":"N\u00e3o Entre em P\u00e2nico: A IA N\u00e3o Est\u00e1 Causando um Apocalipse de Empregos (Ainda N\u00e3o!)"}]},{"@type":"WebSite","@id":"https:\/\/lacerdaai.com\/br\/#website","url":"https:\/\/lacerdaai.com\/br\/","name":"Lacerda AI","description":"Seu blog di\u00e1rio de novidades do mundo da Inteligencia Artificial","potentialAction":[{"@type":"SearchAction","target":{"@type":"EntryPoint","urlTemplate":"https:\/\/lacerdaai.com\/br\/?s={search_term_string}"},"query-input":{"@type":"PropertyValueSpecification","valueRequired":true,"valueName":"search_term_string"}}],"inLanguage":"pt-BR"},{"@type":"Person","@id":"https:\/\/lacerdaai.com\/br\/#\/schema\/person\/8bad803c2e83a0c5c5c75e02a1c2248f","name":"Andr\u00e9 Lacerda","image":{"@type":"ImageObject","inLanguage":"pt-BR","@id":"https:\/\/lacerdaai.com\/br\/#\/schema\/person\/image\/","url":"https:\/\/secure.gravatar.com\/avatar\/f5c1fa5ad9763f54c1f223c3fc91f131da6288c9f9e28d74bb3c355ad99af205?s=96&d=mm&r=g","contentUrl":"https:\/\/secure.gravatar.com\/avatar\/f5c1fa5ad9763f54c1f223c3fc91f131da6288c9f9e28d74bb3c355ad99af205?s=96&d=mm&r=g","caption":"Andr\u00e9 Lacerda"},"description":"Sou o Andr\u00e9 Lacerda, tenho 35 anos e sou apaixonado por tecnologia, intelig\u00eancia artificial e boas hist\u00f3rias. Me formei em Tecnologia e Jornalismo \u2014 sim, uma mistura meio improv\u00e1vel, mas que combina muito comigo. J\u00e1 morei no Canad\u00e1 e na Espanha, e essas experi\u00eancias me ajudaram a enxergar a inova\u00e7\u00e3o com um olhar mais global (e a me virar bem em tr\u00eas idiomas \ud83d\ude04). Trabalhei em algumas das maiores empresas de tecnologia do mercado e, hoje, atuo como consultor ajudando neg\u00f3cios a entenderem e aplicarem IA de forma pr\u00e1tica, estrat\u00e9gica e humana. Gosto de traduzir o complexo em algo simples \u2014 e \u00e9 isso que voc\u00ea vai encontrar por aqui.","sameAs":["http:\/\/lacerdaai.com\/br"],"url":"https:\/\/lacerdaai.com\/br\/author\/red-admin\/"}]}},"_links":{"self":[{"href":"https:\/\/lacerdaai.com\/br\/wp-json\/wp\/v2\/posts\/3812","targetHints":{"allow":["GET"]}}],"collection":[{"href":"https:\/\/lacerdaai.com\/br\/wp-json\/wp\/v2\/posts"}],"about":[{"href":"https:\/\/lacerdaai.com\/br\/wp-json\/wp\/v2\/types\/post"}],"author":[{"embeddable":true,"href":"https:\/\/lacerdaai.com\/br\/wp-json\/wp\/v2\/users\/1"}],"replies":[{"embeddable":true,"href":"https:\/\/lacerdaai.com\/br\/wp-json\/wp\/v2\/comments?post=3812"}],"version-history":[{"count":1,"href":"https:\/\/lacerdaai.com\/br\/wp-json\/wp\/v2\/posts\/3812\/revisions"}],"predecessor-version":[{"id":3813,"href":"https:\/\/lacerdaai.com\/br\/wp-json\/wp\/v2\/posts\/3812\/revisions\/3813"}],"wp:featuredmedia":[{"embeddable":true,"href":"https:\/\/lacerdaai.com\/br\/wp-json\/wp\/v2\/media\/3811"}],"wp:attachment":[{"href":"https:\/\/lacerdaai.com\/br\/wp-json\/wp\/v2\/media?parent=3812"}],"wp:term":[{"taxonomy":"category","embeddable":true,"href":"https:\/\/lacerdaai.com\/br\/wp-json\/wp\/v2\/categories?post=3812"},{"taxonomy":"post_tag","embeddable":true,"href":"https:\/\/lacerdaai.com\/br\/wp-json\/wp\/v2\/tags?post=3812"}],"curies":[{"name":"wp","href":"https:\/\/api.w.org\/{rel}","templated":true}]}}