{"id":3872,"date":"2026-03-07T08:15:04","date_gmt":"2026-03-07T11:15:04","guid":{"rendered":"https:\/\/lacerdaai.com\/br\/a-desinformacao-gerada-por-ia-em-conflitos-uma-ameaca-global-monetizada\/"},"modified":"2026-03-07T08:15:06","modified_gmt":"2026-03-07T11:15:06","slug":"a-desinformacao-gerada-por-ia-em-conflitos-uma-ameaca-global-monetizada","status":"publish","type":"post","link":"https:\/\/lacerdaai.com\/br\/a-desinformacao-gerada-por-ia-em-conflitos-uma-ameaca-global-monetizada\/","title":{"rendered":"A Desinforma\u00e7\u00e3o Gerada por IA em Conflitos: Uma Amea\u00e7a Global Monetizada"},"content":{"rendered":"<p>No vibrante universo da tecnologia, a Intelig\u00eancia Artificial (IA) \u00e9 frequentemente celebrada como um farol de inova\u00e7\u00e3o, prometendo revolucionar desde a medicina at\u00e9 a forma como nos comunicamos. Contudo, como toda ferramenta poderosa, a IA possui um lado sombrio, um potencial de uso indevido que desafia a nossa percep\u00e7\u00e3o da realidade. Em meio a um cen\u00e1rio geopol\u00edtico cada vez mais tenso, com conflitos que capturam a aten\u00e7\u00e3o global, como as complexas rela\u00e7\u00f5es entre Estados Unidos, Israel e Ir\u00e3, uma nova e perigosa frente de batalha emergiu: a da informa\u00e7\u00e3o, ou, mais precisamente, da <strong>desinforma\u00e7\u00e3o gerada por IA<\/strong>. Criadores de conte\u00fado online, seduzidos pela facilidade e pelo alcance das novas tecnologias de IA, est\u00e3o monetizando a incerteza e o caos, produzindo e disseminando v\u00eddeos falsos e narrativas manipuladas que distorcem a verdade e inflamam as tens\u00f5es. Este artigo mergulha fundo nesse fen\u00f4meno preocupante, explorando como a IA est\u00e1 sendo usada para semear a disc\u00f3rdia, os impactos que isso gera e as estrat\u00e9gias essenciais para que possamos navegar por essa era de realidades digitais fluidas.<\/p>\n<p>### <strong>Desinforma\u00e7\u00e3o gerada por IA<\/strong>: Uma Nova Fronteira na Guerra da Narrativa<\/p>\n<p>A <strong>desinforma\u00e7\u00e3o gerada por IA<\/strong> representa um salto qualitativo na capacidade de criar conte\u00fado enganoso. Longe dos v\u00eddeos amadores e facilmente identific\u00e1veis do passado, a IA moderna permite a cria\u00e7\u00e3o de deepfakes \u2013 v\u00eddeos e \u00e1udios ultrarrealistas que manipulam a fala e a imagem de indiv\u00edduos, fazendo-os dizer ou fazer coisas que nunca aconteceram. Imagine um l\u00edder mundial proferindo um discurso que nunca deu, ou cenas de um ataque militar que jamais ocorreu, tudo com uma autenticidade assustadora. Essa capacidade \u00e9 alimentada por algoritmos avan\u00e7ados de aprendizado de m\u00e1quina, como Redes Adversariais Generativas (GANs) e modelos de difus\u00e3o, que aprendem a imitar padr\u00f5es complexos de dados para gerar novas m\u00eddias. Al\u00e9m dos deepfakes, a IA \u00e9 usada para gerar textos convincentes que imitam artigos de not\u00edcias ou postagens de redes sociais, espalhando narrativas falsas de forma massiva e automatizada. Essa nova gera\u00e7\u00e3o de ferramentas torna o discernimento entre o real e o fabricado uma tarefa \u00e1rdua at\u00e9 mesmo para olhos treinados.<\/p>\n<p>O contexto dos conflitos geopol\u00edticos \u00e9 um terreno f\u00e9rtil para a prolifera\u00e7\u00e3o dessa <strong>desinforma\u00e7\u00e3o gerada por IA<\/strong>. Em situa\u00e7\u00f5es de alta emo\u00e7\u00e3o e incerteza, as pessoas est\u00e3o mais suscet\u00edveis a acreditar em informa\u00e7\u00f5es que confirmam seus preconceitos ou que oferecem explica\u00e7\u00f5es simplistas para eventos complexos. A velocidade com que a informa\u00e7\u00e3o se espalha nas redes sociais \u2013 viralizando em quest\u00e3o de minutos \u2013 amplifica exponencialmente o alcance dessas narrativas falsas. O que antes levava dias ou semanas para ser fabricado e distribu\u00eddo por meio de canais de m\u00eddia tradicionais, agora pode ser gerado em horas e atingir milh\u00f5es instantaneamente. E o pior: muitos desses criadores de conte\u00fado n\u00e3o s\u00e3o movidos por ideologias complexas, mas sim por motiva\u00e7\u00f5es financeiras. Monetizam visualiza\u00e7\u00f5es, cliques e engajamento em plataformas digitais, transformando o caos e a polariza\u00e7\u00e3o em lucro. Eles capitalizam sobre o sensacionalismo, a indigna\u00e7\u00e3o e o medo, utilizando a volatilidade dos conflitos para atrair audi\u00eancia e, consequentemente, receitas publicit\u00e1rias.<\/p>\n<p>### O Impacto Devastador na Percep\u00e7\u00e3o P\u00fablica e na Seguran\u00e7a Global<\/p>\n<p>A prolifera\u00e7\u00e3o da <strong>desinforma\u00e7\u00e3o gerada por IA<\/strong> em tempos de conflito tem consequ\u00eancias profundas e alarmantes. Em primeiro lugar, ela corr\u00f3i a confian\u00e7a nas institui\u00e7\u00f5es e nos ve\u00edculos de m\u00eddia tradicionais. Quando \u00e9 dif\u00edcil distinguir a verdade da mentira, a descren\u00e7a generalizada se instala, tornando a popula\u00e7\u00e3o mais vulner\u00e1vel a manipula\u00e7\u00f5es e menos propensa a confiar em fontes leg\u00edtimas de informa\u00e7\u00e3o. Isso pode levar a um ciclo vicioso de polariza\u00e7\u00e3o, onde grupos diferentes vivem em realidades informacionais distintas, cada um alimentado por algoritmos que refor\u00e7am suas pr\u00f3prias bolhas de informa\u00e7\u00e3o. O resultado \u00e9 a fragmenta\u00e7\u00e3o social, a radicaliza\u00e7\u00e3o de pontos de vista e o aumento da intoler\u00e2ncia.<\/p>\n<p>Em um n\u00edvel mais cr\u00edtico, a desinforma\u00e7\u00e3o pode ter impactos diretos na seguran\u00e7a global e na vida das pessoas. V\u00eddeos falsos de atrocidades ou declara\u00e7\u00f5es inflamadas de l\u00edderes podem escalar tens\u00f5es rapidamente, provocando protestos violentos, repres\u00e1lias ou at\u00e9 mesmo interven\u00e7\u00f5es militares baseadas em premissas falsas. A hist\u00f3ria recente j\u00e1 nos mostrou como a desinforma\u00e7\u00e3o offline pode incendiar conflitos; com a IA, essa capacidade \u00e9 exponencialmente maior e mais perigosa. Imagine um v\u00eddeo deepfake de uma agress\u00e3o militar falsa viralizando e mobilizando milh\u00f5es de pessoas para um confronto real. Al\u00e9m disso, a dificuldade em detectar e refutar essas m\u00eddias sint\u00e9ticas gera uma &#8220;vantagem do agressor&#8221;, onde a mentira se espalha muito mais r\u00e1pido do que a verdade pode ser verificada, deixando as autoridades e os verificadores de fatos em uma corrida contra o tempo que muitas vezes \u00e9 perdida.<\/p>\n<p>### Estrat\u00e9gias para Combater a Prolifera\u00e7\u00e3o da Desinforma\u00e7\u00e3o e Promover a Alfabetiza\u00e7\u00e3o Digital<\/p>\n<p>Diante de um desafio t\u00e3o complexo, a resposta \u00e0 <strong>desinforma\u00e7\u00e3o gerada por IA<\/strong> n\u00e3o pode ser simples. \u00c9 necess\u00e1rio um esfor\u00e7o multifacetado que envolva tecnologia, pol\u00edticas p\u00fablicas, responsabilidade das plataformas e, acima de tudo, a educa\u00e7\u00e3o individual. Do ponto de vista tecnol\u00f3gico, pesquisadores e empresas est\u00e3o desenvolvendo ferramentas de detec\u00e7\u00e3o de deepfakes, que buscam identificar inconsist\u00eancias sutis em \u00e1udios e v\u00eddeos gerados por IA. T\u00e9cnicas de marca d&#8217;\u00e1gua digital (watermarking) tamb\u00e9m est\u00e3o sendo exploradas para autenticar conte\u00fados genu\u00ednos, embora a batalha tecnol\u00f3gica seja uma corrida armamentista constante entre criadores e detectores. A IA que gera o problema pode, ironicamente, ser parte da solu\u00e7\u00e3o, mas n\u00e3o \u00e9 uma bala de prata.<\/p>\n<p>As plataformas de redes sociais t\u00eam um papel crucial. Elas precisam aprimorar seus mecanismos de modera\u00e7\u00e3o, investir em equipes de verifica\u00e7\u00e3o de fatos e implementar pol\u00edticas mais rigorosas contra a dissemina\u00e7\u00e3o de conte\u00fado manipulado. A transpar\u00eancia sobre a origem do conte\u00fado e a rotulagem clara de m\u00eddias sint\u00e9ticas s\u00e3o passos essenciais. Governos e \u00f3rg\u00e3os reguladores tamb\u00e9m t\u00eam um papel a desempenhar, seja na cria\u00e7\u00e3o de legisla\u00e7\u00f5es que punam a cria\u00e7\u00e3o e dissemina\u00e7\u00e3o maliciosa de deepfakes, seja no fomento \u00e0 pesquisa e ao desenvolvimento de solu\u00e7\u00f5es. Contudo, \u00e9 fundamental encontrar um equil\u00edbrio para n\u00e3o sufocar a liberdade de express\u00e3o e a inova\u00e7\u00e3o.<\/p>\n<p>No entanto, a linha de defesa mais robusta reside na conscientiza\u00e7\u00e3o e na alfabetiza\u00e7\u00e3o digital da popula\u00e7\u00e3o. \u00c9 imperativo que cada indiv\u00edduo desenvolva um pensamento cr\u00edtico apurado, questionando a origem das informa\u00e7\u00f5es, verificando os fatos em m\u00faltiplas fontes confi\u00e1veis e estando ciente dos vieses pessoais que podem levar \u00e0 aceita\u00e7\u00e3o de narrativas falsas. Iniciativas educacionais, tanto em escolas quanto em campanhas p\u00fablicas, s\u00e3o vitais para ensinar as pessoas a identificar sinais de manipula\u00e7\u00e3o digital, entender como os algoritmos funcionam e resistir ao impulso de compartilhar conte\u00fado n\u00e3o verificado. Jornalistas e organiza\u00e7\u00f5es de verifica\u00e7\u00e3o de fatos (fact-checkers) tamb\u00e9m desempenham um papel heroico e fundamental, atuando como guardi\u00f5es da verdade em um ambiente cada vez mais polu\u00eddo.<\/p>\n<p>A ascens\u00e3o da <strong>desinforma\u00e7\u00e3o gerada por IA<\/strong> em cen\u00e1rios de conflito \u00e9 um lembrete contundente de que a tecnologia, por mais avan\u00e7ada que seja, \u00e9 neutra em sua ess\u00eancia; seu impacto \u00e9 moldado pelas inten\u00e7\u00f5es e a\u00e7\u00f5es de seus usu\u00e1rios. A capacidade de criar realidades alternativas com IA j\u00e1 n\u00e3o \u00e9 fic\u00e7\u00e3o cient\u00edfica, mas uma dura realidade que desafia a estabilidade social e geopol\u00edtica. A monetiza\u00e7\u00e3o do caos por criadores de conte\u00fado inescrupulosos adiciona uma camada ainda mais c\u00ednica a esse problema, transformando a verdade em uma mercadoria negoci\u00e1vel e o sofrimento humano em cliques.<\/p>\n<p>Para enfrentarmos essa era da incerteza digital, \u00e9 imprescind\u00edvel uma abordagem colaborativa e cont\u00ednua. Governos, empresas de tecnologia, organiza\u00e7\u00f5es da sociedade civil, educadores e, fundamentalmente, cada cidad\u00e3o precisam se unir em um esfor\u00e7o conjunto para edificar uma sociedade mais resiliente \u00e0 manipula\u00e7\u00e3o. A defesa da verdade e da integridade da informa\u00e7\u00e3o \u00e9 uma responsabilidade compartilhada que definir\u00e1 o futuro da nossa conviv\u00eancia em um mundo crescentemente digital. Somente com vigil\u00e2ncia constante, educa\u00e7\u00e3o e um compromisso inabal\u00e1vel com a verdade poderemos preservar nossa capacidade de discernir e proteger a base de nossa democracia e da paz global.<\/p>\n","protected":false},"excerpt":{"rendered":"<p>No vibrante universo da tecnologia, a Intelig\u00eancia Artificial (IA) \u00e9 frequentemente celebrada como um farol de inova\u00e7\u00e3o, prometendo revolucionar desde a medicina at\u00e9 a forma como nos comunicamos. Contudo, como toda ferramenta poderosa, a IA possui um lado sombrio, um potencial de uso indevido que desafia a nossa percep\u00e7\u00e3o da realidade. Em meio a um [&hellip;]<\/p>\n","protected":false},"author":1,"featured_media":3871,"comment_status":"open","ping_status":"open","sticky":false,"template":"","format":"standard","meta":{"_yoast_wpseo_focuskw":"Desinforma\u00e7\u00e3o gerada por IA","_yoast_wpseo_metadesc":"Explore como a desinforma\u00e7\u00e3o gerada por IA est\u00e1 sendo utilizada para monetizar conflitos geopol\u00edticos, como a situa\u00e7\u00e3o no Oriente M\u00e9dio, e impactar a percep\u00e7\u00e3o p\u00fablica e a seguran\u00e7a global. Entenda os riscos e as estrat\u00e9gias para combater essa nova fronteira da manipula\u00e7\u00e3o digital.","footnotes":""},"categories":[2],"tags":[],"class_list":["post-3872","post","type-post","status-publish","format-standard","has-post-thumbnail","hentry","category-novidades"],"yoast_head":"<!-- This site is optimized with the Yoast SEO plugin v25.6 - https:\/\/yoast.com\/wordpress\/plugins\/seo\/ -->\n<title>A Desinforma\u00e7\u00e3o Gerada por IA em Conflitos: Uma Amea\u00e7a Global Monetizada - Lacerda AI<\/title>\n<meta name=\"description\" content=\"Explore como a desinforma\u00e7\u00e3o gerada por IA est\u00e1 sendo utilizada para monetizar conflitos geopol\u00edticos, como a situa\u00e7\u00e3o no Oriente M\u00e9dio, e impactar a percep\u00e7\u00e3o p\u00fablica e a seguran\u00e7a global. Entenda os riscos e as estrat\u00e9gias para combater essa nova fronteira da manipula\u00e7\u00e3o digital.\" \/>\n<meta name=\"robots\" content=\"index, follow, max-snippet:-1, max-image-preview:large, max-video-preview:-1\" \/>\n<link rel=\"canonical\" href=\"https:\/\/lacerdaai.com\/br\/a-desinformacao-gerada-por-ia-em-conflitos-uma-ameaca-global-monetizada\/\" \/>\n<meta property=\"og:locale\" content=\"pt_BR\" \/>\n<meta property=\"og:type\" content=\"article\" \/>\n<meta property=\"og:title\" content=\"A Desinforma\u00e7\u00e3o Gerada por IA em Conflitos: Uma Amea\u00e7a Global Monetizada - Lacerda AI\" \/>\n<meta property=\"og:description\" content=\"Explore como a desinforma\u00e7\u00e3o gerada por IA est\u00e1 sendo utilizada para monetizar conflitos geopol\u00edticos, como a situa\u00e7\u00e3o no Oriente M\u00e9dio, e impactar a percep\u00e7\u00e3o p\u00fablica e a seguran\u00e7a global. Entenda os riscos e as estrat\u00e9gias para combater essa nova fronteira da manipula\u00e7\u00e3o digital.\" \/>\n<meta property=\"og:url\" content=\"https:\/\/lacerdaai.com\/br\/a-desinformacao-gerada-por-ia-em-conflitos-uma-ameaca-global-monetizada\/\" \/>\n<meta property=\"og:site_name\" content=\"Lacerda AI\" \/>\n<meta property=\"article:published_time\" content=\"2026-03-07T11:15:04+00:00\" \/>\n<meta property=\"article:modified_time\" content=\"2026-03-07T11:15:06+00:00\" \/>\n<meta name=\"author\" content=\"Andr\u00e9 Lacerda\" \/>\n<meta name=\"twitter:card\" content=\"summary_large_image\" \/>\n<meta name=\"twitter:label1\" content=\"Escrito por\" \/>\n\t<meta name=\"twitter:data1\" content=\"Andr\u00e9 Lacerda\" \/>\n\t<meta name=\"twitter:label2\" content=\"Est. tempo de leitura\" \/>\n\t<meta name=\"twitter:data2\" content=\"7 minutos\" \/>\n<script type=\"application\/ld+json\" class=\"yoast-schema-graph\">{\"@context\":\"https:\/\/schema.org\",\"@graph\":[{\"@type\":\"WebPage\",\"@id\":\"https:\/\/lacerdaai.com\/br\/a-desinformacao-gerada-por-ia-em-conflitos-uma-ameaca-global-monetizada\/\",\"url\":\"https:\/\/lacerdaai.com\/br\/a-desinformacao-gerada-por-ia-em-conflitos-uma-ameaca-global-monetizada\/\",\"name\":\"A Desinforma\u00e7\u00e3o Gerada por IA em Conflitos: Uma Amea\u00e7a Global Monetizada - Lacerda AI\",\"isPartOf\":{\"@id\":\"https:\/\/lacerdaai.com\/br\/#website\"},\"primaryImageOfPage\":{\"@id\":\"https:\/\/lacerdaai.com\/br\/a-desinformacao-gerada-por-ia-em-conflitos-uma-ameaca-global-monetizada\/#primaryimage\"},\"image\":{\"@id\":\"https:\/\/lacerdaai.com\/br\/a-desinformacao-gerada-por-ia-em-conflitos-uma-ameaca-global-monetizada\/#primaryimage\"},\"thumbnailUrl\":\"https:\/\/lacerdaai.com\/br\/wp-content\/uploads\/2026\/03\/imagem.png\",\"datePublished\":\"2026-03-07T11:15:04+00:00\",\"dateModified\":\"2026-03-07T11:15:06+00:00\",\"author\":{\"@id\":\"https:\/\/lacerdaai.com\/br\/#\/schema\/person\/8bad803c2e83a0c5c5c75e02a1c2248f\"},\"description\":\"Explore como a desinforma\u00e7\u00e3o gerada por IA est\u00e1 sendo utilizada para monetizar conflitos geopol\u00edticos, como a situa\u00e7\u00e3o no Oriente M\u00e9dio, e impactar a percep\u00e7\u00e3o p\u00fablica e a seguran\u00e7a global. Entenda os riscos e as estrat\u00e9gias para combater essa nova fronteira da manipula\u00e7\u00e3o digital.\",\"breadcrumb\":{\"@id\":\"https:\/\/lacerdaai.com\/br\/a-desinformacao-gerada-por-ia-em-conflitos-uma-ameaca-global-monetizada\/#breadcrumb\"},\"inLanguage\":\"pt-BR\",\"potentialAction\":[{\"@type\":\"ReadAction\",\"target\":[\"https:\/\/lacerdaai.com\/br\/a-desinformacao-gerada-por-ia-em-conflitos-uma-ameaca-global-monetizada\/\"]}]},{\"@type\":\"ImageObject\",\"inLanguage\":\"pt-BR\",\"@id\":\"https:\/\/lacerdaai.com\/br\/a-desinformacao-gerada-por-ia-em-conflitos-uma-ameaca-global-monetizada\/#primaryimage\",\"url\":\"https:\/\/lacerdaai.com\/br\/wp-content\/uploads\/2026\/03\/imagem.png\",\"contentUrl\":\"https:\/\/lacerdaai.com\/br\/wp-content\/uploads\/2026\/03\/imagem.png\",\"width\":1024,\"height\":576},{\"@type\":\"BreadcrumbList\",\"@id\":\"https:\/\/lacerdaai.com\/br\/a-desinformacao-gerada-por-ia-em-conflitos-uma-ameaca-global-monetizada\/#breadcrumb\",\"itemListElement\":[{\"@type\":\"ListItem\",\"position\":1,\"name\":\"In\u00edcio\",\"item\":\"https:\/\/lacerdaai.com\/br\/\"},{\"@type\":\"ListItem\",\"position\":2,\"name\":\"A Desinforma\u00e7\u00e3o Gerada por IA em Conflitos: Uma Amea\u00e7a Global Monetizada\"}]},{\"@type\":\"WebSite\",\"@id\":\"https:\/\/lacerdaai.com\/br\/#website\",\"url\":\"https:\/\/lacerdaai.com\/br\/\",\"name\":\"Lacerda AI\",\"description\":\"Seu blog di\u00e1rio de novidades do mundo da Inteligencia Artificial\",\"potentialAction\":[{\"@type\":\"SearchAction\",\"target\":{\"@type\":\"EntryPoint\",\"urlTemplate\":\"https:\/\/lacerdaai.com\/br\/?s={search_term_string}\"},\"query-input\":{\"@type\":\"PropertyValueSpecification\",\"valueRequired\":true,\"valueName\":\"search_term_string\"}}],\"inLanguage\":\"pt-BR\"},{\"@type\":\"Person\",\"@id\":\"https:\/\/lacerdaai.com\/br\/#\/schema\/person\/8bad803c2e83a0c5c5c75e02a1c2248f\",\"name\":\"Andr\u00e9 Lacerda\",\"image\":{\"@type\":\"ImageObject\",\"inLanguage\":\"pt-BR\",\"@id\":\"https:\/\/lacerdaai.com\/br\/#\/schema\/person\/image\/\",\"url\":\"https:\/\/secure.gravatar.com\/avatar\/f5c1fa5ad9763f54c1f223c3fc91f131da6288c9f9e28d74bb3c355ad99af205?s=96&d=mm&r=g\",\"contentUrl\":\"https:\/\/secure.gravatar.com\/avatar\/f5c1fa5ad9763f54c1f223c3fc91f131da6288c9f9e28d74bb3c355ad99af205?s=96&d=mm&r=g\",\"caption\":\"Andr\u00e9 Lacerda\"},\"description\":\"Sou o Andr\u00e9 Lacerda, tenho 35 anos e sou apaixonado por tecnologia, intelig\u00eancia artificial e boas hist\u00f3rias. Me formei em Tecnologia e Jornalismo \u2014 sim, uma mistura meio improv\u00e1vel, mas que combina muito comigo. J\u00e1 morei no Canad\u00e1 e na Espanha, e essas experi\u00eancias me ajudaram a enxergar a inova\u00e7\u00e3o com um olhar mais global (e a me virar bem em tr\u00eas idiomas \ud83d\ude04). Trabalhei em algumas das maiores empresas de tecnologia do mercado e, hoje, atuo como consultor ajudando neg\u00f3cios a entenderem e aplicarem IA de forma pr\u00e1tica, estrat\u00e9gica e humana. Gosto de traduzir o complexo em algo simples \u2014 e \u00e9 isso que voc\u00ea vai encontrar por aqui.\",\"sameAs\":[\"http:\/\/lacerdaai.com\/br\"],\"url\":\"https:\/\/lacerdaai.com\/br\/author\/red-admin\/\"}]}<\/script>\n<!-- \/ Yoast SEO plugin. -->","yoast_head_json":{"title":"A Desinforma\u00e7\u00e3o Gerada por IA em Conflitos: Uma Amea\u00e7a Global Monetizada - Lacerda AI","description":"Explore como a desinforma\u00e7\u00e3o gerada por IA est\u00e1 sendo utilizada para monetizar conflitos geopol\u00edticos, como a situa\u00e7\u00e3o no Oriente M\u00e9dio, e impactar a percep\u00e7\u00e3o p\u00fablica e a seguran\u00e7a global. Entenda os riscos e as estrat\u00e9gias para combater essa nova fronteira da manipula\u00e7\u00e3o digital.","robots":{"index":"index","follow":"follow","max-snippet":"max-snippet:-1","max-image-preview":"max-image-preview:large","max-video-preview":"max-video-preview:-1"},"canonical":"https:\/\/lacerdaai.com\/br\/a-desinformacao-gerada-por-ia-em-conflitos-uma-ameaca-global-monetizada\/","og_locale":"pt_BR","og_type":"article","og_title":"A Desinforma\u00e7\u00e3o Gerada por IA em Conflitos: Uma Amea\u00e7a Global Monetizada - Lacerda AI","og_description":"Explore como a desinforma\u00e7\u00e3o gerada por IA est\u00e1 sendo utilizada para monetizar conflitos geopol\u00edticos, como a situa\u00e7\u00e3o no Oriente M\u00e9dio, e impactar a percep\u00e7\u00e3o p\u00fablica e a seguran\u00e7a global. Entenda os riscos e as estrat\u00e9gias para combater essa nova fronteira da manipula\u00e7\u00e3o digital.","og_url":"https:\/\/lacerdaai.com\/br\/a-desinformacao-gerada-por-ia-em-conflitos-uma-ameaca-global-monetizada\/","og_site_name":"Lacerda AI","article_published_time":"2026-03-07T11:15:04+00:00","article_modified_time":"2026-03-07T11:15:06+00:00","author":"Andr\u00e9 Lacerda","twitter_card":"summary_large_image","twitter_misc":{"Escrito por":"Andr\u00e9 Lacerda","Est. tempo de leitura":"7 minutos"},"schema":{"@context":"https:\/\/schema.org","@graph":[{"@type":"WebPage","@id":"https:\/\/lacerdaai.com\/br\/a-desinformacao-gerada-por-ia-em-conflitos-uma-ameaca-global-monetizada\/","url":"https:\/\/lacerdaai.com\/br\/a-desinformacao-gerada-por-ia-em-conflitos-uma-ameaca-global-monetizada\/","name":"A Desinforma\u00e7\u00e3o Gerada por IA em Conflitos: Uma Amea\u00e7a Global Monetizada - Lacerda AI","isPartOf":{"@id":"https:\/\/lacerdaai.com\/br\/#website"},"primaryImageOfPage":{"@id":"https:\/\/lacerdaai.com\/br\/a-desinformacao-gerada-por-ia-em-conflitos-uma-ameaca-global-monetizada\/#primaryimage"},"image":{"@id":"https:\/\/lacerdaai.com\/br\/a-desinformacao-gerada-por-ia-em-conflitos-uma-ameaca-global-monetizada\/#primaryimage"},"thumbnailUrl":"https:\/\/lacerdaai.com\/br\/wp-content\/uploads\/2026\/03\/imagem.png","datePublished":"2026-03-07T11:15:04+00:00","dateModified":"2026-03-07T11:15:06+00:00","author":{"@id":"https:\/\/lacerdaai.com\/br\/#\/schema\/person\/8bad803c2e83a0c5c5c75e02a1c2248f"},"description":"Explore como a desinforma\u00e7\u00e3o gerada por IA est\u00e1 sendo utilizada para monetizar conflitos geopol\u00edticos, como a situa\u00e7\u00e3o no Oriente M\u00e9dio, e impactar a percep\u00e7\u00e3o p\u00fablica e a seguran\u00e7a global. Entenda os riscos e as estrat\u00e9gias para combater essa nova fronteira da manipula\u00e7\u00e3o digital.","breadcrumb":{"@id":"https:\/\/lacerdaai.com\/br\/a-desinformacao-gerada-por-ia-em-conflitos-uma-ameaca-global-monetizada\/#breadcrumb"},"inLanguage":"pt-BR","potentialAction":[{"@type":"ReadAction","target":["https:\/\/lacerdaai.com\/br\/a-desinformacao-gerada-por-ia-em-conflitos-uma-ameaca-global-monetizada\/"]}]},{"@type":"ImageObject","inLanguage":"pt-BR","@id":"https:\/\/lacerdaai.com\/br\/a-desinformacao-gerada-por-ia-em-conflitos-uma-ameaca-global-monetizada\/#primaryimage","url":"https:\/\/lacerdaai.com\/br\/wp-content\/uploads\/2026\/03\/imagem.png","contentUrl":"https:\/\/lacerdaai.com\/br\/wp-content\/uploads\/2026\/03\/imagem.png","width":1024,"height":576},{"@type":"BreadcrumbList","@id":"https:\/\/lacerdaai.com\/br\/a-desinformacao-gerada-por-ia-em-conflitos-uma-ameaca-global-monetizada\/#breadcrumb","itemListElement":[{"@type":"ListItem","position":1,"name":"In\u00edcio","item":"https:\/\/lacerdaai.com\/br\/"},{"@type":"ListItem","position":2,"name":"A Desinforma\u00e7\u00e3o Gerada por IA em Conflitos: Uma Amea\u00e7a Global Monetizada"}]},{"@type":"WebSite","@id":"https:\/\/lacerdaai.com\/br\/#website","url":"https:\/\/lacerdaai.com\/br\/","name":"Lacerda AI","description":"Seu blog di\u00e1rio de novidades do mundo da Inteligencia Artificial","potentialAction":[{"@type":"SearchAction","target":{"@type":"EntryPoint","urlTemplate":"https:\/\/lacerdaai.com\/br\/?s={search_term_string}"},"query-input":{"@type":"PropertyValueSpecification","valueRequired":true,"valueName":"search_term_string"}}],"inLanguage":"pt-BR"},{"@type":"Person","@id":"https:\/\/lacerdaai.com\/br\/#\/schema\/person\/8bad803c2e83a0c5c5c75e02a1c2248f","name":"Andr\u00e9 Lacerda","image":{"@type":"ImageObject","inLanguage":"pt-BR","@id":"https:\/\/lacerdaai.com\/br\/#\/schema\/person\/image\/","url":"https:\/\/secure.gravatar.com\/avatar\/f5c1fa5ad9763f54c1f223c3fc91f131da6288c9f9e28d74bb3c355ad99af205?s=96&d=mm&r=g","contentUrl":"https:\/\/secure.gravatar.com\/avatar\/f5c1fa5ad9763f54c1f223c3fc91f131da6288c9f9e28d74bb3c355ad99af205?s=96&d=mm&r=g","caption":"Andr\u00e9 Lacerda"},"description":"Sou o Andr\u00e9 Lacerda, tenho 35 anos e sou apaixonado por tecnologia, intelig\u00eancia artificial e boas hist\u00f3rias. Me formei em Tecnologia e Jornalismo \u2014 sim, uma mistura meio improv\u00e1vel, mas que combina muito comigo. J\u00e1 morei no Canad\u00e1 e na Espanha, e essas experi\u00eancias me ajudaram a enxergar a inova\u00e7\u00e3o com um olhar mais global (e a me virar bem em tr\u00eas idiomas \ud83d\ude04). Trabalhei em algumas das maiores empresas de tecnologia do mercado e, hoje, atuo como consultor ajudando neg\u00f3cios a entenderem e aplicarem IA de forma pr\u00e1tica, estrat\u00e9gica e humana. Gosto de traduzir o complexo em algo simples \u2014 e \u00e9 isso que voc\u00ea vai encontrar por aqui.","sameAs":["http:\/\/lacerdaai.com\/br"],"url":"https:\/\/lacerdaai.com\/br\/author\/red-admin\/"}]}},"_links":{"self":[{"href":"https:\/\/lacerdaai.com\/br\/wp-json\/wp\/v2\/posts\/3872","targetHints":{"allow":["GET"]}}],"collection":[{"href":"https:\/\/lacerdaai.com\/br\/wp-json\/wp\/v2\/posts"}],"about":[{"href":"https:\/\/lacerdaai.com\/br\/wp-json\/wp\/v2\/types\/post"}],"author":[{"embeddable":true,"href":"https:\/\/lacerdaai.com\/br\/wp-json\/wp\/v2\/users\/1"}],"replies":[{"embeddable":true,"href":"https:\/\/lacerdaai.com\/br\/wp-json\/wp\/v2\/comments?post=3872"}],"version-history":[{"count":1,"href":"https:\/\/lacerdaai.com\/br\/wp-json\/wp\/v2\/posts\/3872\/revisions"}],"predecessor-version":[{"id":3873,"href":"https:\/\/lacerdaai.com\/br\/wp-json\/wp\/v2\/posts\/3872\/revisions\/3873"}],"wp:featuredmedia":[{"embeddable":true,"href":"https:\/\/lacerdaai.com\/br\/wp-json\/wp\/v2\/media\/3871"}],"wp:attachment":[{"href":"https:\/\/lacerdaai.com\/br\/wp-json\/wp\/v2\/media?parent=3872"}],"wp:term":[{"taxonomy":"category","embeddable":true,"href":"https:\/\/lacerdaai.com\/br\/wp-json\/wp\/v2\/categories?post=3872"},{"taxonomy":"post_tag","embeddable":true,"href":"https:\/\/lacerdaai.com\/br\/wp-json\/wp\/v2\/tags?post=3872"}],"curies":[{"name":"wp","href":"https:\/\/api.w.org\/{rel}","templated":true}]}}