{"id":3887,"date":"2026-03-08T08:15:10","date_gmt":"2026-03-08T11:15:10","guid":{"rendered":"https:\/\/lacerdaai.com\/br\/a-nova-visao-da-fauna-como-os-videos-gerados-por-ia-estao-reconfigurando-nossa-percepcao-dos-animais\/"},"modified":"2026-03-08T08:15:11","modified_gmt":"2026-03-08T11:15:11","slug":"a-nova-visao-da-fauna-como-os-videos-gerados-por-ia-estao-reconfigurando-nossa-percepcao-dos-animais","status":"publish","type":"post","link":"https:\/\/lacerdaai.com\/br\/a-nova-visao-da-fauna-como-os-videos-gerados-por-ia-estao-reconfigurando-nossa-percepcao-dos-animais\/","title":{"rendered":"A Nova Vis\u00e3o da Fauna: Como os V\u00eddeos Gerados por IA Est\u00e3o Reconfigurando Nossa Percep\u00e7\u00e3o dos Animais"},"content":{"rendered":"<p>No vibrante universo da tecnologia, poucas inova\u00e7\u00f5es capturam tanto a imagina\u00e7\u00e3o quanto a Intelig\u00eancia Artificial. De assistentes virtuais a carros aut\u00f4nomos, a IA est\u00e1 redefinindo os limites do que \u00e9 poss\u00edvel. Uma de suas manifesta\u00e7\u00f5es mais recentes e fascinantes, contudo, tem levantado quest\u00f5es profundas sobre nossa rela\u00e7\u00e3o com o mundo natural: a capacidade de criar conte\u00fados audiovisuais hiper-realistas. Estamos falando dos famosos *deepfakes* e da gera\u00e7\u00e3o de imagens e **v\u00eddeos gerados por IA de animais**, que nos mostram criaturas fant\u00e1sticas ou comportamentos nunca antes vistos, fazendo com que o extraordin\u00e1rio se torne, paradoxalmente, rotineiro.<\/p>\n<p>Antigamente, testemunhar um animal em seu habitat natural, realizando uma proeza ou exibindo um comportamento peculiar, era um privil\u00e9gio raro, muitas vezes fruto de longas esperas e expedi\u00e7\u00f5es custosas. Hoje, com um clique, somos inundados por centenas de horas de filmagens de le\u00f5es falantes, ursos dan\u00e7arinos ou p\u00e1ssaros com habilidades sobre-humanas. Essa facilidade e a capacidade de manipular a realidade est\u00e3o nos levando a um ponto de inflex\u00e3o. A promessa de maravilhas digitais esconde um risco sutil: ao nos acostumarmos com o espet\u00e1culo artificial e muitas vezes imposs\u00edvel, ser\u00e1 que estamos perdendo a capacidade de apreciar a beleza e a complexidade genu\u00edna do reino animal? Ser\u00e1 que, ao manipular animais para fazer coisas maravilhosas, podemos nos tornar insens\u00edveis \u00e0 sua verdadeira maravilha e ao seu valor intr\u00ednseco?<\/p>\n<h3><strong>V\u00eddeos Gerados por IA de Animais<\/strong>: Uma Janela para o Fant\u00e1stico e o Falso<\/h3>\n<p>A prolifera\u00e7\u00e3o de **v\u00eddeos gerados por IA de animais** \u00e9 um fen\u00f4meno que reflete tanto o avan\u00e7o tecnol\u00f3gico quanto a nossa sede por entretenimento e conex\u00e3o. Mas o que exatamente s\u00e3o esses v\u00eddeos e como eles s\u00e3o criados? Em sua ess\u00eancia, a gera\u00e7\u00e3o de v\u00eddeos por Intelig\u00eancia Artificial envolve algoritmos complexos que aprendem com vastos conjuntos de dados de imagens e v\u00eddeos reais. A partir desse aprendizado, a IA pode criar novos conte\u00fados do zero, manipular clipes existentes ou at\u00e9 mesmo sobrepor caracter\u00edsticas de um animal em outro, com um n\u00edvel de realismo que muitas vezes desafia a distin\u00e7\u00e3o humana. Ferramentas de *text-to-video*, por exemplo, permitem que usu\u00e1rios simplesmente digitem uma descri\u00e7\u00e3o como \u201cum urso panda surfando em uma onda\u201d, e a IA gerar\u00e1 um v\u00eddeo que, em segundos, materializa essa fantasia.<\/p>\n<p>Essa capacidade de s\u00edntese e manipula\u00e7\u00e3o abre um leque imenso de possibilidades. Podemos ver dinossauros passeando por metr\u00f3poles modernas, animais selvagens se comportando como personagens de desenhos animados, ou esp\u00e9cies raras realizando acrobacias imposs\u00edveis na natureza. O fasc\u00ednio \u00e9 ineg\u00e1vel. Para muitos, esses v\u00eddeos oferecem uma fuga da realidade, um vislumbre de um mundo onde a imagina\u00e7\u00e3o n\u00e3o tem limites. Eles podem ser engra\u00e7ados, emocionantes e at\u00e9 inspiradores, gerando milh\u00f5es de visualiza\u00e7\u00f5es e compartilhamentos nas redes sociais. A barreira entre o real e o simulado se torna cada vez mais t\u00eanue, e a pergunta que surge \u00e9: at\u00e9 que ponto essa imers\u00e3o no artificial impacta nossa percep\u00e7\u00e3o do que \u00e9 aut\u00eantico?<\/p>\n<p>O cerne da quest\u00e3o n\u00e3o \u00e9 a tecnologia em si, mas as implica\u00e7\u00f5es psicol\u00f3gicas e \u00e9ticas de sua aplica\u00e7\u00e3o. Ao consumirmos incessantemente conte\u00fados onde a natureza \u00e9 reeditada para se adequar aos nossos desejos de entretenimento, corremos o risco de trivializar a complexidade e a imprevisibilidade da vida selvagem real. A paci\u00eancia de um fot\u00f3grafo de natureza esperando dias por um momento \u00fanico, a beleza intr\u00ednseca de um predador ca\u00e7ando em sil\u00eancio ou a delicadeza de um p\u00e1ssaro construindo seu ninho \u2014 todos esses s\u00e3o atos de maravilha que a IA pode simular, mas nunca verdadeiramente reproduzir em sua ess\u00eancia crua e genu\u00edna. O perigo \u00e9 que, ao vermos animais \u201cfazendo coisas incr\u00edveis\u201d sob a dire\u00e7\u00e3o de um algoritmo, a verdadeira maravilha de suas exist\u00eancias e a import\u00e2ncia de sua conserva\u00e7\u00e3o possam se diluir em um mar de espet\u00e1culos fabricados.<\/p>\n<h3>O Pre\u00e7o da Ilus\u00e3o: A \u00c9tica e a Desconex\u00e3o com o Mundo Real<\/h3>\n<p>A populariza\u00e7\u00e3o dos **v\u00eddeos gerados por IA de animais** traz consigo uma s\u00e9rie de dilemas \u00e9ticos e pr\u00e1ticos que exigem nossa aten\u00e7\u00e3o. A linha que separa a realidade da fic\u00e7\u00e3o digital se torna cada vez mais borrada, e o impacto dessa confus\u00e3o pode ser significativo. Um dos riscos mais evidentes \u00e9 a desinforma\u00e7\u00e3o. V\u00eddeos falsos podem ser usados para retratar animais de maneiras enganosas, seja atribuindo-lhes comportamentos agressivos que n\u00e3o possuem, seja criando narrativas falsas sobre seu estado de conserva\u00e7\u00e3o ou intera\u00e7\u00e3o com humanos. Isso pode ter consequ\u00eancias s\u00e9rias para a percep\u00e7\u00e3o p\u00fablica e at\u00e9 para pol\u00edticas de conserva\u00e7\u00e3o.<\/p>\n<p>Al\u00e9m disso, h\u00e1 o perigo da desensibiliza\u00e7\u00e3o. Se a nossa principal fonte de contato com a vida selvagem passa a ser atrav\u00e9s de representa\u00e7\u00f5es digitais perfeitas e fant\u00e1sticas, podemos come\u00e7ar a desenvolver uma vis\u00e3o distorcida e superficial sobre os animais. A luta pela sobreviv\u00eancia, a fragilidade dos ecossistemas, a necessidade de esfor\u00e7os de conserva\u00e7\u00e3o \u2013 todos esses aspectos complexos e muitas vezes dif\u00edceis podem ser ofuscados pela glamoriza\u00e7\u00e3o artificial. A empatia genu\u00edna, que nasce da compreens\u00e3o da vulnerabilidade e da autenticidade da vida selvagem, pode ser corro\u00edda por uma cultura de consumo de conte\u00fados que prioriza o espetacular em detrimento do real. A manipula\u00e7\u00e3o digital, mesmo que bem-intencionada, arrisca nos anestesiar para a beleza n\u00e3o retocada e a fragilidade do mundo natural.<\/p>\n<p>Outro ponto crucial \u00e9 a antropomorfiza\u00e7\u00e3o excessiva. Ao vermos animais dan\u00e7ando, falando ou expressando emo\u00e7\u00f5es humanas de forma exagerada em **v\u00eddeos gerados por IA de animais**, podemos projetar sobre eles caracter\u00edsticas que n\u00e3o possuem. Embora seja natural humanizar, a IA eleva isso a um novo patamar, criando expectativas irrealistas sobre o comportamento animal e obscurecendo sua natureza intr\u00ednseca. Isso n\u00e3o apenas impede uma compreens\u00e3o mais profunda da zoologia e da etologia, mas tamb\u00e9m pode levar a atitudes inadequadas na intera\u00e7\u00e3o com animais reais, baseadas em fantasias digitais em vez de conhecimento e respeito. Em \u00faltima an\u00e1lise, a \u00e9tica nos for\u00e7a a questionar: qual \u00e9 o nosso papel ao usar uma tecnologia t\u00e3o poderosa para recriar o mundo natural? Estamos valorizando a vida selvagem ou apenas a nossa pr\u00f3pria capacidade de control\u00e1-la e redefini-la?<\/p>\n<h3>Al\u00e9m da Tela: Desafios e Oportunidades para a Conserva\u00e7\u00e3o<\/h3>\n<p>Diante desses desafios, \u00e9 fundamental reconhecer que a Intelig\u00eancia Artificial n\u00e3o \u00e9 uma for\u00e7a inerentemente boa ou m\u00e1; ela \u00e9 uma ferramenta, e seu impacto depende de como a utilizamos. Os **v\u00eddeos gerados por IA de animais**, apesar dos riscos, tamb\u00e9m oferecem oportunidades in\u00e9ditas para a educa\u00e7\u00e3o e a conserva\u00e7\u00e3o. Imagine, por exemplo, a capacidade de recriar habitats extintos para mostrar o impacto da a\u00e7\u00e3o humana, ou simular a migra\u00e7\u00e3o de esp\u00e9cies amea\u00e7adas em tempo real para educar o p\u00fablico sobre a necessidade de corredores ecol\u00f3gicos. A IA pode tornar a ci\u00eancia da conserva\u00e7\u00e3o mais acess\u00edvel e envolvente, alcan\u00e7ando p\u00fablicos que talvez n\u00e3o se interessem por document\u00e1rios tradicionais.<\/p>\n<p>Organiza\u00e7\u00f5es de conserva\u00e7\u00e3o e educadores j\u00e1 come\u00e7am a explorar o potencial da IA para criar experi\u00eancias imersivas, como saf\u00e1ris virtuais ou reconstru\u00e7\u00f5es de animais pr\u00e9-hist\u00f3ricos em ambientes simulados. Essas ferramentas podem inspirar uma nova gera\u00e7\u00e3o a se importar com a natureza, despertando a curiosidade e fornecendo informa\u00e7\u00f5es de maneiras inovadoras. No entanto, \u00e9 crucial que essas iniciativas sejam acompanhadas por uma forte \u00eanfase na literacia digital e na distin\u00e7\u00e3o entre o conte\u00fado gerado por IA e a realidade. A transpar\u00eancia sobre a origem e a natureza dos v\u00eddeos \u00e9 essencial para evitar a desinforma\u00e7\u00e3o e promover uma compreens\u00e3o genu\u00edna do mundo natural.<\/p>\n<p>O futuro da nossa rela\u00e7\u00e3o com os animais, em um mundo cada vez mais digitalizado, depender\u00e1 da nossa capacidade de navegar entre o real e o simulado com sabedoria e discernimento. Devemos valorizar a maravilha da vida selvagem em sua forma mais aut\u00eantica, promovendo o contato direto com a natureza e apoiando esfor\u00e7os de conserva\u00e7\u00e3o que protejam as esp\u00e9cies e seus habitats. A tecnologia pode ser uma aliada poderosa, mas nunca deve substituir a experi\u00eancia e a compreens\u00e3o do mundo real. \u00c9 um convite para sermos consumidores conscientes, cr\u00edticos e, acima de tudo, para mantermos viva a nossa admira\u00e7\u00e3o pelo espet\u00e1culo n\u00e3o roteirizado da natureza.<\/p>\n<p>A ascens\u00e3o dos **v\u00eddeos gerados por IA de animais** \u00e9 mais do que uma tend\u00eancia de entretenimento; \u00e9 um espelho que reflete nossa rela\u00e7\u00e3o em constante evolu\u00e7\u00e3o com a tecnologia e com o mundo natural. Embora a capacidade de criar animais fant\u00e1sticos e realidades alternativas seja uma prova impressionante do g\u00eanio humano, ela nos imp\u00f5e uma responsabilidade. Precisamos cultivar uma aprecia\u00e7\u00e3o pela beleza inalterada e pela complexidade da vida selvagem, lembrando que a verdadeira maravilha reside na autenticidade e na fragilidade do mundo natural.<\/p>\n<p>Somente assim poderemos garantir que a Intelig\u00eancia Artificial sirva para ampliar nossa compreens\u00e3o e nosso respeito pelos animais, em vez de nos cegar para a sua verdadeira e insubstitu\u00edvel magia.<\/p>\n","protected":false},"excerpt":{"rendered":"<p>No vibrante universo da tecnologia, poucas inova\u00e7\u00f5es capturam tanto a imagina\u00e7\u00e3o quanto a Intelig\u00eancia Artificial. De assistentes virtuais a carros aut\u00f4nomos, a IA est\u00e1 redefinindo os limites do que \u00e9 poss\u00edvel. Uma de suas manifesta\u00e7\u00f5es mais recentes e fascinantes, contudo, tem levantado quest\u00f5es profundas sobre nossa rela\u00e7\u00e3o com o mundo natural: a capacidade de criar [&hellip;]<\/p>\n","protected":false},"author":1,"featured_media":3886,"comment_status":"open","ping_status":"open","sticky":false,"template":"","format":"standard","meta":{"_yoast_wpseo_focuskw":"v\u00eddeos gerados por IA de animais","_yoast_wpseo_metadesc":"Explore como a Intelig\u00eancia Artificial est\u00e1 transformando nossa rela\u00e7\u00e3o com o reino animal. Descubra o impacto dos v\u00eddeos gerados por IA de animais na nossa percep\u00e7\u00e3o, \u00e9tica e o futuro da conscientiza\u00e7\u00e3o sobre a vida selvagem. Uma reflex\u00e3o profunda sobre o real e o artificial.","footnotes":""},"categories":[2],"tags":[],"class_list":["post-3887","post","type-post","status-publish","format-standard","has-post-thumbnail","hentry","category-novidades"],"yoast_head":"<!-- This site is optimized with the Yoast SEO plugin v25.6 - https:\/\/yoast.com\/wordpress\/plugins\/seo\/ -->\n<title>A Nova Vis\u00e3o da Fauna: Como os V\u00eddeos Gerados por IA Est\u00e3o Reconfigurando Nossa Percep\u00e7\u00e3o dos Animais - Lacerda AI<\/title>\n<meta name=\"description\" content=\"Explore como a Intelig\u00eancia Artificial est\u00e1 transformando nossa rela\u00e7\u00e3o com o reino animal. Descubra o impacto dos v\u00eddeos gerados por IA de animais na nossa percep\u00e7\u00e3o, \u00e9tica e o futuro da conscientiza\u00e7\u00e3o sobre a vida selvagem. Uma reflex\u00e3o profunda sobre o real e o artificial.\" \/>\n<meta name=\"robots\" content=\"index, follow, max-snippet:-1, max-image-preview:large, max-video-preview:-1\" \/>\n<link rel=\"canonical\" href=\"https:\/\/lacerdaai.com\/br\/a-nova-visao-da-fauna-como-os-videos-gerados-por-ia-estao-reconfigurando-nossa-percepcao-dos-animais\/\" \/>\n<meta property=\"og:locale\" content=\"pt_BR\" \/>\n<meta property=\"og:type\" content=\"article\" \/>\n<meta property=\"og:title\" content=\"A Nova Vis\u00e3o da Fauna: Como os V\u00eddeos Gerados por IA Est\u00e3o Reconfigurando Nossa Percep\u00e7\u00e3o dos Animais - Lacerda AI\" \/>\n<meta property=\"og:description\" content=\"Explore como a Intelig\u00eancia Artificial est\u00e1 transformando nossa rela\u00e7\u00e3o com o reino animal. Descubra o impacto dos v\u00eddeos gerados por IA de animais na nossa percep\u00e7\u00e3o, \u00e9tica e o futuro da conscientiza\u00e7\u00e3o sobre a vida selvagem. Uma reflex\u00e3o profunda sobre o real e o artificial.\" \/>\n<meta property=\"og:url\" content=\"https:\/\/lacerdaai.com\/br\/a-nova-visao-da-fauna-como-os-videos-gerados-por-ia-estao-reconfigurando-nossa-percepcao-dos-animais\/\" \/>\n<meta property=\"og:site_name\" content=\"Lacerda AI\" \/>\n<meta property=\"article:published_time\" content=\"2026-03-08T11:15:10+00:00\" \/>\n<meta property=\"article:modified_time\" content=\"2026-03-08T11:15:11+00:00\" \/>\n<meta name=\"author\" content=\"Andr\u00e9 Lacerda\" \/>\n<meta name=\"twitter:card\" content=\"summary_large_image\" \/>\n<meta name=\"twitter:label1\" content=\"Escrito por\" \/>\n\t<meta name=\"twitter:data1\" content=\"Andr\u00e9 Lacerda\" \/>\n\t<meta name=\"twitter:label2\" content=\"Est. tempo de leitura\" \/>\n\t<meta name=\"twitter:data2\" content=\"8 minutos\" \/>\n<script type=\"application\/ld+json\" class=\"yoast-schema-graph\">{\"@context\":\"https:\/\/schema.org\",\"@graph\":[{\"@type\":\"WebPage\",\"@id\":\"https:\/\/lacerdaai.com\/br\/a-nova-visao-da-fauna-como-os-videos-gerados-por-ia-estao-reconfigurando-nossa-percepcao-dos-animais\/\",\"url\":\"https:\/\/lacerdaai.com\/br\/a-nova-visao-da-fauna-como-os-videos-gerados-por-ia-estao-reconfigurando-nossa-percepcao-dos-animais\/\",\"name\":\"A Nova Vis\u00e3o da Fauna: Como os V\u00eddeos Gerados por IA Est\u00e3o Reconfigurando Nossa Percep\u00e7\u00e3o dos Animais - Lacerda AI\",\"isPartOf\":{\"@id\":\"https:\/\/lacerdaai.com\/br\/#website\"},\"primaryImageOfPage\":{\"@id\":\"https:\/\/lacerdaai.com\/br\/a-nova-visao-da-fauna-como-os-videos-gerados-por-ia-estao-reconfigurando-nossa-percepcao-dos-animais\/#primaryimage\"},\"image\":{\"@id\":\"https:\/\/lacerdaai.com\/br\/a-nova-visao-da-fauna-como-os-videos-gerados-por-ia-estao-reconfigurando-nossa-percepcao-dos-animais\/#primaryimage\"},\"thumbnailUrl\":\"https:\/\/lacerdaai.com\/br\/wp-content\/uploads\/2026\/03\/imagem-31.jpg\",\"datePublished\":\"2026-03-08T11:15:10+00:00\",\"dateModified\":\"2026-03-08T11:15:11+00:00\",\"author\":{\"@id\":\"https:\/\/lacerdaai.com\/br\/#\/schema\/person\/8bad803c2e83a0c5c5c75e02a1c2248f\"},\"description\":\"Explore como a Intelig\u00eancia Artificial est\u00e1 transformando nossa rela\u00e7\u00e3o com o reino animal. Descubra o impacto dos v\u00eddeos gerados por IA de animais na nossa percep\u00e7\u00e3o, \u00e9tica e o futuro da conscientiza\u00e7\u00e3o sobre a vida selvagem. Uma reflex\u00e3o profunda sobre o real e o artificial.\",\"breadcrumb\":{\"@id\":\"https:\/\/lacerdaai.com\/br\/a-nova-visao-da-fauna-como-os-videos-gerados-por-ia-estao-reconfigurando-nossa-percepcao-dos-animais\/#breadcrumb\"},\"inLanguage\":\"pt-BR\",\"potentialAction\":[{\"@type\":\"ReadAction\",\"target\":[\"https:\/\/lacerdaai.com\/br\/a-nova-visao-da-fauna-como-os-videos-gerados-por-ia-estao-reconfigurando-nossa-percepcao-dos-animais\/\"]}]},{\"@type\":\"ImageObject\",\"inLanguage\":\"pt-BR\",\"@id\":\"https:\/\/lacerdaai.com\/br\/a-nova-visao-da-fauna-como-os-videos-gerados-por-ia-estao-reconfigurando-nossa-percepcao-dos-animais\/#primaryimage\",\"url\":\"https:\/\/lacerdaai.com\/br\/wp-content\/uploads\/2026\/03\/imagem-31.jpg\",\"contentUrl\":\"https:\/\/lacerdaai.com\/br\/wp-content\/uploads\/2026\/03\/imagem-31.jpg\",\"width\":576,\"height\":324},{\"@type\":\"BreadcrumbList\",\"@id\":\"https:\/\/lacerdaai.com\/br\/a-nova-visao-da-fauna-como-os-videos-gerados-por-ia-estao-reconfigurando-nossa-percepcao-dos-animais\/#breadcrumb\",\"itemListElement\":[{\"@type\":\"ListItem\",\"position\":1,\"name\":\"In\u00edcio\",\"item\":\"https:\/\/lacerdaai.com\/br\/\"},{\"@type\":\"ListItem\",\"position\":2,\"name\":\"A Nova Vis\u00e3o da Fauna: Como os V\u00eddeos Gerados por IA Est\u00e3o Reconfigurando Nossa Percep\u00e7\u00e3o dos Animais\"}]},{\"@type\":\"WebSite\",\"@id\":\"https:\/\/lacerdaai.com\/br\/#website\",\"url\":\"https:\/\/lacerdaai.com\/br\/\",\"name\":\"Lacerda AI\",\"description\":\"Seu blog di\u00e1rio de novidades do mundo da Inteligencia Artificial\",\"potentialAction\":[{\"@type\":\"SearchAction\",\"target\":{\"@type\":\"EntryPoint\",\"urlTemplate\":\"https:\/\/lacerdaai.com\/br\/?s={search_term_string}\"},\"query-input\":{\"@type\":\"PropertyValueSpecification\",\"valueRequired\":true,\"valueName\":\"search_term_string\"}}],\"inLanguage\":\"pt-BR\"},{\"@type\":\"Person\",\"@id\":\"https:\/\/lacerdaai.com\/br\/#\/schema\/person\/8bad803c2e83a0c5c5c75e02a1c2248f\",\"name\":\"Andr\u00e9 Lacerda\",\"image\":{\"@type\":\"ImageObject\",\"inLanguage\":\"pt-BR\",\"@id\":\"https:\/\/lacerdaai.com\/br\/#\/schema\/person\/image\/\",\"url\":\"https:\/\/secure.gravatar.com\/avatar\/f5c1fa5ad9763f54c1f223c3fc91f131da6288c9f9e28d74bb3c355ad99af205?s=96&d=mm&r=g\",\"contentUrl\":\"https:\/\/secure.gravatar.com\/avatar\/f5c1fa5ad9763f54c1f223c3fc91f131da6288c9f9e28d74bb3c355ad99af205?s=96&d=mm&r=g\",\"caption\":\"Andr\u00e9 Lacerda\"},\"description\":\"Sou o Andr\u00e9 Lacerda, tenho 35 anos e sou apaixonado por tecnologia, intelig\u00eancia artificial e boas hist\u00f3rias. Me formei em Tecnologia e Jornalismo \u2014 sim, uma mistura meio improv\u00e1vel, mas que combina muito comigo. J\u00e1 morei no Canad\u00e1 e na Espanha, e essas experi\u00eancias me ajudaram a enxergar a inova\u00e7\u00e3o com um olhar mais global (e a me virar bem em tr\u00eas idiomas \ud83d\ude04). Trabalhei em algumas das maiores empresas de tecnologia do mercado e, hoje, atuo como consultor ajudando neg\u00f3cios a entenderem e aplicarem IA de forma pr\u00e1tica, estrat\u00e9gica e humana. Gosto de traduzir o complexo em algo simples \u2014 e \u00e9 isso que voc\u00ea vai encontrar por aqui.\",\"sameAs\":[\"http:\/\/lacerdaai.com\/br\"],\"url\":\"https:\/\/lacerdaai.com\/br\/author\/red-admin\/\"}]}<\/script>\n<!-- \/ Yoast SEO plugin. -->","yoast_head_json":{"title":"A Nova Vis\u00e3o da Fauna: Como os V\u00eddeos Gerados por IA Est\u00e3o Reconfigurando Nossa Percep\u00e7\u00e3o dos Animais - Lacerda AI","description":"Explore como a Intelig\u00eancia Artificial est\u00e1 transformando nossa rela\u00e7\u00e3o com o reino animal. Descubra o impacto dos v\u00eddeos gerados por IA de animais na nossa percep\u00e7\u00e3o, \u00e9tica e o futuro da conscientiza\u00e7\u00e3o sobre a vida selvagem. Uma reflex\u00e3o profunda sobre o real e o artificial.","robots":{"index":"index","follow":"follow","max-snippet":"max-snippet:-1","max-image-preview":"max-image-preview:large","max-video-preview":"max-video-preview:-1"},"canonical":"https:\/\/lacerdaai.com\/br\/a-nova-visao-da-fauna-como-os-videos-gerados-por-ia-estao-reconfigurando-nossa-percepcao-dos-animais\/","og_locale":"pt_BR","og_type":"article","og_title":"A Nova Vis\u00e3o da Fauna: Como os V\u00eddeos Gerados por IA Est\u00e3o Reconfigurando Nossa Percep\u00e7\u00e3o dos Animais - Lacerda AI","og_description":"Explore como a Intelig\u00eancia Artificial est\u00e1 transformando nossa rela\u00e7\u00e3o com o reino animal. Descubra o impacto dos v\u00eddeos gerados por IA de animais na nossa percep\u00e7\u00e3o, \u00e9tica e o futuro da conscientiza\u00e7\u00e3o sobre a vida selvagem. Uma reflex\u00e3o profunda sobre o real e o artificial.","og_url":"https:\/\/lacerdaai.com\/br\/a-nova-visao-da-fauna-como-os-videos-gerados-por-ia-estao-reconfigurando-nossa-percepcao-dos-animais\/","og_site_name":"Lacerda AI","article_published_time":"2026-03-08T11:15:10+00:00","article_modified_time":"2026-03-08T11:15:11+00:00","author":"Andr\u00e9 Lacerda","twitter_card":"summary_large_image","twitter_misc":{"Escrito por":"Andr\u00e9 Lacerda","Est. tempo de leitura":"8 minutos"},"schema":{"@context":"https:\/\/schema.org","@graph":[{"@type":"WebPage","@id":"https:\/\/lacerdaai.com\/br\/a-nova-visao-da-fauna-como-os-videos-gerados-por-ia-estao-reconfigurando-nossa-percepcao-dos-animais\/","url":"https:\/\/lacerdaai.com\/br\/a-nova-visao-da-fauna-como-os-videos-gerados-por-ia-estao-reconfigurando-nossa-percepcao-dos-animais\/","name":"A Nova Vis\u00e3o da Fauna: Como os V\u00eddeos Gerados por IA Est\u00e3o Reconfigurando Nossa Percep\u00e7\u00e3o dos Animais - Lacerda AI","isPartOf":{"@id":"https:\/\/lacerdaai.com\/br\/#website"},"primaryImageOfPage":{"@id":"https:\/\/lacerdaai.com\/br\/a-nova-visao-da-fauna-como-os-videos-gerados-por-ia-estao-reconfigurando-nossa-percepcao-dos-animais\/#primaryimage"},"image":{"@id":"https:\/\/lacerdaai.com\/br\/a-nova-visao-da-fauna-como-os-videos-gerados-por-ia-estao-reconfigurando-nossa-percepcao-dos-animais\/#primaryimage"},"thumbnailUrl":"https:\/\/lacerdaai.com\/br\/wp-content\/uploads\/2026\/03\/imagem-31.jpg","datePublished":"2026-03-08T11:15:10+00:00","dateModified":"2026-03-08T11:15:11+00:00","author":{"@id":"https:\/\/lacerdaai.com\/br\/#\/schema\/person\/8bad803c2e83a0c5c5c75e02a1c2248f"},"description":"Explore como a Intelig\u00eancia Artificial est\u00e1 transformando nossa rela\u00e7\u00e3o com o reino animal. Descubra o impacto dos v\u00eddeos gerados por IA de animais na nossa percep\u00e7\u00e3o, \u00e9tica e o futuro da conscientiza\u00e7\u00e3o sobre a vida selvagem. Uma reflex\u00e3o profunda sobre o real e o artificial.","breadcrumb":{"@id":"https:\/\/lacerdaai.com\/br\/a-nova-visao-da-fauna-como-os-videos-gerados-por-ia-estao-reconfigurando-nossa-percepcao-dos-animais\/#breadcrumb"},"inLanguage":"pt-BR","potentialAction":[{"@type":"ReadAction","target":["https:\/\/lacerdaai.com\/br\/a-nova-visao-da-fauna-como-os-videos-gerados-por-ia-estao-reconfigurando-nossa-percepcao-dos-animais\/"]}]},{"@type":"ImageObject","inLanguage":"pt-BR","@id":"https:\/\/lacerdaai.com\/br\/a-nova-visao-da-fauna-como-os-videos-gerados-por-ia-estao-reconfigurando-nossa-percepcao-dos-animais\/#primaryimage","url":"https:\/\/lacerdaai.com\/br\/wp-content\/uploads\/2026\/03\/imagem-31.jpg","contentUrl":"https:\/\/lacerdaai.com\/br\/wp-content\/uploads\/2026\/03\/imagem-31.jpg","width":576,"height":324},{"@type":"BreadcrumbList","@id":"https:\/\/lacerdaai.com\/br\/a-nova-visao-da-fauna-como-os-videos-gerados-por-ia-estao-reconfigurando-nossa-percepcao-dos-animais\/#breadcrumb","itemListElement":[{"@type":"ListItem","position":1,"name":"In\u00edcio","item":"https:\/\/lacerdaai.com\/br\/"},{"@type":"ListItem","position":2,"name":"A Nova Vis\u00e3o da Fauna: Como os V\u00eddeos Gerados por IA Est\u00e3o Reconfigurando Nossa Percep\u00e7\u00e3o dos Animais"}]},{"@type":"WebSite","@id":"https:\/\/lacerdaai.com\/br\/#website","url":"https:\/\/lacerdaai.com\/br\/","name":"Lacerda AI","description":"Seu blog di\u00e1rio de novidades do mundo da Inteligencia Artificial","potentialAction":[{"@type":"SearchAction","target":{"@type":"EntryPoint","urlTemplate":"https:\/\/lacerdaai.com\/br\/?s={search_term_string}"},"query-input":{"@type":"PropertyValueSpecification","valueRequired":true,"valueName":"search_term_string"}}],"inLanguage":"pt-BR"},{"@type":"Person","@id":"https:\/\/lacerdaai.com\/br\/#\/schema\/person\/8bad803c2e83a0c5c5c75e02a1c2248f","name":"Andr\u00e9 Lacerda","image":{"@type":"ImageObject","inLanguage":"pt-BR","@id":"https:\/\/lacerdaai.com\/br\/#\/schema\/person\/image\/","url":"https:\/\/secure.gravatar.com\/avatar\/f5c1fa5ad9763f54c1f223c3fc91f131da6288c9f9e28d74bb3c355ad99af205?s=96&d=mm&r=g","contentUrl":"https:\/\/secure.gravatar.com\/avatar\/f5c1fa5ad9763f54c1f223c3fc91f131da6288c9f9e28d74bb3c355ad99af205?s=96&d=mm&r=g","caption":"Andr\u00e9 Lacerda"},"description":"Sou o Andr\u00e9 Lacerda, tenho 35 anos e sou apaixonado por tecnologia, intelig\u00eancia artificial e boas hist\u00f3rias. Me formei em Tecnologia e Jornalismo \u2014 sim, uma mistura meio improv\u00e1vel, mas que combina muito comigo. J\u00e1 morei no Canad\u00e1 e na Espanha, e essas experi\u00eancias me ajudaram a enxergar a inova\u00e7\u00e3o com um olhar mais global (e a me virar bem em tr\u00eas idiomas \ud83d\ude04). Trabalhei em algumas das maiores empresas de tecnologia do mercado e, hoje, atuo como consultor ajudando neg\u00f3cios a entenderem e aplicarem IA de forma pr\u00e1tica, estrat\u00e9gica e humana. Gosto de traduzir o complexo em algo simples \u2014 e \u00e9 isso que voc\u00ea vai encontrar por aqui.","sameAs":["http:\/\/lacerdaai.com\/br"],"url":"https:\/\/lacerdaai.com\/br\/author\/red-admin\/"}]}},"_links":{"self":[{"href":"https:\/\/lacerdaai.com\/br\/wp-json\/wp\/v2\/posts\/3887","targetHints":{"allow":["GET"]}}],"collection":[{"href":"https:\/\/lacerdaai.com\/br\/wp-json\/wp\/v2\/posts"}],"about":[{"href":"https:\/\/lacerdaai.com\/br\/wp-json\/wp\/v2\/types\/post"}],"author":[{"embeddable":true,"href":"https:\/\/lacerdaai.com\/br\/wp-json\/wp\/v2\/users\/1"}],"replies":[{"embeddable":true,"href":"https:\/\/lacerdaai.com\/br\/wp-json\/wp\/v2\/comments?post=3887"}],"version-history":[{"count":1,"href":"https:\/\/lacerdaai.com\/br\/wp-json\/wp\/v2\/posts\/3887\/revisions"}],"predecessor-version":[{"id":3888,"href":"https:\/\/lacerdaai.com\/br\/wp-json\/wp\/v2\/posts\/3887\/revisions\/3888"}],"wp:featuredmedia":[{"embeddable":true,"href":"https:\/\/lacerdaai.com\/br\/wp-json\/wp\/v2\/media\/3886"}],"wp:attachment":[{"href":"https:\/\/lacerdaai.com\/br\/wp-json\/wp\/v2\/media?parent=3887"}],"wp:term":[{"taxonomy":"category","embeddable":true,"href":"https:\/\/lacerdaai.com\/br\/wp-json\/wp\/v2\/categories?post=3887"},{"taxonomy":"post_tag","embeddable":true,"href":"https:\/\/lacerdaai.com\/br\/wp-json\/wp\/v2\/tags?post=3887"}],"curies":[{"name":"wp","href":"https:\/\/api.w.org\/{rel}","templated":true}]}}