{"id":3923,"date":"2026-03-10T20:15:28","date_gmt":"2026-03-10T23:15:28","guid":{"rendered":"https:\/\/lacerdaai.com\/br\/ia-e-demissoes-estamos-criando-uma-profecia-autorrealizavel-no-mercado-de-trabalho\/"},"modified":"2026-03-10T20:15:30","modified_gmt":"2026-03-10T23:15:30","slug":"ia-e-demissoes-estamos-criando-uma-profecia-autorrealizavel-no-mercado-de-trabalho","status":"publish","type":"post","link":"https:\/\/lacerdaai.com\/br\/ia-e-demissoes-estamos-criando-uma-profecia-autorrealizavel-no-mercado-de-trabalho\/","title":{"rendered":"IA e Demiss\u00f5es: Estamos Criando uma Profecia Autorrealiz\u00e1vel no Mercado de Trabalho?"},"content":{"rendered":"<p>A intelig\u00eancia artificial (IA) tem dominado as manchetes, prometendo revolucionar ind\u00fastrias, otimizar processos e, inevitavelmente, transformar a maneira como trabalhamos. De chatbots que respondem a perguntas complexas a algoritmos que preveem tend\u00eancias de mercado, a febre da IA \u00e9 ineg\u00e1vel. Mas por tr\u00e1s de todo o entusiasmo e das proje\u00e7\u00f5es futuristas, surge uma preocupa\u00e7\u00e3o crescente: o que acontece quando a percep\u00e7\u00e3o da capacidade da IA supera sua realidade atual? Estamos, talvez, diante de uma profecia autorrealiz\u00e1vel, onde a expectativa de que a IA substituir\u00e1 trabalhadores leva a demiss\u00f5es, mesmo que a tecnologia ainda n\u00e3o esteja totalmente madura para tal substitui\u00e7\u00e3o em larga escala?<\/p>\n<p>Essa \u00e9 uma quest\u00e3o complexa que ecoa nos corredores das grandes corpora\u00e7\u00f5es e nos debates entre especialistas. Executivos, sob a press\u00e3o de investidores e a necessidade de se manterem competitivos, podem estar agindo com base em um futuro potencial da IA, antecipando uma automa\u00e7\u00e3o que ainda n\u00e3o \u00e9 plenamente vi\u00e1vel. O resultado? Uma onda de reestrutura\u00e7\u00f5es e cortes de pessoal justificados pela &#8216;implementa\u00e7\u00e3o da IA&#8217;, criando um ciclo onde a cren\u00e7a na inevitabilidade da substitui\u00e7\u00e3o se concretiza, independentemente do verdadeiro est\u00e1gio de desenvolvimento da tecnologia. Vamos mergulhar fundo nessa din\u00e2mica e explorar como essa profecia est\u00e1 se desenrolando no cen\u00e1rio global de trabalho.<\/p>\n<h3><strong>Impacto da IA no Emprego<\/strong>: A Realidade por Tr\u00e1s da Hype<\/h3>\n<p>O <strong>impacto da IA no emprego<\/strong> \u00e9 um t\u00f3pico que gera tanto fasc\u00ednio quanto apreens\u00e3o. De um lado, temos os arautos da nova era, que preveem um futuro de produtividade sem precedentes, onde m\u00e1quinas inteligentes assumem tarefas repetitivas e perigosas, liberando os humanos para trabalhos mais criativos e estrat\u00e9gicos. De outro, h\u00e1 um coro de c\u00e9ticos e preocupados, que alertam para a possibilidade de desemprego massivo, desvaloriza\u00e7\u00e3o da m\u00e3o de obra e um aprofundamento das desigualdades sociais.<\/p>\n<p>A realidade, como sempre, reside em algum lugar no meio, mas com uma nuance crucial: a velocidade com que as decis\u00f5es s\u00e3o tomadas no topo das hierarquias corporativas pode estar descompassada com o ritmo real de desenvolvimento e implementa\u00e7\u00e3o eficaz da IA. A m\u00eddia, as consultorias e o pr\u00f3prio ecossistema de startups de tecnologia contribuem para a cria\u00e7\u00e3o de uma &#8216;bolha de hype&#8217;, onde a IA \u00e9 apresentada como uma solu\u00e7\u00e3o milagrosa para qualquer problema, desde a otimiza\u00e7\u00e3o de atendimento ao cliente at\u00e9 a cria\u00e7\u00e3o de conte\u00fado complexo. Ferramentas de IA generativa, como o ChatGPT ou DALL-E, demonstram capacidades impressionantes, mas ainda exigem supervis\u00e3o humana, refino e, muitas vezes, corre\u00e7\u00e3o. Elas s\u00e3o mais assistentes poderosos do que substitutos completos.<\/p>\n<p>Ainda assim, a press\u00e3o para &#8216;estar na vanguarda da IA&#8217; \u00e9 imensa. Para muitos executivos, a ado\u00e7\u00e3o da intelig\u00eancia artificial n\u00e3o \u00e9 apenas uma estrat\u00e9gia de otimiza\u00e7\u00e3o, mas uma quest\u00e3o de sobreviv\u00eancia no mercado. Existe um medo palp\u00e1vel de que, ao n\u00e3o investir e implementar rapidamente, suas empresas fiquem para tr\u00e1s. Essa mentalidade pode levar a decis\u00f5es precipitadas, como a reestrutura\u00e7\u00e3o de equipes e o corte de posi\u00e7\u00f5es, baseando-se na premissa de que &#8216;a IA far\u00e1 isso agora&#8217;, mesmo que a tecnologia ainda esteja em fase de prova de conceito ou exija um investimento significativo em infraestrutura e treinamento para ser plenamente funcional.<\/p>\n<p>\u00c9 fundamental distinguir a automa\u00e7\u00e3o de tarefas da substitui\u00e7\u00e3o completa de empregos. A IA, em sua forma atual, \u00e9 extremamente eficaz em automatizar fun\u00e7\u00f5es espec\u00edficas e repetitivas, como an\u00e1lise de dados, triagem de e-mails, ou at\u00e9 mesmo codifica\u00e7\u00e3o b\u00e1sica. No entanto, a maioria dos trabalhos humanos envolve uma complexa tape\u00e7aria de habilidades que incluem intelig\u00eancia emocional, pensamento cr\u00edtico, resolu\u00e7\u00e3o criativa de problemas e intera\u00e7\u00e3o social \u2013 \u00e1reas onde a IA ainda tem um longo caminho a percorrer. Reduzir um trabalho humano \u00e0 soma de tarefas automatiz\u00e1veis \u00e9 uma simplifica\u00e7\u00e3o perigosa que subestima a complexidade da contribui\u00e7\u00e3o humana e superestima a prontid\u00e3o da tecnologia.<\/p>\n<h3>A Mec\u00e2nica da Profecia Autorrealiz\u00e1vel: Decis\u00f5es Humanas e Automa\u00e7\u00e3o<\/h3>\n<p>A profecia autorrealiz\u00e1vel ganha for\u00e7a quando a mera *expectativa* sobre o poder da IA come\u00e7a a ditar a realidade corporativa. N\u00e3o \u00e9 apenas a capacidade da tecnologia que molda o futuro do trabalho, mas as decis\u00f5es estrat\u00e9gicas e, por vezes, m\u00edopes, tomadas por l\u00edderes empresariais. Quando uma empresa anuncia que est\u00e1 investindo pesadamente em intelig\u00eancia artificial e que isso levar\u00e1 a uma &#8216;otimiza\u00e7\u00e3o de pessoal&#8217;, a mensagem \u00e9 clara, mesmo que a IA ainda esteja em fase embrion\u00e1ria de implementa\u00e7\u00e3o. Essa declara\u00e7\u00e3o, por si s\u00f3, pode desencadear uma s\u00e9rie de eventos: investidores veem isso como um sinal de moderniza\u00e7\u00e3o e efici\u00eancia, o valor das a\u00e7\u00f5es pode subir, e a press\u00e3o para entregar resultados de &#8216;otimiza\u00e7\u00e3o&#8217; (leia-se: corte de custos via demiss\u00f5es) aumenta.<\/p>\n<p>Um dos principais motivadores por tr\u00e1s dessa corrida para a automa\u00e7\u00e3o \u00e9 a busca incessante por efici\u00eancia e redu\u00e7\u00e3o de custos. Em cen\u00e1rios econ\u00f4micos incertos, a IA \u00e9 apresentada como a ferramenta perfeita para cortar despesas com m\u00e3o de obra, prometendo retornos sobre o investimento que, muitas vezes, s\u00e3o baseados em proje\u00e7\u00f5es otimistas, mas n\u00e3o em dados concretos de implementa\u00e7\u00f5es bem-sucedidas em larga escala. A narrativa \u00e9 simples: por que pagar um sal\u00e1rio quando um algoritmo pode fazer o trabalho por uma fra\u00e7\u00e3o do custo? Essa mentalidade ignora os custos iniciais de desenvolvimento, integra\u00e7\u00e3o e manuten\u00e7\u00e3o de sistemas de IA, sem mencionar a perda de conhecimento institucional e experi\u00eancia humana que acompanham as demiss\u00f5es.<\/p>\n<p>Al\u00e9m disso, h\u00e1 um elemento psicol\u00f3gico poderoso em jogo. Quando os funcion\u00e1rios ouvem falar que a IA est\u00e1 vindo para &#8216;tomar seus empregos&#8217;, isso pode gerar ansiedade, desmotiva\u00e7\u00e3o e at\u00e9 mesmo uma diminui\u00e7\u00e3o na produtividade. A pr\u00f3pria cultura organizacional pode se tornar t\u00f3xica, criando um ambiente onde a inevitabilidade da substitui\u00e7\u00e3o \u00e9 aceita, e a resist\u00eancia a novas tecnologias ou o questionamento de sua real efic\u00e1cia s\u00e3o desencorajados. Em casos extremos, o medo pode levar a uma espiral descendente onde a capacidade humana \u00e9 subvalorizada em detrimento de uma solu\u00e7\u00e3o tecnol\u00f3gica que ainda n\u00e3o est\u00e1 plenamente pronta.<\/p>\n<p>Casos como o da Block, empresa de pagamentos liderada por Jack Dorsey, que anunciou planos de reestrutura\u00e7\u00e3o para focar em IA e automa\u00e7\u00e3o, s\u00e3o emblem\u00e1ticos. Embora a empresa n\u00e3o tenha explicitamente ligado as demiss\u00f5es \u00e0 IA, a concomit\u00e2ncia dos an\u00fancios cria uma narrativa na qual a intelig\u00eancia artificial se torna o catalisador ou, no m\u00ednimo, a justificativa para cortes de pessoal. O mesmo pode ser observado em diversas ind\u00fastrias, desde a tecnologia at\u00e9 o varejo e o setor de servi\u00e7os, onde a &#8216;transforma\u00e7\u00e3o digital&#8217; e a &#8216;inova\u00e7\u00e3o com IA&#8217; s\u00e3o frequentemente usadas para explicar decis\u00f5es de reestrutura\u00e7\u00e3o que visam, em \u00faltima inst\u00e2ncia, \u00e0 redu\u00e7\u00e3o de custos operacionais. Esse ciclo de expectativa, decis\u00e3o e a\u00e7\u00e3o \u00e9 o cerne da profecia autorrealiz\u00e1vel, onde a cren\u00e7a de que a IA causar\u00e1 demiss\u00f5es leva a demiss\u00f5es, mesmo que o sistema de IA em quest\u00e3o ainda esteja engatinhando.<\/p>\n<h3>Al\u00e9m das Demiss\u00f5es: Requalifica\u00e7\u00e3o, Novos Pap\u00e9is e o Futuro Colaborativo<\/h3>\n<p>Diante desse cen\u00e1rio complexo, \u00e9 vital olhar para al\u00e9m da narrativa simplista de &#8216;IA versus humanos&#8217; e buscar caminhos que promovam um futuro do trabalho mais equitativo e produtivo. O verdadeiro potencial da intelig\u00eancia artificial n\u00e3o reside na substitui\u00e7\u00e3o pura e simples, mas na colabora\u00e7\u00e3o e na amplifica\u00e7\u00e3o das capacidades humanas. Em vez de focar apenas no <strong>impacto da IA no emprego<\/strong> em termos de perdas, precisamos direcionar a aten\u00e7\u00e3o para a cria\u00e7\u00e3o de novos pap\u00e9is e a requalifica\u00e7\u00e3o da for\u00e7a de trabalho existente.<\/p>\n<p>A requalifica\u00e7\u00e3o (reskilling) e o aprimoramento (upskilling) tornam-se imperativos. Governos, empresas e institui\u00e7\u00f5es de ensino t\u00eam um papel crucial em desenvolver programas que equipem os trabalhadores com as habilidades necess\u00e1rias para interagir e gerenciar sistemas de IA. Isso inclui desde compet\u00eancias t\u00e9cnicas, como programa\u00e7\u00e3o e an\u00e1lise de dados, at\u00e9 habilidades &#8216;soft&#8217; como pensamento cr\u00edtico, criatividade, comunica\u00e7\u00e3o e intelig\u00eancia emocional, que s\u00e3o intrinsecamente humanas e complementam as capacidades da IA. A ideia \u00e9 que o trabalhador do futuro n\u00e3o ser\u00e1 &#8216;substitu\u00eddo pela IA&#8217;, mas &#8216;aumentado pela IA&#8217;, atuando como um &#8216;centauro&#8217; \u2013 a met\u00e1fora do xadrez, onde a combina\u00e7\u00e3o de um humano e um computador frequentemente supera tanto o melhor humano quanto o melhor computador sozinho.<\/p>\n<p>Ademais, a hist\u00f3ria nos mostra que grandes avan\u00e7os tecnol\u00f3gicos, embora causem disrup\u00e7\u00e3o inicial, tamb\u00e9m geram novas ind\u00fastrias e categorias de empregos. A revolu\u00e7\u00e3o industrial criou milh\u00f5es de empregos em f\u00e1bricas; a era da internet deu origem a desenvolvedores web, especialistas em SEO, analistas de dados, e in\u00fameras outras profiss\u00f5es. A IA n\u00e3o ser\u00e1 diferente. Surgir\u00e3o fun\u00e7\u00f5es como &#8216;treinadores de IA&#8217;, &#8216;curadores de dados&#8217;, &#8216;especialistas em \u00e9tica de IA&#8217;, &#8216;engenheiros de prompt&#8217;, e muitos outros que ainda nem conseguimos imaginar. O foco deve estar em identificar essas oportunidades e preparar a for\u00e7a de trabalho para elas.<\/p>\n<p>\u00c9 fundamental que as empresas adotem uma abordagem mais \u00e9tica e transparente na implementa\u00e7\u00e3o da IA. Isso significa n\u00e3o apenas considerar o potencial de lucro, mas tamb\u00e9m o bem-estar dos funcion\u00e1rios e o impacto social de suas decis\u00f5es. Um desenvolvimento e implementa\u00e7\u00e3o respons\u00e1veis da IA devem incluir di\u00e1logo aberto com os trabalhadores, investimentos em treinamento e transi\u00e7\u00e3o, e a cria\u00e7\u00e3o de uma cultura que valorize a colabora\u00e7\u00e3o humano-IA, em vez da competi\u00e7\u00e3o. A IA deve ser vista como uma ferramenta para capacitar os humanos, n\u00e3o para elimin\u00e1-los, permitindo que se concentrem em tarefas que exigem discernimento, criatividade e empatia \u2013 qualidades insubstitu\u00edveis pela m\u00e1quina. O futuro do trabalho com IA n\u00e3o \u00e9 uma batalha entre m\u00e1quinas e humanos, mas uma oportunidade para redefinir o que significa ser produtivo e humano na era digital.<\/p>\n<p>A discuss\u00e3o sobre o <strong>impacto da IA no emprego<\/strong> revela uma complexidade muito maior do que a simples polariza\u00e7\u00e3o entre otimismo e pessimismo. O verdadeiro desafio reside em reconhecer que a intelig\u00eancia artificial, embora promissora, ainda est\u00e1 em evolu\u00e7\u00e3o, e que as decis\u00f5es humanas tomadas hoje, baseadas em expectativas futuras, est\u00e3o ativamente moldando o cen\u00e1rio do trabalho. A profecia autorrealiz\u00e1vel das demiss\u00f5es por IA n\u00e3o \u00e9 um destino inevit\u00e1vel imposto pela tecnologia, mas uma consequ\u00eancia das escolhas que fazemos enquanto sociedade e, principalmente, enquanto l\u00edderes empresariais.<\/p>\n<p>Para evitar um futuro onde a automa\u00e7\u00e3o se torna sin\u00f4nimo de desemprego generalizado, \u00e9 imperativo que adotemos uma postura mais reflexiva e estrat\u00e9gica. Isso implica investir massivamente em educa\u00e7\u00e3o e requalifica\u00e7\u00e3o, fomentar ambientes de trabalho que celebrem a colabora\u00e7\u00e3o humano-IA e n\u00e3o a substituam, e desenvolver pol\u00edticas p\u00fablicas que apoiem os trabalhadores em transi\u00e7\u00e3o. A IA tem o potencial de liberar a criatividade e a inova\u00e7\u00e3o humanas, mas apenas se a abordarmos com sabedoria, \u00e9tica e um compromisso genu\u00edno com o desenvolvimento humano. O futuro do trabalho n\u00e3o ser\u00e1 escrito apenas pelos algoritmos, mas pelas m\u00e3os e mentes que decidem como us\u00e1-los.<\/p>\n","protected":false},"excerpt":{"rendered":"<p>A intelig\u00eancia artificial (IA) tem dominado as manchetes, prometendo revolucionar ind\u00fastrias, otimizar processos e, inevitavelmente, transformar a maneira como trabalhamos. De chatbots que respondem a perguntas complexas a algoritmos que preveem tend\u00eancias de mercado, a febre da IA \u00e9 ineg\u00e1vel. Mas por tr\u00e1s de todo o entusiasmo e das proje\u00e7\u00f5es futuristas, surge uma preocupa\u00e7\u00e3o crescente: [&hellip;]<\/p>\n","protected":false},"author":1,"featured_media":3922,"comment_status":"open","ping_status":"open","sticky":false,"template":"","format":"standard","meta":{"_yoast_wpseo_focuskw":"impacto da IA no emprego","_yoast_wpseo_metadesc":"Mergulhe na discuss\u00e3o sobre como a expectativa em torno da intelig\u00eancia artificial pode estar impulsionando demiss\u00f5es, mesmo antes de a tecnologia estar plenamente pronta. Entenda o verdadeiro **impacto da IA no emprego** e o futuro da for\u00e7a de trabalho.","footnotes":""},"categories":[2],"tags":[],"class_list":["post-3923","post","type-post","status-publish","format-standard","has-post-thumbnail","hentry","category-novidades"],"yoast_head":"<!-- This site is optimized with the Yoast SEO plugin v25.6 - https:\/\/yoast.com\/wordpress\/plugins\/seo\/ -->\n<title>IA e Demiss\u00f5es: Estamos Criando uma Profecia Autorrealiz\u00e1vel no Mercado de Trabalho? - Lacerda AI<\/title>\n<meta name=\"description\" content=\"Mergulhe na discuss\u00e3o sobre como a expectativa em torno da intelig\u00eancia artificial pode estar impulsionando demiss\u00f5es, mesmo antes de a tecnologia estar plenamente pronta. Entenda o verdadeiro **impacto da IA no emprego** e o futuro da for\u00e7a de trabalho.\" \/>\n<meta name=\"robots\" content=\"index, follow, max-snippet:-1, max-image-preview:large, max-video-preview:-1\" \/>\n<link rel=\"canonical\" href=\"https:\/\/lacerdaai.com\/br\/ia-e-demissoes-estamos-criando-uma-profecia-autorrealizavel-no-mercado-de-trabalho\/\" \/>\n<meta property=\"og:locale\" content=\"pt_BR\" \/>\n<meta property=\"og:type\" content=\"article\" \/>\n<meta property=\"og:title\" content=\"IA e Demiss\u00f5es: Estamos Criando uma Profecia Autorrealiz\u00e1vel no Mercado de Trabalho? - Lacerda AI\" \/>\n<meta property=\"og:description\" content=\"Mergulhe na discuss\u00e3o sobre como a expectativa em torno da intelig\u00eancia artificial pode estar impulsionando demiss\u00f5es, mesmo antes de a tecnologia estar plenamente pronta. Entenda o verdadeiro **impacto da IA no emprego** e o futuro da for\u00e7a de trabalho.\" \/>\n<meta property=\"og:url\" content=\"https:\/\/lacerdaai.com\/br\/ia-e-demissoes-estamos-criando-uma-profecia-autorrealizavel-no-mercado-de-trabalho\/\" \/>\n<meta property=\"og:site_name\" content=\"Lacerda AI\" \/>\n<meta property=\"article:published_time\" content=\"2026-03-10T23:15:28+00:00\" \/>\n<meta property=\"article:modified_time\" content=\"2026-03-10T23:15:30+00:00\" \/>\n<meta name=\"author\" content=\"Andr\u00e9 Lacerda\" \/>\n<meta name=\"twitter:card\" content=\"summary_large_image\" \/>\n<meta name=\"twitter:label1\" content=\"Escrito por\" \/>\n\t<meta name=\"twitter:data1\" content=\"Andr\u00e9 Lacerda\" \/>\n\t<meta name=\"twitter:label2\" content=\"Est. tempo de leitura\" \/>\n\t<meta name=\"twitter:data2\" content=\"10 minutos\" \/>\n<script type=\"application\/ld+json\" class=\"yoast-schema-graph\">{\"@context\":\"https:\/\/schema.org\",\"@graph\":[{\"@type\":\"WebPage\",\"@id\":\"https:\/\/lacerdaai.com\/br\/ia-e-demissoes-estamos-criando-uma-profecia-autorrealizavel-no-mercado-de-trabalho\/\",\"url\":\"https:\/\/lacerdaai.com\/br\/ia-e-demissoes-estamos-criando-uma-profecia-autorrealizavel-no-mercado-de-trabalho\/\",\"name\":\"IA e Demiss\u00f5es: Estamos Criando uma Profecia Autorrealiz\u00e1vel no Mercado de Trabalho? - Lacerda AI\",\"isPartOf\":{\"@id\":\"https:\/\/lacerdaai.com\/br\/#website\"},\"primaryImageOfPage\":{\"@id\":\"https:\/\/lacerdaai.com\/br\/ia-e-demissoes-estamos-criando-uma-profecia-autorrealizavel-no-mercado-de-trabalho\/#primaryimage\"},\"image\":{\"@id\":\"https:\/\/lacerdaai.com\/br\/ia-e-demissoes-estamos-criando-uma-profecia-autorrealizavel-no-mercado-de-trabalho\/#primaryimage\"},\"thumbnailUrl\":\"https:\/\/lacerdaai.com\/br\/wp-content\/uploads\/2026\/03\/imagem-41.jpg\",\"datePublished\":\"2026-03-10T23:15:28+00:00\",\"dateModified\":\"2026-03-10T23:15:30+00:00\",\"author\":{\"@id\":\"https:\/\/lacerdaai.com\/br\/#\/schema\/person\/8bad803c2e83a0c5c5c75e02a1c2248f\"},\"description\":\"Mergulhe na discuss\u00e3o sobre como a expectativa em torno da intelig\u00eancia artificial pode estar impulsionando demiss\u00f5es, mesmo antes de a tecnologia estar plenamente pronta. Entenda o verdadeiro **impacto da IA no emprego** e o futuro da for\u00e7a de trabalho.\",\"breadcrumb\":{\"@id\":\"https:\/\/lacerdaai.com\/br\/ia-e-demissoes-estamos-criando-uma-profecia-autorrealizavel-no-mercado-de-trabalho\/#breadcrumb\"},\"inLanguage\":\"pt-BR\",\"potentialAction\":[{\"@type\":\"ReadAction\",\"target\":[\"https:\/\/lacerdaai.com\/br\/ia-e-demissoes-estamos-criando-uma-profecia-autorrealizavel-no-mercado-de-trabalho\/\"]}]},{\"@type\":\"ImageObject\",\"inLanguage\":\"pt-BR\",\"@id\":\"https:\/\/lacerdaai.com\/br\/ia-e-demissoes-estamos-criando-uma-profecia-autorrealizavel-no-mercado-de-trabalho\/#primaryimage\",\"url\":\"https:\/\/lacerdaai.com\/br\/wp-content\/uploads\/2026\/03\/imagem-41.jpg\",\"contentUrl\":\"https:\/\/lacerdaai.com\/br\/wp-content\/uploads\/2026\/03\/imagem-41.jpg\",\"width\":1200,\"height\":625},{\"@type\":\"BreadcrumbList\",\"@id\":\"https:\/\/lacerdaai.com\/br\/ia-e-demissoes-estamos-criando-uma-profecia-autorrealizavel-no-mercado-de-trabalho\/#breadcrumb\",\"itemListElement\":[{\"@type\":\"ListItem\",\"position\":1,\"name\":\"In\u00edcio\",\"item\":\"https:\/\/lacerdaai.com\/br\/\"},{\"@type\":\"ListItem\",\"position\":2,\"name\":\"IA e Demiss\u00f5es: Estamos Criando uma Profecia Autorrealiz\u00e1vel no Mercado de Trabalho?\"}]},{\"@type\":\"WebSite\",\"@id\":\"https:\/\/lacerdaai.com\/br\/#website\",\"url\":\"https:\/\/lacerdaai.com\/br\/\",\"name\":\"Lacerda AI\",\"description\":\"Seu blog di\u00e1rio de novidades do mundo da Inteligencia Artificial\",\"potentialAction\":[{\"@type\":\"SearchAction\",\"target\":{\"@type\":\"EntryPoint\",\"urlTemplate\":\"https:\/\/lacerdaai.com\/br\/?s={search_term_string}\"},\"query-input\":{\"@type\":\"PropertyValueSpecification\",\"valueRequired\":true,\"valueName\":\"search_term_string\"}}],\"inLanguage\":\"pt-BR\"},{\"@type\":\"Person\",\"@id\":\"https:\/\/lacerdaai.com\/br\/#\/schema\/person\/8bad803c2e83a0c5c5c75e02a1c2248f\",\"name\":\"Andr\u00e9 Lacerda\",\"image\":{\"@type\":\"ImageObject\",\"inLanguage\":\"pt-BR\",\"@id\":\"https:\/\/lacerdaai.com\/br\/#\/schema\/person\/image\/\",\"url\":\"https:\/\/secure.gravatar.com\/avatar\/f5c1fa5ad9763f54c1f223c3fc91f131da6288c9f9e28d74bb3c355ad99af205?s=96&d=mm&r=g\",\"contentUrl\":\"https:\/\/secure.gravatar.com\/avatar\/f5c1fa5ad9763f54c1f223c3fc91f131da6288c9f9e28d74bb3c355ad99af205?s=96&d=mm&r=g\",\"caption\":\"Andr\u00e9 Lacerda\"},\"description\":\"Sou o Andr\u00e9 Lacerda, tenho 35 anos e sou apaixonado por tecnologia, intelig\u00eancia artificial e boas hist\u00f3rias. Me formei em Tecnologia e Jornalismo \u2014 sim, uma mistura meio improv\u00e1vel, mas que combina muito comigo. J\u00e1 morei no Canad\u00e1 e na Espanha, e essas experi\u00eancias me ajudaram a enxergar a inova\u00e7\u00e3o com um olhar mais global (e a me virar bem em tr\u00eas idiomas \ud83d\ude04). Trabalhei em algumas das maiores empresas de tecnologia do mercado e, hoje, atuo como consultor ajudando neg\u00f3cios a entenderem e aplicarem IA de forma pr\u00e1tica, estrat\u00e9gica e humana. Gosto de traduzir o complexo em algo simples \u2014 e \u00e9 isso que voc\u00ea vai encontrar por aqui.\",\"sameAs\":[\"http:\/\/lacerdaai.com\/br\"],\"url\":\"https:\/\/lacerdaai.com\/br\/author\/red-admin\/\"}]}<\/script>\n<!-- \/ Yoast SEO plugin. -->","yoast_head_json":{"title":"IA e Demiss\u00f5es: Estamos Criando uma Profecia Autorrealiz\u00e1vel no Mercado de Trabalho? - Lacerda AI","description":"Mergulhe na discuss\u00e3o sobre como a expectativa em torno da intelig\u00eancia artificial pode estar impulsionando demiss\u00f5es, mesmo antes de a tecnologia estar plenamente pronta. Entenda o verdadeiro **impacto da IA no emprego** e o futuro da for\u00e7a de trabalho.","robots":{"index":"index","follow":"follow","max-snippet":"max-snippet:-1","max-image-preview":"max-image-preview:large","max-video-preview":"max-video-preview:-1"},"canonical":"https:\/\/lacerdaai.com\/br\/ia-e-demissoes-estamos-criando-uma-profecia-autorrealizavel-no-mercado-de-trabalho\/","og_locale":"pt_BR","og_type":"article","og_title":"IA e Demiss\u00f5es: Estamos Criando uma Profecia Autorrealiz\u00e1vel no Mercado de Trabalho? - Lacerda AI","og_description":"Mergulhe na discuss\u00e3o sobre como a expectativa em torno da intelig\u00eancia artificial pode estar impulsionando demiss\u00f5es, mesmo antes de a tecnologia estar plenamente pronta. Entenda o verdadeiro **impacto da IA no emprego** e o futuro da for\u00e7a de trabalho.","og_url":"https:\/\/lacerdaai.com\/br\/ia-e-demissoes-estamos-criando-uma-profecia-autorrealizavel-no-mercado-de-trabalho\/","og_site_name":"Lacerda AI","article_published_time":"2026-03-10T23:15:28+00:00","article_modified_time":"2026-03-10T23:15:30+00:00","author":"Andr\u00e9 Lacerda","twitter_card":"summary_large_image","twitter_misc":{"Escrito por":"Andr\u00e9 Lacerda","Est. tempo de leitura":"10 minutos"},"schema":{"@context":"https:\/\/schema.org","@graph":[{"@type":"WebPage","@id":"https:\/\/lacerdaai.com\/br\/ia-e-demissoes-estamos-criando-uma-profecia-autorrealizavel-no-mercado-de-trabalho\/","url":"https:\/\/lacerdaai.com\/br\/ia-e-demissoes-estamos-criando-uma-profecia-autorrealizavel-no-mercado-de-trabalho\/","name":"IA e Demiss\u00f5es: Estamos Criando uma Profecia Autorrealiz\u00e1vel no Mercado de Trabalho? - Lacerda AI","isPartOf":{"@id":"https:\/\/lacerdaai.com\/br\/#website"},"primaryImageOfPage":{"@id":"https:\/\/lacerdaai.com\/br\/ia-e-demissoes-estamos-criando-uma-profecia-autorrealizavel-no-mercado-de-trabalho\/#primaryimage"},"image":{"@id":"https:\/\/lacerdaai.com\/br\/ia-e-demissoes-estamos-criando-uma-profecia-autorrealizavel-no-mercado-de-trabalho\/#primaryimage"},"thumbnailUrl":"https:\/\/lacerdaai.com\/br\/wp-content\/uploads\/2026\/03\/imagem-41.jpg","datePublished":"2026-03-10T23:15:28+00:00","dateModified":"2026-03-10T23:15:30+00:00","author":{"@id":"https:\/\/lacerdaai.com\/br\/#\/schema\/person\/8bad803c2e83a0c5c5c75e02a1c2248f"},"description":"Mergulhe na discuss\u00e3o sobre como a expectativa em torno da intelig\u00eancia artificial pode estar impulsionando demiss\u00f5es, mesmo antes de a tecnologia estar plenamente pronta. Entenda o verdadeiro **impacto da IA no emprego** e o futuro da for\u00e7a de trabalho.","breadcrumb":{"@id":"https:\/\/lacerdaai.com\/br\/ia-e-demissoes-estamos-criando-uma-profecia-autorrealizavel-no-mercado-de-trabalho\/#breadcrumb"},"inLanguage":"pt-BR","potentialAction":[{"@type":"ReadAction","target":["https:\/\/lacerdaai.com\/br\/ia-e-demissoes-estamos-criando-uma-profecia-autorrealizavel-no-mercado-de-trabalho\/"]}]},{"@type":"ImageObject","inLanguage":"pt-BR","@id":"https:\/\/lacerdaai.com\/br\/ia-e-demissoes-estamos-criando-uma-profecia-autorrealizavel-no-mercado-de-trabalho\/#primaryimage","url":"https:\/\/lacerdaai.com\/br\/wp-content\/uploads\/2026\/03\/imagem-41.jpg","contentUrl":"https:\/\/lacerdaai.com\/br\/wp-content\/uploads\/2026\/03\/imagem-41.jpg","width":1200,"height":625},{"@type":"BreadcrumbList","@id":"https:\/\/lacerdaai.com\/br\/ia-e-demissoes-estamos-criando-uma-profecia-autorrealizavel-no-mercado-de-trabalho\/#breadcrumb","itemListElement":[{"@type":"ListItem","position":1,"name":"In\u00edcio","item":"https:\/\/lacerdaai.com\/br\/"},{"@type":"ListItem","position":2,"name":"IA e Demiss\u00f5es: Estamos Criando uma Profecia Autorrealiz\u00e1vel no Mercado de Trabalho?"}]},{"@type":"WebSite","@id":"https:\/\/lacerdaai.com\/br\/#website","url":"https:\/\/lacerdaai.com\/br\/","name":"Lacerda AI","description":"Seu blog di\u00e1rio de novidades do mundo da Inteligencia Artificial","potentialAction":[{"@type":"SearchAction","target":{"@type":"EntryPoint","urlTemplate":"https:\/\/lacerdaai.com\/br\/?s={search_term_string}"},"query-input":{"@type":"PropertyValueSpecification","valueRequired":true,"valueName":"search_term_string"}}],"inLanguage":"pt-BR"},{"@type":"Person","@id":"https:\/\/lacerdaai.com\/br\/#\/schema\/person\/8bad803c2e83a0c5c5c75e02a1c2248f","name":"Andr\u00e9 Lacerda","image":{"@type":"ImageObject","inLanguage":"pt-BR","@id":"https:\/\/lacerdaai.com\/br\/#\/schema\/person\/image\/","url":"https:\/\/secure.gravatar.com\/avatar\/f5c1fa5ad9763f54c1f223c3fc91f131da6288c9f9e28d74bb3c355ad99af205?s=96&d=mm&r=g","contentUrl":"https:\/\/secure.gravatar.com\/avatar\/f5c1fa5ad9763f54c1f223c3fc91f131da6288c9f9e28d74bb3c355ad99af205?s=96&d=mm&r=g","caption":"Andr\u00e9 Lacerda"},"description":"Sou o Andr\u00e9 Lacerda, tenho 35 anos e sou apaixonado por tecnologia, intelig\u00eancia artificial e boas hist\u00f3rias. Me formei em Tecnologia e Jornalismo \u2014 sim, uma mistura meio improv\u00e1vel, mas que combina muito comigo. J\u00e1 morei no Canad\u00e1 e na Espanha, e essas experi\u00eancias me ajudaram a enxergar a inova\u00e7\u00e3o com um olhar mais global (e a me virar bem em tr\u00eas idiomas \ud83d\ude04). Trabalhei em algumas das maiores empresas de tecnologia do mercado e, hoje, atuo como consultor ajudando neg\u00f3cios a entenderem e aplicarem IA de forma pr\u00e1tica, estrat\u00e9gica e humana. Gosto de traduzir o complexo em algo simples \u2014 e \u00e9 isso que voc\u00ea vai encontrar por aqui.","sameAs":["http:\/\/lacerdaai.com\/br"],"url":"https:\/\/lacerdaai.com\/br\/author\/red-admin\/"}]}},"_links":{"self":[{"href":"https:\/\/lacerdaai.com\/br\/wp-json\/wp\/v2\/posts\/3923","targetHints":{"allow":["GET"]}}],"collection":[{"href":"https:\/\/lacerdaai.com\/br\/wp-json\/wp\/v2\/posts"}],"about":[{"href":"https:\/\/lacerdaai.com\/br\/wp-json\/wp\/v2\/types\/post"}],"author":[{"embeddable":true,"href":"https:\/\/lacerdaai.com\/br\/wp-json\/wp\/v2\/users\/1"}],"replies":[{"embeddable":true,"href":"https:\/\/lacerdaai.com\/br\/wp-json\/wp\/v2\/comments?post=3923"}],"version-history":[{"count":1,"href":"https:\/\/lacerdaai.com\/br\/wp-json\/wp\/v2\/posts\/3923\/revisions"}],"predecessor-version":[{"id":3924,"href":"https:\/\/lacerdaai.com\/br\/wp-json\/wp\/v2\/posts\/3923\/revisions\/3924"}],"wp:featuredmedia":[{"embeddable":true,"href":"https:\/\/lacerdaai.com\/br\/wp-json\/wp\/v2\/media\/3922"}],"wp:attachment":[{"href":"https:\/\/lacerdaai.com\/br\/wp-json\/wp\/v2\/media?parent=3923"}],"wp:term":[{"taxonomy":"category","embeddable":true,"href":"https:\/\/lacerdaai.com\/br\/wp-json\/wp\/v2\/categories?post=3923"},{"taxonomy":"post_tag","embeddable":true,"href":"https:\/\/lacerdaai.com\/br\/wp-json\/wp\/v2\/tags?post=3923"}],"curies":[{"name":"wp","href":"https:\/\/api.w.org\/{rel}","templated":true}]}}