{"id":3929,"date":"2026-03-11T04:15:33","date_gmt":"2026-03-11T07:15:33","guid":{"rendered":"https:\/\/lacerdaai.com\/br\/ia-e-a-luta-pela-seguranca-online-para-criancas-um-grito-urgente-dos-pais\/"},"modified":"2026-03-11T04:15:34","modified_gmt":"2026-03-11T07:15:34","slug":"ia-e-a-luta-pela-seguranca-online-para-criancas-um-grito-urgente-dos-pais","status":"publish","type":"post","link":"https:\/\/lacerdaai.com\/br\/ia-e-a-luta-pela-seguranca-online-para-criancas-um-grito-urgente-dos-pais\/","title":{"rendered":"IA e a Luta pela Seguran\u00e7a Online para Crian\u00e7as: Um Grito Urgente dos Pais"},"content":{"rendered":"<p>A era digital, impulsionada por avan\u00e7os tecnol\u00f3gicos sem precedentes, trouxe consigo uma dualidade fascinante: de um lado, a promessa de inova\u00e7\u00e3o, conectividade e conhecimento ilimitado; do outro, desafios complexos e riscos invis\u00edveis, especialmente para os mais jovens. Nos \u00faltimos anos, \u00e0 medida que a intelig\u00eancia artificial (IA) se integra cada vez mais ao nosso cotidiano \u2013 desde assistentes virtuais at\u00e9 algoritmos de recomenda\u00e7\u00e3o em redes sociais \u2013, um novo e preocupante cen\u00e1rio emerge, reacendendo um debate crucial: o da prote\u00e7\u00e3o de crian\u00e7as e adolescentes no ambiente online.<\/p>\n<p>Pais ao redor do mundo, antes preocupados principalmente com o impacto das redes sociais, agora se veem diante de uma nova onda de apreens\u00f5es. Eles acusam os chatbots de IA e as plataformas digitais de contribu\u00edrem para trag\u00e9dias pessoais, somando-se a um coro crescente de vozes que clamam por regulamenta\u00e7\u00e3o e melhores salvaguardas. Este artigo mergulha nesse movimento, explorando as complexidades da IA e da m\u00eddia social, os perigos que elas representam para a inf\u00e2ncia e adolesc\u00eancia, e a busca incans\u00e1vel por um futuro digital mais seguro para nossas crian\u00e7as.<\/p>\n<h2><strong>Seguran\u00e7a online para crian\u00e7as<\/strong>: A Nova Fronteira da Prote\u00e7\u00e3o Digital<\/h2>\n<p>O luto \u00e9 um processo doloroso, mas quando ele \u00e9 acompanhado pela sensa\u00e7\u00e3o de que uma trag\u00e9dia poderia ter sido evitada, o peso se torna insuport\u00e1vel. \u00c9 esse sentimento que impulsiona um n\u00famero crescente de pais a se tornarem ativistas, responsabilizando n\u00e3o apenas as redes sociais, mas agora tamb\u00e9m os chatbots de intelig\u00eancia artificial pela perda de seus filhos. A dor \u00e9 imensa e as perguntas se acumulam: como a tecnologia, criada para conectar e inovar, pode se tornar um vetor de sofrimento t\u00e3o profundo?<\/p>\n<p>Essa nova frente de batalha se soma a um movimento j\u00e1 existente de fam\u00edlias que buscam responsabiliza\u00e7\u00e3o por mortes relacionadas a cyberbullying, exposi\u00e7\u00e3o a conte\u00fado nocivo e v\u00edcio em m\u00eddias sociais. A chegada da IA generativa, com sua capacidade de criar conte\u00fado hiper-realista e intera\u00e7\u00f5es cada vez mais sofisticadas, adicionou camadas de complexidade e perigo a um ambiente j\u00e1 fragilizado. Chatbots que podem simular amizades, oferecer conselhos (nem sempre seguros) ou at\u00e9 mesmo perpetuar narrativas prejudiciais, representam uma amea\u00e7a particular para mentes em desenvolvimento, que podem ter dificuldade em discernir a realidade da fic\u00e7\u00e3o ou a inten\u00e7\u00e3o por tr\u00e1s de uma intera\u00e7\u00e3o artificial.<\/p>\n<p>O que antes era um problema de algoritmos de recomenda\u00e7\u00e3o empurrando conte\u00fado question\u00e1vel, agora se expande para intera\u00e7\u00f5es diretas e personalizadas com sistemas de IA. Imagine um adolescente buscando apoio online e encontrando um chatbot que, em vez de oferecer ajuda profissional, refor\u00e7a pensamentos negativos ou sugere a\u00e7\u00f5es perigosas. Embora as empresas de IA implementem salvaguardas e filtros, a velocidade da inova\u00e7\u00e3o e a engenhosidade do usu\u00e1rio (ou mesmo falhas intr\u00ednsecas no design) podem criar brechas perigosas. A luta pela <strong>seguran\u00e7a online para crian\u00e7as<\/strong> n\u00e3o \u00e9 mais apenas sobre conte\u00fado passivo, mas sobre intera\u00e7\u00f5es ativas e a influ\u00eancia sutil, por\u00e9m poderosa, da IA.<\/p>\n<h2>IA, Redes Sociais e o Impacto na Vulnerabilidade Infantil<\/h2>\n<p>As redes sociais j\u00e1 s\u00e3o um campo minado para a sa\u00fade mental e o desenvolvimento de crian\u00e7as e adolescentes. Estudos e relatos de especialistas, como psic\u00f3logos infantis e neurocientistas, t\u00eam demonstrado a correla\u00e7\u00e3o entre o uso excessivo de plataformas digitais e o aumento de casos de ansiedade, depress\u00e3o, problemas de autoimagem e dist\u00farbios alimentares entre os jovens. A busca incessante por valida\u00e7\u00e3o, a compara\u00e7\u00e3o social e a cultura da perfei\u00e7\u00e3o contribuem para um ambiente de press\u00e3o constante. Agora, a IA intensifica esses efeitos de maneiras que mal come\u00e7amos a compreender.<\/p>\n<p>Os algoritmos de IA s\u00e3o projetados para maximizar o engajamento, aprendendo sobre as prefer\u00eancias de cada usu\u00e1rio para apresentar conte\u00fado cada vez mais personalizado. Para um adulto, isso pode significar recomenda\u00e7\u00f5es de filmes ou produtos; para um adolescente, pode significar a exposi\u00e7\u00e3o cont\u00ednua a ideais de beleza inating\u00edveis, dietas perigosas, ou at\u00e9 mesmo grupos que promovem automutila\u00e7\u00e3o ou ideologias extremistas. A IA n\u00e3o \u201centende\u201d o impacto emocional ou psicol\u00f3gico de suas recomenda\u00e7\u00f5es; ela simplesmente otimiza para m\u00e9tricas de engajamento, muitas vezes em detrimento do bem-estar.<\/p>\n<p>Al\u00e9m disso, a crescente sofistica\u00e7\u00e3o dos chatbots e dos geradores de conte\u00fado visual e textual permite a cria\u00e7\u00e3o de materiais que podem ser usados para cyberbullying mais eficaz, dissemina\u00e7\u00e3o de desinforma\u00e7\u00e3o altamente convincente (deepfakes, fake news geradas por IA), ou at\u00e9 mesmo a explora\u00e7\u00e3o infantil, com a cria\u00e7\u00e3o de personas ou cen\u00e1rios perigosos. A linha entre o real e o artificial se torna t\u00eanue, e a capacidade de discernimento das crian\u00e7as \u00e9 testada ao limite. A aus\u00eancia de uma figura adulta para guiar essas intera\u00e7\u00f5es pode levar a consequ\u00eancias devastadoras. \u00c9 um dilema \u00e9tico e t\u00e9cnico que exige uma abordagem multifacetada, envolvendo n\u00e3o s\u00f3 a tecnologia em si, mas tamb\u00e9m a educa\u00e7\u00e3o, a fam\u00edlia e a legisla\u00e7\u00e3o. A discuss\u00e3o sobre a <strong>seguran\u00e7a online para crian\u00e7as<\/strong> precisa incluir uma an\u00e1lise aprofundada da intera\u00e7\u00e3o entre IA, desenvolvimento cognitivo e emocional dos jovens.<\/p>\n<h2>Desafios e Solu\u00e7\u00f5es: Rumo a um Futuro Digital Mais Seguro para Nossos Filhos<\/h2>\n<p>Diante desse cen\u00e1rio complexo, a quest\u00e3o que se imp\u00f5e \u00e9: como podemos criar um ambiente digital que seja ao mesmo tempo inovador e seguro para as crian\u00e7as? A resposta n\u00e3o \u00e9 simples, exigindo uma colabora\u00e7\u00e3o sem precedentes entre governos, empresas de tecnologia, educadores e pais. N\u00e3o se trata de frear o avan\u00e7o tecnol\u00f3gico, mas de mold\u00e1-lo com responsabilidade e \u00e9tica.<\/p>\n<p>Do ponto de vista legislativo, diversos pa\u00edses j\u00e1 est\u00e3o debatendo e implementando leis mais r\u00edgidas. A exig\u00eancia de verifica\u00e7\u00e3o de idade robusta, a cria\u00e7\u00e3o de padr\u00f5es de design que priorizem a seguran\u00e7a e o bem-estar infantil (o conceito de \u201csafety by design\u201d), e a responsabiliza\u00e7\u00e3o legal das plataformas por conte\u00fado nocivo s\u00e3o algumas das propostas. A Uni\u00e3o Europeia, por exemplo, tem sido pioneira com o Regulamento Geral de Prote\u00e7\u00e3o de Dados (GDPR) e o Ato de Servi\u00e7os Digitais (DSA), que buscam equilibrar a inova\u00e7\u00e3o com a prote\u00e7\u00e3o dos direitos fundamentais dos usu\u00e1rios, incluindo os menores. No Brasil, o debate sobre o Marco Civil da Internet e projetos de lei sobre fake news tamb\u00e9m tangenciam a prote\u00e7\u00e3o infantil.<\/p>\n<p>As empresas de tecnologia, por sua vez, carregam uma responsabilidade imensa. O desenvolvimento de IA deve ser guiado por princ\u00edpios \u00e9ticos rigorosos, com testes exaustivos para identificar e mitigar vieses ou comportamentos prejudiciais. A transpar\u00eancia nos algoritmos, controles parentais mais eficazes e acess\u00edveis, e a modera\u00e7\u00e3o de conte\u00fado proativa e baseada em IA (com supervis\u00e3o humana) s\u00e3o essenciais. Al\u00e9m disso, investir em pesquisa sobre o impacto da IA na sa\u00fade mental infantil e colaborar com especialistas em desenvolvimento infantil pode fornecer insights cruciais para a cria\u00e7\u00e3o de produtos mais seguros. O foco n\u00e3o deve ser apenas na inova\u00e7\u00e3o e lucro, mas tamb\u00e9m no impacto social e no bem-estar do usu\u00e1rio, especialmente o mais vulner\u00e1vel.<\/p>\n<p>E os pais? Seu papel \u00e9 mais cr\u00edtico do que nunca. A literacia digital para crian\u00e7as e adultos \u00e9 fundamental. Isso significa educar os filhos sobre os riscos online, ensin\u00e1-los a identificar desinforma\u00e7\u00e3o, a proteger sua privacidade e a buscar ajuda quando necess\u00e1rio. Estabelecer limites claros para o tempo de tela, usar ferramentas de controle parental e, acima de tudo, manter um di\u00e1logo aberto e cont\u00ednuo com os filhos sobre suas experi\u00eancias online, s\u00e3o medidas indispens\u00e1veis. N\u00e3o se trata de proibir a tecnologia, mas de ensin\u00e1-los a navegar nela com sabedoria e seguran\u00e7a. A <strong>seguran\u00e7a online para crian\u00e7as<\/strong> \u00e9 uma constru\u00e7\u00e3o coletiva, que come\u00e7a em casa e se estende por toda a sociedade.<\/p>\n<p>Organiza\u00e7\u00f5es n\u00e3o governamentais e institui\u00e7\u00f5es de ensino tamb\u00e9m desempenham um papel vital na conscientiza\u00e7\u00e3o e no desenvolvimento de recursos educacionais. Programas que ensinam pensamento cr\u00edtico e cidadania digital para crian\u00e7as desde cedo podem capacit\u00e1-las a tomar decis\u00f5es mais seguras e conscientes no ambiente online. A colabora\u00e7\u00e3o internacional tamb\u00e9m \u00e9 crucial, pois a internet n\u00e3o tem fronteiras e os desafios de seguran\u00e7a digital s\u00e3o globais. \u00c9 um esfor\u00e7o cont\u00ednuo para garantir que a pr\u00f3xima gera\u00e7\u00e3o possa colher os benef\u00edcios da IA sem ser v\u00edtima de seus riscos.<\/p>\n<p>A ascens\u00e3o da intelig\u00eancia artificial representa um divisor de \u00e1guas na nossa rela\u00e7\u00e3o com a tecnologia. Para as crian\u00e7as e adolescentes, essa revolu\u00e7\u00e3o traz tanto um potencial imenso de aprendizado e criatividade quanto riscos sem precedentes \u00e0 sua seguran\u00e7a e bem-estar. O grito de alerta dos pais, infelizmente forjado na dor da perda, serve como um poderoso lembrete de que a inova\u00e7\u00e3o tecnol\u00f3gica, por mais brilhante que seja, n\u00e3o pode se sobrepor \u00e0 responsabilidade social e \u00e9tica.<\/p>\n<p>Construir um futuro digital onde a IA seja uma aliada no desenvolvimento infantil, e n\u00e3o uma amea\u00e7a, exige um compromisso inabal\u00e1vel de todos os setores da sociedade. \u00c9 um convite \u00e0 a\u00e7\u00e3o, \u00e0 reflex\u00e3o e \u00e0 colabora\u00e7\u00e3o para que possamos proteger a inf\u00e2ncia, garantindo que as futuras gera\u00e7\u00f5es possam crescer em um ambiente online que promova a sa\u00fade, a felicidade e a seguran\u00e7a, honrando a mem\u00f3ria daqueles que j\u00e1 se foram e garantindo um legado de prote\u00e7\u00e3o para todos. A luta pela <strong>seguran\u00e7a online para crian\u00e7as<\/strong> \u00e9, afinal, uma luta pelo futuro da nossa humanidade.<\/p>\n","protected":false},"excerpt":{"rendered":"<p>A era digital, impulsionada por avan\u00e7os tecnol\u00f3gicos sem precedentes, trouxe consigo uma dualidade fascinante: de um lado, a promessa de inova\u00e7\u00e3o, conectividade e conhecimento ilimitado; do outro, desafios complexos e riscos invis\u00edveis, especialmente para os mais jovens. Nos \u00faltimos anos, \u00e0 medida que a intelig\u00eancia artificial (IA) se integra cada vez mais ao nosso cotidiano [&hellip;]<\/p>\n","protected":false},"author":1,"featured_media":3928,"comment_status":"open","ping_status":"open","sticky":false,"template":"","format":"standard","meta":{"_yoast_wpseo_focuskw":"seguran\u00e7a online para crian\u00e7as","_yoast_wpseo_metadesc":"Explore como a intelig\u00eancia artificial e as redes sociais est\u00e3o moldando a experi\u00eancia digital de crian\u00e7as e adolescentes. Pais se unem em um movimento crescente por maior prote\u00e7\u00e3o e bem-estar online.","footnotes":""},"categories":[2],"tags":[],"class_list":["post-3929","post","type-post","status-publish","format-standard","has-post-thumbnail","hentry","category-novidades"],"yoast_head":"<!-- This site is optimized with the Yoast SEO plugin v25.6 - https:\/\/yoast.com\/wordpress\/plugins\/seo\/ -->\n<title>IA e a Luta pela Seguran\u00e7a Online para Crian\u00e7as: Um Grito Urgente dos Pais - Lacerda AI<\/title>\n<meta name=\"description\" content=\"Explore como a intelig\u00eancia artificial e as redes sociais est\u00e3o moldando a experi\u00eancia digital de crian\u00e7as e adolescentes. Pais se unem em um movimento crescente por maior prote\u00e7\u00e3o e bem-estar online.\" \/>\n<meta name=\"robots\" content=\"index, follow, max-snippet:-1, max-image-preview:large, max-video-preview:-1\" \/>\n<link rel=\"canonical\" href=\"https:\/\/lacerdaai.com\/br\/ia-e-a-luta-pela-seguranca-online-para-criancas-um-grito-urgente-dos-pais\/\" \/>\n<meta property=\"og:locale\" content=\"pt_BR\" \/>\n<meta property=\"og:type\" content=\"article\" \/>\n<meta property=\"og:title\" content=\"IA e a Luta pela Seguran\u00e7a Online para Crian\u00e7as: Um Grito Urgente dos Pais - Lacerda AI\" \/>\n<meta property=\"og:description\" content=\"Explore como a intelig\u00eancia artificial e as redes sociais est\u00e3o moldando a experi\u00eancia digital de crian\u00e7as e adolescentes. Pais se unem em um movimento crescente por maior prote\u00e7\u00e3o e bem-estar online.\" \/>\n<meta property=\"og:url\" content=\"https:\/\/lacerdaai.com\/br\/ia-e-a-luta-pela-seguranca-online-para-criancas-um-grito-urgente-dos-pais\/\" \/>\n<meta property=\"og:site_name\" content=\"Lacerda AI\" \/>\n<meta property=\"article:published_time\" content=\"2026-03-11T07:15:33+00:00\" \/>\n<meta property=\"article:modified_time\" content=\"2026-03-11T07:15:34+00:00\" \/>\n<meta name=\"author\" content=\"Andr\u00e9 Lacerda\" \/>\n<meta name=\"twitter:card\" content=\"summary_large_image\" \/>\n<meta name=\"twitter:label1\" content=\"Escrito por\" \/>\n\t<meta name=\"twitter:data1\" content=\"Andr\u00e9 Lacerda\" \/>\n\t<meta name=\"twitter:label2\" content=\"Est. tempo de leitura\" \/>\n\t<meta name=\"twitter:data2\" content=\"8 minutos\" \/>\n<script type=\"application\/ld+json\" class=\"yoast-schema-graph\">{\"@context\":\"https:\/\/schema.org\",\"@graph\":[{\"@type\":\"WebPage\",\"@id\":\"https:\/\/lacerdaai.com\/br\/ia-e-a-luta-pela-seguranca-online-para-criancas-um-grito-urgente-dos-pais\/\",\"url\":\"https:\/\/lacerdaai.com\/br\/ia-e-a-luta-pela-seguranca-online-para-criancas-um-grito-urgente-dos-pais\/\",\"name\":\"IA e a Luta pela Seguran\u00e7a Online para Crian\u00e7as: Um Grito Urgente dos Pais - Lacerda AI\",\"isPartOf\":{\"@id\":\"https:\/\/lacerdaai.com\/br\/#website\"},\"primaryImageOfPage\":{\"@id\":\"https:\/\/lacerdaai.com\/br\/ia-e-a-luta-pela-seguranca-online-para-criancas-um-grito-urgente-dos-pais\/#primaryimage\"},\"image\":{\"@id\":\"https:\/\/lacerdaai.com\/br\/ia-e-a-luta-pela-seguranca-online-para-criancas-um-grito-urgente-dos-pais\/#primaryimage\"},\"thumbnailUrl\":\"https:\/\/lacerdaai.com\/br\/wp-content\/uploads\/2026\/03\/imagem-43.jpg\",\"datePublished\":\"2026-03-11T07:15:33+00:00\",\"dateModified\":\"2026-03-11T07:15:34+00:00\",\"author\":{\"@id\":\"https:\/\/lacerdaai.com\/br\/#\/schema\/person\/8bad803c2e83a0c5c5c75e02a1c2248f\"},\"description\":\"Explore como a intelig\u00eancia artificial e as redes sociais est\u00e3o moldando a experi\u00eancia digital de crian\u00e7as e adolescentes. Pais se unem em um movimento crescente por maior prote\u00e7\u00e3o e bem-estar online.\",\"breadcrumb\":{\"@id\":\"https:\/\/lacerdaai.com\/br\/ia-e-a-luta-pela-seguranca-online-para-criancas-um-grito-urgente-dos-pais\/#breadcrumb\"},\"inLanguage\":\"pt-BR\",\"potentialAction\":[{\"@type\":\"ReadAction\",\"target\":[\"https:\/\/lacerdaai.com\/br\/ia-e-a-luta-pela-seguranca-online-para-criancas-um-grito-urgente-dos-pais\/\"]}]},{\"@type\":\"ImageObject\",\"inLanguage\":\"pt-BR\",\"@id\":\"https:\/\/lacerdaai.com\/br\/ia-e-a-luta-pela-seguranca-online-para-criancas-um-grito-urgente-dos-pais\/#primaryimage\",\"url\":\"https:\/\/lacerdaai.com\/br\/wp-content\/uploads\/2026\/03\/imagem-43.jpg\",\"contentUrl\":\"https:\/\/lacerdaai.com\/br\/wp-content\/uploads\/2026\/03\/imagem-43.jpg\",\"width\":1600,\"height\":900},{\"@type\":\"BreadcrumbList\",\"@id\":\"https:\/\/lacerdaai.com\/br\/ia-e-a-luta-pela-seguranca-online-para-criancas-um-grito-urgente-dos-pais\/#breadcrumb\",\"itemListElement\":[{\"@type\":\"ListItem\",\"position\":1,\"name\":\"In\u00edcio\",\"item\":\"https:\/\/lacerdaai.com\/br\/\"},{\"@type\":\"ListItem\",\"position\":2,\"name\":\"IA e a Luta pela Seguran\u00e7a Online para Crian\u00e7as: Um Grito Urgente dos Pais\"}]},{\"@type\":\"WebSite\",\"@id\":\"https:\/\/lacerdaai.com\/br\/#website\",\"url\":\"https:\/\/lacerdaai.com\/br\/\",\"name\":\"Lacerda AI\",\"description\":\"Seu blog di\u00e1rio de novidades do mundo da Inteligencia Artificial\",\"potentialAction\":[{\"@type\":\"SearchAction\",\"target\":{\"@type\":\"EntryPoint\",\"urlTemplate\":\"https:\/\/lacerdaai.com\/br\/?s={search_term_string}\"},\"query-input\":{\"@type\":\"PropertyValueSpecification\",\"valueRequired\":true,\"valueName\":\"search_term_string\"}}],\"inLanguage\":\"pt-BR\"},{\"@type\":\"Person\",\"@id\":\"https:\/\/lacerdaai.com\/br\/#\/schema\/person\/8bad803c2e83a0c5c5c75e02a1c2248f\",\"name\":\"Andr\u00e9 Lacerda\",\"image\":{\"@type\":\"ImageObject\",\"inLanguage\":\"pt-BR\",\"@id\":\"https:\/\/lacerdaai.com\/br\/#\/schema\/person\/image\/\",\"url\":\"https:\/\/secure.gravatar.com\/avatar\/f5c1fa5ad9763f54c1f223c3fc91f131da6288c9f9e28d74bb3c355ad99af205?s=96&d=mm&r=g\",\"contentUrl\":\"https:\/\/secure.gravatar.com\/avatar\/f5c1fa5ad9763f54c1f223c3fc91f131da6288c9f9e28d74bb3c355ad99af205?s=96&d=mm&r=g\",\"caption\":\"Andr\u00e9 Lacerda\"},\"description\":\"Sou o Andr\u00e9 Lacerda, tenho 35 anos e sou apaixonado por tecnologia, intelig\u00eancia artificial e boas hist\u00f3rias. Me formei em Tecnologia e Jornalismo \u2014 sim, uma mistura meio improv\u00e1vel, mas que combina muito comigo. J\u00e1 morei no Canad\u00e1 e na Espanha, e essas experi\u00eancias me ajudaram a enxergar a inova\u00e7\u00e3o com um olhar mais global (e a me virar bem em tr\u00eas idiomas \ud83d\ude04). Trabalhei em algumas das maiores empresas de tecnologia do mercado e, hoje, atuo como consultor ajudando neg\u00f3cios a entenderem e aplicarem IA de forma pr\u00e1tica, estrat\u00e9gica e humana. Gosto de traduzir o complexo em algo simples \u2014 e \u00e9 isso que voc\u00ea vai encontrar por aqui.\",\"sameAs\":[\"http:\/\/lacerdaai.com\/br\"],\"url\":\"https:\/\/lacerdaai.com\/br\/author\/red-admin\/\"}]}<\/script>\n<!-- \/ Yoast SEO plugin. -->","yoast_head_json":{"title":"IA e a Luta pela Seguran\u00e7a Online para Crian\u00e7as: Um Grito Urgente dos Pais - Lacerda AI","description":"Explore como a intelig\u00eancia artificial e as redes sociais est\u00e3o moldando a experi\u00eancia digital de crian\u00e7as e adolescentes. Pais se unem em um movimento crescente por maior prote\u00e7\u00e3o e bem-estar online.","robots":{"index":"index","follow":"follow","max-snippet":"max-snippet:-1","max-image-preview":"max-image-preview:large","max-video-preview":"max-video-preview:-1"},"canonical":"https:\/\/lacerdaai.com\/br\/ia-e-a-luta-pela-seguranca-online-para-criancas-um-grito-urgente-dos-pais\/","og_locale":"pt_BR","og_type":"article","og_title":"IA e a Luta pela Seguran\u00e7a Online para Crian\u00e7as: Um Grito Urgente dos Pais - Lacerda AI","og_description":"Explore como a intelig\u00eancia artificial e as redes sociais est\u00e3o moldando a experi\u00eancia digital de crian\u00e7as e adolescentes. Pais se unem em um movimento crescente por maior prote\u00e7\u00e3o e bem-estar online.","og_url":"https:\/\/lacerdaai.com\/br\/ia-e-a-luta-pela-seguranca-online-para-criancas-um-grito-urgente-dos-pais\/","og_site_name":"Lacerda AI","article_published_time":"2026-03-11T07:15:33+00:00","article_modified_time":"2026-03-11T07:15:34+00:00","author":"Andr\u00e9 Lacerda","twitter_card":"summary_large_image","twitter_misc":{"Escrito por":"Andr\u00e9 Lacerda","Est. tempo de leitura":"8 minutos"},"schema":{"@context":"https:\/\/schema.org","@graph":[{"@type":"WebPage","@id":"https:\/\/lacerdaai.com\/br\/ia-e-a-luta-pela-seguranca-online-para-criancas-um-grito-urgente-dos-pais\/","url":"https:\/\/lacerdaai.com\/br\/ia-e-a-luta-pela-seguranca-online-para-criancas-um-grito-urgente-dos-pais\/","name":"IA e a Luta pela Seguran\u00e7a Online para Crian\u00e7as: Um Grito Urgente dos Pais - Lacerda AI","isPartOf":{"@id":"https:\/\/lacerdaai.com\/br\/#website"},"primaryImageOfPage":{"@id":"https:\/\/lacerdaai.com\/br\/ia-e-a-luta-pela-seguranca-online-para-criancas-um-grito-urgente-dos-pais\/#primaryimage"},"image":{"@id":"https:\/\/lacerdaai.com\/br\/ia-e-a-luta-pela-seguranca-online-para-criancas-um-grito-urgente-dos-pais\/#primaryimage"},"thumbnailUrl":"https:\/\/lacerdaai.com\/br\/wp-content\/uploads\/2026\/03\/imagem-43.jpg","datePublished":"2026-03-11T07:15:33+00:00","dateModified":"2026-03-11T07:15:34+00:00","author":{"@id":"https:\/\/lacerdaai.com\/br\/#\/schema\/person\/8bad803c2e83a0c5c5c75e02a1c2248f"},"description":"Explore como a intelig\u00eancia artificial e as redes sociais est\u00e3o moldando a experi\u00eancia digital de crian\u00e7as e adolescentes. Pais se unem em um movimento crescente por maior prote\u00e7\u00e3o e bem-estar online.","breadcrumb":{"@id":"https:\/\/lacerdaai.com\/br\/ia-e-a-luta-pela-seguranca-online-para-criancas-um-grito-urgente-dos-pais\/#breadcrumb"},"inLanguage":"pt-BR","potentialAction":[{"@type":"ReadAction","target":["https:\/\/lacerdaai.com\/br\/ia-e-a-luta-pela-seguranca-online-para-criancas-um-grito-urgente-dos-pais\/"]}]},{"@type":"ImageObject","inLanguage":"pt-BR","@id":"https:\/\/lacerdaai.com\/br\/ia-e-a-luta-pela-seguranca-online-para-criancas-um-grito-urgente-dos-pais\/#primaryimage","url":"https:\/\/lacerdaai.com\/br\/wp-content\/uploads\/2026\/03\/imagem-43.jpg","contentUrl":"https:\/\/lacerdaai.com\/br\/wp-content\/uploads\/2026\/03\/imagem-43.jpg","width":1600,"height":900},{"@type":"BreadcrumbList","@id":"https:\/\/lacerdaai.com\/br\/ia-e-a-luta-pela-seguranca-online-para-criancas-um-grito-urgente-dos-pais\/#breadcrumb","itemListElement":[{"@type":"ListItem","position":1,"name":"In\u00edcio","item":"https:\/\/lacerdaai.com\/br\/"},{"@type":"ListItem","position":2,"name":"IA e a Luta pela Seguran\u00e7a Online para Crian\u00e7as: Um Grito Urgente dos Pais"}]},{"@type":"WebSite","@id":"https:\/\/lacerdaai.com\/br\/#website","url":"https:\/\/lacerdaai.com\/br\/","name":"Lacerda AI","description":"Seu blog di\u00e1rio de novidades do mundo da Inteligencia Artificial","potentialAction":[{"@type":"SearchAction","target":{"@type":"EntryPoint","urlTemplate":"https:\/\/lacerdaai.com\/br\/?s={search_term_string}"},"query-input":{"@type":"PropertyValueSpecification","valueRequired":true,"valueName":"search_term_string"}}],"inLanguage":"pt-BR"},{"@type":"Person","@id":"https:\/\/lacerdaai.com\/br\/#\/schema\/person\/8bad803c2e83a0c5c5c75e02a1c2248f","name":"Andr\u00e9 Lacerda","image":{"@type":"ImageObject","inLanguage":"pt-BR","@id":"https:\/\/lacerdaai.com\/br\/#\/schema\/person\/image\/","url":"https:\/\/secure.gravatar.com\/avatar\/f5c1fa5ad9763f54c1f223c3fc91f131da6288c9f9e28d74bb3c355ad99af205?s=96&d=mm&r=g","contentUrl":"https:\/\/secure.gravatar.com\/avatar\/f5c1fa5ad9763f54c1f223c3fc91f131da6288c9f9e28d74bb3c355ad99af205?s=96&d=mm&r=g","caption":"Andr\u00e9 Lacerda"},"description":"Sou o Andr\u00e9 Lacerda, tenho 35 anos e sou apaixonado por tecnologia, intelig\u00eancia artificial e boas hist\u00f3rias. Me formei em Tecnologia e Jornalismo \u2014 sim, uma mistura meio improv\u00e1vel, mas que combina muito comigo. J\u00e1 morei no Canad\u00e1 e na Espanha, e essas experi\u00eancias me ajudaram a enxergar a inova\u00e7\u00e3o com um olhar mais global (e a me virar bem em tr\u00eas idiomas \ud83d\ude04). Trabalhei em algumas das maiores empresas de tecnologia do mercado e, hoje, atuo como consultor ajudando neg\u00f3cios a entenderem e aplicarem IA de forma pr\u00e1tica, estrat\u00e9gica e humana. Gosto de traduzir o complexo em algo simples \u2014 e \u00e9 isso que voc\u00ea vai encontrar por aqui.","sameAs":["http:\/\/lacerdaai.com\/br"],"url":"https:\/\/lacerdaai.com\/br\/author\/red-admin\/"}]}},"_links":{"self":[{"href":"https:\/\/lacerdaai.com\/br\/wp-json\/wp\/v2\/posts\/3929","targetHints":{"allow":["GET"]}}],"collection":[{"href":"https:\/\/lacerdaai.com\/br\/wp-json\/wp\/v2\/posts"}],"about":[{"href":"https:\/\/lacerdaai.com\/br\/wp-json\/wp\/v2\/types\/post"}],"author":[{"embeddable":true,"href":"https:\/\/lacerdaai.com\/br\/wp-json\/wp\/v2\/users\/1"}],"replies":[{"embeddable":true,"href":"https:\/\/lacerdaai.com\/br\/wp-json\/wp\/v2\/comments?post=3929"}],"version-history":[{"count":1,"href":"https:\/\/lacerdaai.com\/br\/wp-json\/wp\/v2\/posts\/3929\/revisions"}],"predecessor-version":[{"id":3930,"href":"https:\/\/lacerdaai.com\/br\/wp-json\/wp\/v2\/posts\/3929\/revisions\/3930"}],"wp:featuredmedia":[{"embeddable":true,"href":"https:\/\/lacerdaai.com\/br\/wp-json\/wp\/v2\/media\/3928"}],"wp:attachment":[{"href":"https:\/\/lacerdaai.com\/br\/wp-json\/wp\/v2\/media?parent=3929"}],"wp:term":[{"taxonomy":"category","embeddable":true,"href":"https:\/\/lacerdaai.com\/br\/wp-json\/wp\/v2\/categories?post=3929"},{"taxonomy":"post_tag","embeddable":true,"href":"https:\/\/lacerdaai.com\/br\/wp-json\/wp\/v2\/tags?post=3929"}],"curies":[{"name":"wp","href":"https:\/\/api.w.org\/{rel}","templated":true}]}}