{"id":3941,"date":"2026-03-12T04:15:36","date_gmt":"2026-03-12T07:15:36","guid":{"rendered":"https:\/\/lacerdaai.com\/br\/dario-amodei-e-a-anthropic-a-dissonancia-entre-o-ideal-e-a-realidade-da-ia\/"},"modified":"2026-03-12T04:15:37","modified_gmt":"2026-03-12T07:15:37","slug":"dario-amodei-e-a-anthropic-a-dissonancia-entre-o-ideal-e-a-realidade-da-ia","status":"publish","type":"post","link":"https:\/\/lacerdaai.com\/br\/dario-amodei-e-a-anthropic-a-dissonancia-entre-o-ideal-e-a-realidade-da-ia\/","title":{"rendered":"Dario Amodei e a Anthropic: A Disson\u00e2ncia entre o Ideal e a Realidade da IA"},"content":{"rendered":"<p>A Intelig\u00eancia Artificial (IA) \u00e9, sem d\u00favida, a tecnologia definidora de nossa era. Com avan\u00e7os que parecem surgir de um futuro que imagin\u00e1vamos distante, somos constantemente confrontados com inova\u00e7\u00f5es que redefinem o que \u00e9 poss\u00edvel. Nesse cen\u00e1rio de efervesc\u00eancia tecnol\u00f3gica, surgem empresas com miss\u00f5es grandiosas, e a Anthropic, cofundada pelo renomado Dario Amodei, \u00e9 um desses nomes. Criada sob o estandarte da responsabilidade e do alinhamento da IA com os valores humanos, a Anthropic prop\u00f5e um caminho mais seguro para o desenvolvimento da intelig\u00eancia artificial geral (AGI).<\/p>\n<p>No entanto, a realidade do progresso tecnol\u00f3gico muitas vezes imp\u00f5e dilemas complexos. A frase \u201cChegou antes do esperado\u201d ecoa como um lembrete v\u00edvido da velocidade estonteante com que a IA avan\u00e7a, muitas vezes superando as pr\u00f3prias expectativas dos especialistas mais otimistas. Essa acelera\u00e7\u00e3o cria uma tens\u00e3o inerente entre os ideais de seguran\u00e7a e \u00e9tica e as press\u00f5es do desenvolvimento, da concorr\u00eancia e at\u00e9 mesmo de parcerias estrat\u00e9gicas. \u00c9 essa disson\u00e2ncia, entre a vis\u00e3o ut\u00f3pica e as exig\u00eancias pragm\u00e1ticas do mundo real, que exploraremos ao mergulhar na jornada de Dario Amodei e da Anthropic.<\/p>\n<h3><strong>Seguran\u00e7a da IA<\/strong>: A Miss\u00e3o Ambiciosa da Anthropic e o Desafio da Realidade<\/h3>\n<p>A hist\u00f3ria da Anthropic \u00e9 intrinsecamente ligada \u00e0 busca por uma IA mais segura. Fundada em 2021 por ex-membros da OpenAI, incluindo Dario Amodei, Daniela Amodei e outros, a empresa nasceu de uma preocupa\u00e7\u00e3o genu\u00edna com os rumos da intelig\u00eancia artificial. Enquanto a corrida para construir sistemas cada vez mais potentes ganhava tra\u00e7\u00e3o, Amodei e sua equipe sentiam que a seguran\u00e7a e o alinhamento com a humanidade precisavam ser prioridade m\u00e1xima, n\u00e3o um item secund\u00e1rio. A vis\u00e3o era criar uma IA que n\u00e3o apenas fosse inteligente, mas que tamb\u00e9m fosse ben\u00e9fica, confi\u00e1vel e, acima de tudo, segura para a sociedade.<\/p>\n<p>Para isso, a Anthropic desenvolveu abordagens inovadoras como a \u201cConstitutional AI\u201d (IA Constitucional). Diferente dos m\u00e9todos tradicionais de treinamento que dependem de feedback humano extensivo para guiar o comportamento de um modelo (RLHF \u2013 Reinforcement Learning from Human Feedback), a IA Constitucional utiliza um conjunto de princ\u00edpios e regras, ou uma \u201cconstitui\u00e7\u00e3o\u201d, para auto-supervisionar e corrigir o pr\u00f3prio modelo. Imagine um sistema que n\u00e3o apenas aprende com os dados, mas tamb\u00e9m com um conjunto de leis \u00e9ticas predefinidas, evitando assim sa\u00eddas prejudiciais, enviesadas ou perigosas. Essa metodologia visa infundir nos modelos de IA um senso intr\u00ednseco de responsabilidade e alinhamento, reduzindo a depend\u00eancia de interven\u00e7\u00f5es humanas constantes e escalonando a seguran\u00e7a em sistemas cada vez mais complexos.<\/p>\n<p>O foco em m\u00e9todos como o Red Teaming \u2014 que envolve equipes dedicadas a encontrar falhas e vulnerabilidades nos modelos de IA antes que sejam liberados ao p\u00fablico \u2014 demonstra o compromisso da Anthropic com a robustez e a resili\u00eancia de seus sistemas. Eles entendem que, com o poder crescente da IA, o potencial para usos indevidos ou consequ\u00eancias n\u00e3o intencionais tamb\u00e9m aumenta exponencialmente. Por isso, a empresa investe pesado em pesquisa de interpretabilidade, buscando entender como e por que os modelos tomam certas decis\u00f5es, o que \u00e9 crucial para garantir a confian\u00e7a e o controle sobre essas tecnologias.<\/p>\n<p>Contudo, por mais nobres que sejam esses princ\u00edpios, a realidade do desenvolvimento de IA em escala global apresenta desafios monumentais. A necessidade de capital, a atra\u00e7\u00e3o dos melhores talentos e a press\u00e3o para se manter competitivo em um campo que muda a cada dia s\u00e3o fatores que podem testar a resili\u00eancia de qualquer ideal. A busca por parceiros estrat\u00e9gicos, incluindo entidades governamentais ou militares, muitas vezes se torna uma necessidade para financiar e escalar as opera\u00e7\u00f5es, gerando um debate sobre at\u00e9 que ponto essas colabora\u00e7\u00f5es podem se alinhar com a miss\u00e3o original de <strong>seguran\u00e7a da IA<\/strong> e uso \u00e9tico.<\/p>\n<h3>O Ritmo Acelerado da Inova\u00e7\u00e3o: &#8220;Chegou Antes do Esperado&#8221;<\/h3>\n<p>A frase enigm\u00e1tica \u201cChegou antes do esperado\u201d sintetiza um dos maiores dilemas da era da IA: a velocidade vertiginosa com que a tecnologia est\u00e1 avan\u00e7ando. N\u00e3o \u00e9 apenas a comunidade tecnol\u00f3gica que est\u00e1 surpresa, mas at\u00e9 mesmo os pr\u00f3prios arquitetos e vision\u00e1rios da IA, como Dario Amodei, reconhecem que o progresso est\u00e1 superando as previs\u00f5es mais audaciosas. Modelos de linguagem se tornam mais proficientes em tarefas complexas, geradores de imagem criam obras de arte hiper-realistas e sistemas de IA come\u00e7am a demonstrar habilidades de racioc\u00ednio e s\u00edntese que antes eram consideradas exclusivas da intelig\u00eancia humana. Essa acelera\u00e7\u00e3o tem implica\u00e7\u00f5es profundas.<\/p>\n<p>Primeiramente, ela encurta o tempo dispon\u00edvel para reflex\u00e3o \u00e9tica, formula\u00e7\u00e3o de pol\u00edticas e implementa\u00e7\u00e3o de salvaguardas. Enquanto legisladores e reguladores debatem sobre como governar a IA, a tecnologia j\u00e1 avan\u00e7ou para um novo patamar, tornando as regulamenta\u00e7\u00f5es propostas potencialmente obsoletas antes mesmo de serem promulgadas. A complexidade dos novos modelos torna a auditoria e a explica\u00e7\u00e3o de seu funcionamento um desafio cada vez maior, levantando quest\u00f5es sobre responsabilidade e transpar\u00eancia. Como podemos garantir que uma IA est\u00e1 operando de forma justa e segura se nem mesmo seus criadores conseguem compreender totalmente todos os seus mecanismos internos?<\/p>\n<p>Al\u00e9m disso, o r\u00e1pido avan\u00e7o intensifica a &#8220;corrida armamentista&#8221; da IA. Pa\u00edses e grandes empresas globais veem a IA n\u00e3o apenas como uma ferramenta de progresso econ\u00f4mico, mas tamb\u00e9m como um componente crucial de seguran\u00e7a nacional e poder geopol\u00edtico. Ningu\u00e9m quer ficar para tr\u00e1s, e essa mentalidade competitiva pode, por vezes, priorizar a velocidade de desenvolvimento em detrimento de uma abordagem mais cautelosa e focada em seguran\u00e7a. O medo de perder a dianteira tecnol\u00f3gica pode levar a atalhos \u00e9ticos e a uma minimiza\u00e7\u00e3o dos riscos potenciais, o que vai diretamente contra os princ\u00edpios da Anthropic.<\/p>\n<p>O impacto na sociedade tamb\u00e9m \u00e9 imenso. Vemos a IA sendo integrada em diversos setores, desde a sa\u00fade e finan\u00e7as at\u00e9 a educa\u00e7\u00e3o e o entretenimento. Cada nova capacidade, como a gera\u00e7\u00e3o de conte\u00fado convincente ou a personaliza\u00e7\u00e3o extrema de experi\u00eancias, traz consigo tanto benef\u00edcios transformadores quanto riscos significativos, como a dissemina\u00e7\u00e3o de desinforma\u00e7\u00e3o, a automa\u00e7\u00e3o de empregos e o aumento da polariza\u00e7\u00e3o. A frase \u201cChegou antes do esperado\u201d n\u00e3o \u00e9 apenas uma constata\u00e7\u00e3o t\u00e9cnica; \u00e9 um alerta social, que nos for\u00e7a a questionar se estamos preparados, como sociedade, para as mudan\u00e7as que a IA j\u00e1 est\u00e1 nos impondo.<\/p>\n<h3>Entre a \u00c9tica e o Pragmatismo: O Papel da Anthropic no Cen\u00e1rio Geopol\u00edtico<\/h3>\n<p>A miss\u00e3o de desenvolver uma IA segura e ben\u00e9fica, por mais nobre que seja, colide inevitavelmente com as realidades financeiras e geopol\u00edticas. Construir e treinar modelos de IA de ponta exige recursos computacionais massivos, equipes de engenheiros e pesquisadores de alto n\u00edvel e um investimento financeiro que pode chegar a centenas de milh\u00f5es, sen\u00e3o bilh\u00f5es, de d\u00f3lares. Para uma empresa como a Anthropic, mesmo com uma vis\u00e3o clara, a obten\u00e7\u00e3o desse capital \u00e9 uma quest\u00e3o de sobreviv\u00eancia e de capacidade de competir com gigantes como Google, Microsoft e OpenAI.<\/p>\n<p>\u00c9 nesse contexto que as parcerias estrat\u00e9gicas se tornam cruciais. A not\u00edcia (ainda que hipot\u00e9tica na data original do artigo referenciado de 2026) de uma poss\u00edvel colabora\u00e7\u00e3o entre a Anthropic e o Departamento de Defesa dos EUA, por exemplo, destaca a complexidade desse dilema. Por um lado, tal parceria poderia fornecer os recursos e a escala necess\u00e1rios para a pesquisa e o desenvolvimento de IA segura, al\u00e9m de potencialmente influenciar o uso respons\u00e1vel da IA em um setor t\u00e3o cr\u00edtico. Por outro lado, levanta quest\u00f5es \u00e9ticas profundas para uma empresa nascida com a premissa de prevenir danos e garantir o alinhamento humano. Como conciliar a cria\u00e7\u00e3o de uma IA para fins potencialmente militares com a vis\u00e3o de uma tecnologia que serve a toda a humanidade de forma ben\u00e9fica?<\/p>\n<p>Essa tens\u00e3o reflete a natureza de \u201cduplo uso\u201d da tecnologia de IA. Uma mesma capacidade, como a vis\u00e3o computacional ou o processamento de linguagem natural, pode ser usada para diagn\u00f3sticos m\u00e9dicos, educa\u00e7\u00e3o, mas tamb\u00e9m para vigil\u00e2ncia, armas aut\u00f4nomas ou opera\u00e7\u00f5es de informa\u00e7\u00e3o. Empresas como a Anthropic se veem na dif\u00edcil posi\u00e7\u00e3o de tentar guiar o uso de suas cria\u00e7\u00f5es para o bem, enquanto o mundo ao seu redor busca aplicar essas tecnologias para diversos fins, incluindo aqueles que podem ir de encontro aos seus valores fundacionais. A press\u00e3o n\u00e3o vem apenas de governos; vem tamb\u00e9m do setor privado, de investidores que buscam retornos e de uma competi\u00e7\u00e3o acirrada para ser o primeiro a alcan\u00e7ar certos marcos tecnol\u00f3gicos.<\/p>\n<p>Dario Amodei e outros l\u00edderes da Anthropic est\u00e3o, portanto, navegando em um campo minado \u00e9tico e estrat\u00e9gico. Sua capacidade de manter a integridade de sua miss\u00e3o enquanto garantem a viabilidade e o crescimento da empresa \u00e9 um teste crucial para o futuro da IA. As escolhas que fizerem \u2013 sobre parcerias, sobre a abertura de seus modelos, sobre as salvaguardas que implementam \u2013 n\u00e3o afetar\u00e3o apenas a Anthropic, mas poder\u00e3o moldar o panorama global da intelig\u00eancia artificial para as pr\u00f3ximas d\u00e9cadas, influenciando como a sociedade percebe e interage com essa for\u00e7a transformadora. A busca pela <strong>seguran\u00e7a da IA<\/strong> n\u00e3o \u00e9 apenas tecnol\u00f3gica; \u00e9, antes de tudo, uma jornada \u00e9tica e pol\u00edtica.<\/p>\n<h3>O Futuro da Intelig\u00eancia Artificial: Navegando pelas \u00c1guas Turbulentas da Responsabilidade<\/h3>\n<p>A jornada da Anthropic e de seu CEO, Dario Amodei, \u00e9 um microcosmo dos desafios maiores que a humanidade enfrenta com o avan\u00e7o acelerado da IA. A disson\u00e2ncia entre o ideal e a realidade n\u00e3o \u00e9 um sinal de falha, mas sim uma caracter\u00edstica intr\u00ednseca de uma revolu\u00e7\u00e3o tecnol\u00f3gica t\u00e3o profunda. As escolhas feitas hoje por l\u00edderes da ind\u00fastria, por governos e pela sociedade civil determinar\u00e3o se a IA se tornar\u00e1 uma ferramenta para o empoderamento humano e a resolu\u00e7\u00e3o de problemas globais, ou uma fonte de novos riscos e desigualdades.<\/p>\n<p>\u00c9 imperativo que o debate sobre a <strong>seguran\u00e7a da IA<\/strong> seja cont\u00ednuo, transparente e inclusivo. Precisamos de mais vozes na mesa, de diferentes disciplinas e culturas, para garantir que as tecnologias sejam desenvolvidas com uma perspectiva global e com o bem-estar da humanidade em seu cerne. A hist\u00f3ria da Anthropic nos lembra que mesmo as inten\u00e7\u00f5es mais nobres podem ser desafiadas pelas complexidades do mundo real, mas tamb\u00e9m que a persist\u00eancia em nossos valores \u00e9 mais importante do que nunca. A intelig\u00eancia artificial chegou, e realmente, em muitos aspectos, antes do que imagin\u00e1vamos. Agora, a responsabilidade de moldar seu futuro recai sobre todos n\u00f3s.<\/p>\n","protected":false},"excerpt":{"rendered":"<p>A Intelig\u00eancia Artificial (IA) \u00e9, sem d\u00favida, a tecnologia definidora de nossa era. Com avan\u00e7os que parecem surgir de um futuro que imagin\u00e1vamos distante, somos constantemente confrontados com inova\u00e7\u00f5es que redefinem o que \u00e9 poss\u00edvel. Nesse cen\u00e1rio de efervesc\u00eancia tecnol\u00f3gica, surgem empresas com miss\u00f5es grandiosas, e a Anthropic, cofundada pelo renomado Dario Amodei, \u00e9 um [&hellip;]<\/p>\n","protected":false},"author":1,"featured_media":3940,"comment_status":"open","ping_status":"open","sticky":false,"template":"","format":"standard","meta":{"_yoast_wpseo_focuskw":"seguran\u00e7a da IA","_yoast_wpseo_metadesc":"Explore a tens\u00e3o entre a vis\u00e3o ut\u00f3pica de seguran\u00e7a da IA da Anthropic, liderada por Dario Amodei, e os desafios pr\u00e1ticos de um desenvolvimento tecnol\u00f3gico acelerado, incluindo parcerias e o cen\u00e1rio geopol\u00edtico da intelig\u00eancia artificial.","footnotes":""},"categories":[2],"tags":[],"class_list":["post-3941","post","type-post","status-publish","format-standard","has-post-thumbnail","hentry","category-novidades"],"yoast_head":"<!-- This site is optimized with the Yoast SEO plugin v25.6 - https:\/\/yoast.com\/wordpress\/plugins\/seo\/ -->\n<title>Dario Amodei e a Anthropic: A Disson\u00e2ncia entre o Ideal e a Realidade da IA - Lacerda AI<\/title>\n<meta name=\"description\" content=\"Explore a tens\u00e3o entre a vis\u00e3o ut\u00f3pica de seguran\u00e7a da IA da Anthropic, liderada por Dario Amodei, e os desafios pr\u00e1ticos de um desenvolvimento tecnol\u00f3gico acelerado, incluindo parcerias e o cen\u00e1rio geopol\u00edtico da intelig\u00eancia artificial.\" \/>\n<meta name=\"robots\" content=\"index, follow, max-snippet:-1, max-image-preview:large, max-video-preview:-1\" \/>\n<link rel=\"canonical\" href=\"https:\/\/lacerdaai.com\/br\/dario-amodei-e-a-anthropic-a-dissonancia-entre-o-ideal-e-a-realidade-da-ia\/\" \/>\n<meta property=\"og:locale\" content=\"pt_BR\" \/>\n<meta property=\"og:type\" content=\"article\" \/>\n<meta property=\"og:title\" content=\"Dario Amodei e a Anthropic: A Disson\u00e2ncia entre o Ideal e a Realidade da IA - Lacerda AI\" \/>\n<meta property=\"og:description\" content=\"Explore a tens\u00e3o entre a vis\u00e3o ut\u00f3pica de seguran\u00e7a da IA da Anthropic, liderada por Dario Amodei, e os desafios pr\u00e1ticos de um desenvolvimento tecnol\u00f3gico acelerado, incluindo parcerias e o cen\u00e1rio geopol\u00edtico da intelig\u00eancia artificial.\" \/>\n<meta property=\"og:url\" content=\"https:\/\/lacerdaai.com\/br\/dario-amodei-e-a-anthropic-a-dissonancia-entre-o-ideal-e-a-realidade-da-ia\/\" \/>\n<meta property=\"og:site_name\" content=\"Lacerda AI\" \/>\n<meta property=\"article:published_time\" content=\"2026-03-12T07:15:36+00:00\" \/>\n<meta property=\"article:modified_time\" content=\"2026-03-12T07:15:37+00:00\" \/>\n<meta name=\"author\" content=\"Andr\u00e9 Lacerda\" \/>\n<meta name=\"twitter:card\" content=\"summary_large_image\" \/>\n<meta name=\"twitter:label1\" content=\"Escrito por\" \/>\n\t<meta name=\"twitter:data1\" content=\"Andr\u00e9 Lacerda\" \/>\n\t<meta name=\"twitter:label2\" content=\"Est. tempo de leitura\" \/>\n\t<meta name=\"twitter:data2\" content=\"9 minutos\" \/>\n<script type=\"application\/ld+json\" class=\"yoast-schema-graph\">{\"@context\":\"https:\/\/schema.org\",\"@graph\":[{\"@type\":\"WebPage\",\"@id\":\"https:\/\/lacerdaai.com\/br\/dario-amodei-e-a-anthropic-a-dissonancia-entre-o-ideal-e-a-realidade-da-ia\/\",\"url\":\"https:\/\/lacerdaai.com\/br\/dario-amodei-e-a-anthropic-a-dissonancia-entre-o-ideal-e-a-realidade-da-ia\/\",\"name\":\"Dario Amodei e a Anthropic: A Disson\u00e2ncia entre o Ideal e a Realidade da IA - Lacerda AI\",\"isPartOf\":{\"@id\":\"https:\/\/lacerdaai.com\/br\/#website\"},\"primaryImageOfPage\":{\"@id\":\"https:\/\/lacerdaai.com\/br\/dario-amodei-e-a-anthropic-a-dissonancia-entre-o-ideal-e-a-realidade-da-ia\/#primaryimage\"},\"image\":{\"@id\":\"https:\/\/lacerdaai.com\/br\/dario-amodei-e-a-anthropic-a-dissonancia-entre-o-ideal-e-a-realidade-da-ia\/#primaryimage\"},\"thumbnailUrl\":\"https:\/\/lacerdaai.com\/br\/wp-content\/uploads\/2026\/03\/imagem-47.jpg\",\"datePublished\":\"2026-03-12T07:15:36+00:00\",\"dateModified\":\"2026-03-12T07:15:37+00:00\",\"author\":{\"@id\":\"https:\/\/lacerdaai.com\/br\/#\/schema\/person\/8bad803c2e83a0c5c5c75e02a1c2248f\"},\"description\":\"Explore a tens\u00e3o entre a vis\u00e3o ut\u00f3pica de seguran\u00e7a da IA da Anthropic, liderada por Dario Amodei, e os desafios pr\u00e1ticos de um desenvolvimento tecnol\u00f3gico acelerado, incluindo parcerias e o cen\u00e1rio geopol\u00edtico da intelig\u00eancia artificial.\",\"breadcrumb\":{\"@id\":\"https:\/\/lacerdaai.com\/br\/dario-amodei-e-a-anthropic-a-dissonancia-entre-o-ideal-e-a-realidade-da-ia\/#breadcrumb\"},\"inLanguage\":\"pt-BR\",\"potentialAction\":[{\"@type\":\"ReadAction\",\"target\":[\"https:\/\/lacerdaai.com\/br\/dario-amodei-e-a-anthropic-a-dissonancia-entre-o-ideal-e-a-realidade-da-ia\/\"]}]},{\"@type\":\"ImageObject\",\"inLanguage\":\"pt-BR\",\"@id\":\"https:\/\/lacerdaai.com\/br\/dario-amodei-e-a-anthropic-a-dissonancia-entre-o-ideal-e-a-realidade-da-ia\/#primaryimage\",\"url\":\"https:\/\/lacerdaai.com\/br\/wp-content\/uploads\/2026\/03\/imagem-47.jpg\",\"contentUrl\":\"https:\/\/lacerdaai.com\/br\/wp-content\/uploads\/2026\/03\/imagem-47.jpg\",\"width\":1200,\"height\":625},{\"@type\":\"BreadcrumbList\",\"@id\":\"https:\/\/lacerdaai.com\/br\/dario-amodei-e-a-anthropic-a-dissonancia-entre-o-ideal-e-a-realidade-da-ia\/#breadcrumb\",\"itemListElement\":[{\"@type\":\"ListItem\",\"position\":1,\"name\":\"In\u00edcio\",\"item\":\"https:\/\/lacerdaai.com\/br\/\"},{\"@type\":\"ListItem\",\"position\":2,\"name\":\"Dario Amodei e a Anthropic: A Disson\u00e2ncia entre o Ideal e a Realidade da IA\"}]},{\"@type\":\"WebSite\",\"@id\":\"https:\/\/lacerdaai.com\/br\/#website\",\"url\":\"https:\/\/lacerdaai.com\/br\/\",\"name\":\"Lacerda AI\",\"description\":\"Seu blog di\u00e1rio de novidades do mundo da Inteligencia Artificial\",\"potentialAction\":[{\"@type\":\"SearchAction\",\"target\":{\"@type\":\"EntryPoint\",\"urlTemplate\":\"https:\/\/lacerdaai.com\/br\/?s={search_term_string}\"},\"query-input\":{\"@type\":\"PropertyValueSpecification\",\"valueRequired\":true,\"valueName\":\"search_term_string\"}}],\"inLanguage\":\"pt-BR\"},{\"@type\":\"Person\",\"@id\":\"https:\/\/lacerdaai.com\/br\/#\/schema\/person\/8bad803c2e83a0c5c5c75e02a1c2248f\",\"name\":\"Andr\u00e9 Lacerda\",\"image\":{\"@type\":\"ImageObject\",\"inLanguage\":\"pt-BR\",\"@id\":\"https:\/\/lacerdaai.com\/br\/#\/schema\/person\/image\/\",\"url\":\"https:\/\/secure.gravatar.com\/avatar\/f5c1fa5ad9763f54c1f223c3fc91f131da6288c9f9e28d74bb3c355ad99af205?s=96&d=mm&r=g\",\"contentUrl\":\"https:\/\/secure.gravatar.com\/avatar\/f5c1fa5ad9763f54c1f223c3fc91f131da6288c9f9e28d74bb3c355ad99af205?s=96&d=mm&r=g\",\"caption\":\"Andr\u00e9 Lacerda\"},\"description\":\"Sou o Andr\u00e9 Lacerda, tenho 35 anos e sou apaixonado por tecnologia, intelig\u00eancia artificial e boas hist\u00f3rias. Me formei em Tecnologia e Jornalismo \u2014 sim, uma mistura meio improv\u00e1vel, mas que combina muito comigo. J\u00e1 morei no Canad\u00e1 e na Espanha, e essas experi\u00eancias me ajudaram a enxergar a inova\u00e7\u00e3o com um olhar mais global (e a me virar bem em tr\u00eas idiomas \ud83d\ude04). Trabalhei em algumas das maiores empresas de tecnologia do mercado e, hoje, atuo como consultor ajudando neg\u00f3cios a entenderem e aplicarem IA de forma pr\u00e1tica, estrat\u00e9gica e humana. Gosto de traduzir o complexo em algo simples \u2014 e \u00e9 isso que voc\u00ea vai encontrar por aqui.\",\"sameAs\":[\"http:\/\/lacerdaai.com\/br\"],\"url\":\"https:\/\/lacerdaai.com\/br\/author\/red-admin\/\"}]}<\/script>\n<!-- \/ Yoast SEO plugin. -->","yoast_head_json":{"title":"Dario Amodei e a Anthropic: A Disson\u00e2ncia entre o Ideal e a Realidade da IA - Lacerda AI","description":"Explore a tens\u00e3o entre a vis\u00e3o ut\u00f3pica de seguran\u00e7a da IA da Anthropic, liderada por Dario Amodei, e os desafios pr\u00e1ticos de um desenvolvimento tecnol\u00f3gico acelerado, incluindo parcerias e o cen\u00e1rio geopol\u00edtico da intelig\u00eancia artificial.","robots":{"index":"index","follow":"follow","max-snippet":"max-snippet:-1","max-image-preview":"max-image-preview:large","max-video-preview":"max-video-preview:-1"},"canonical":"https:\/\/lacerdaai.com\/br\/dario-amodei-e-a-anthropic-a-dissonancia-entre-o-ideal-e-a-realidade-da-ia\/","og_locale":"pt_BR","og_type":"article","og_title":"Dario Amodei e a Anthropic: A Disson\u00e2ncia entre o Ideal e a Realidade da IA - Lacerda AI","og_description":"Explore a tens\u00e3o entre a vis\u00e3o ut\u00f3pica de seguran\u00e7a da IA da Anthropic, liderada por Dario Amodei, e os desafios pr\u00e1ticos de um desenvolvimento tecnol\u00f3gico acelerado, incluindo parcerias e o cen\u00e1rio geopol\u00edtico da intelig\u00eancia artificial.","og_url":"https:\/\/lacerdaai.com\/br\/dario-amodei-e-a-anthropic-a-dissonancia-entre-o-ideal-e-a-realidade-da-ia\/","og_site_name":"Lacerda AI","article_published_time":"2026-03-12T07:15:36+00:00","article_modified_time":"2026-03-12T07:15:37+00:00","author":"Andr\u00e9 Lacerda","twitter_card":"summary_large_image","twitter_misc":{"Escrito por":"Andr\u00e9 Lacerda","Est. tempo de leitura":"9 minutos"},"schema":{"@context":"https:\/\/schema.org","@graph":[{"@type":"WebPage","@id":"https:\/\/lacerdaai.com\/br\/dario-amodei-e-a-anthropic-a-dissonancia-entre-o-ideal-e-a-realidade-da-ia\/","url":"https:\/\/lacerdaai.com\/br\/dario-amodei-e-a-anthropic-a-dissonancia-entre-o-ideal-e-a-realidade-da-ia\/","name":"Dario Amodei e a Anthropic: A Disson\u00e2ncia entre o Ideal e a Realidade da IA - Lacerda AI","isPartOf":{"@id":"https:\/\/lacerdaai.com\/br\/#website"},"primaryImageOfPage":{"@id":"https:\/\/lacerdaai.com\/br\/dario-amodei-e-a-anthropic-a-dissonancia-entre-o-ideal-e-a-realidade-da-ia\/#primaryimage"},"image":{"@id":"https:\/\/lacerdaai.com\/br\/dario-amodei-e-a-anthropic-a-dissonancia-entre-o-ideal-e-a-realidade-da-ia\/#primaryimage"},"thumbnailUrl":"https:\/\/lacerdaai.com\/br\/wp-content\/uploads\/2026\/03\/imagem-47.jpg","datePublished":"2026-03-12T07:15:36+00:00","dateModified":"2026-03-12T07:15:37+00:00","author":{"@id":"https:\/\/lacerdaai.com\/br\/#\/schema\/person\/8bad803c2e83a0c5c5c75e02a1c2248f"},"description":"Explore a tens\u00e3o entre a vis\u00e3o ut\u00f3pica de seguran\u00e7a da IA da Anthropic, liderada por Dario Amodei, e os desafios pr\u00e1ticos de um desenvolvimento tecnol\u00f3gico acelerado, incluindo parcerias e o cen\u00e1rio geopol\u00edtico da intelig\u00eancia artificial.","breadcrumb":{"@id":"https:\/\/lacerdaai.com\/br\/dario-amodei-e-a-anthropic-a-dissonancia-entre-o-ideal-e-a-realidade-da-ia\/#breadcrumb"},"inLanguage":"pt-BR","potentialAction":[{"@type":"ReadAction","target":["https:\/\/lacerdaai.com\/br\/dario-amodei-e-a-anthropic-a-dissonancia-entre-o-ideal-e-a-realidade-da-ia\/"]}]},{"@type":"ImageObject","inLanguage":"pt-BR","@id":"https:\/\/lacerdaai.com\/br\/dario-amodei-e-a-anthropic-a-dissonancia-entre-o-ideal-e-a-realidade-da-ia\/#primaryimage","url":"https:\/\/lacerdaai.com\/br\/wp-content\/uploads\/2026\/03\/imagem-47.jpg","contentUrl":"https:\/\/lacerdaai.com\/br\/wp-content\/uploads\/2026\/03\/imagem-47.jpg","width":1200,"height":625},{"@type":"BreadcrumbList","@id":"https:\/\/lacerdaai.com\/br\/dario-amodei-e-a-anthropic-a-dissonancia-entre-o-ideal-e-a-realidade-da-ia\/#breadcrumb","itemListElement":[{"@type":"ListItem","position":1,"name":"In\u00edcio","item":"https:\/\/lacerdaai.com\/br\/"},{"@type":"ListItem","position":2,"name":"Dario Amodei e a Anthropic: A Disson\u00e2ncia entre o Ideal e a Realidade da IA"}]},{"@type":"WebSite","@id":"https:\/\/lacerdaai.com\/br\/#website","url":"https:\/\/lacerdaai.com\/br\/","name":"Lacerda AI","description":"Seu blog di\u00e1rio de novidades do mundo da Inteligencia Artificial","potentialAction":[{"@type":"SearchAction","target":{"@type":"EntryPoint","urlTemplate":"https:\/\/lacerdaai.com\/br\/?s={search_term_string}"},"query-input":{"@type":"PropertyValueSpecification","valueRequired":true,"valueName":"search_term_string"}}],"inLanguage":"pt-BR"},{"@type":"Person","@id":"https:\/\/lacerdaai.com\/br\/#\/schema\/person\/8bad803c2e83a0c5c5c75e02a1c2248f","name":"Andr\u00e9 Lacerda","image":{"@type":"ImageObject","inLanguage":"pt-BR","@id":"https:\/\/lacerdaai.com\/br\/#\/schema\/person\/image\/","url":"https:\/\/secure.gravatar.com\/avatar\/f5c1fa5ad9763f54c1f223c3fc91f131da6288c9f9e28d74bb3c355ad99af205?s=96&d=mm&r=g","contentUrl":"https:\/\/secure.gravatar.com\/avatar\/f5c1fa5ad9763f54c1f223c3fc91f131da6288c9f9e28d74bb3c355ad99af205?s=96&d=mm&r=g","caption":"Andr\u00e9 Lacerda"},"description":"Sou o Andr\u00e9 Lacerda, tenho 35 anos e sou apaixonado por tecnologia, intelig\u00eancia artificial e boas hist\u00f3rias. Me formei em Tecnologia e Jornalismo \u2014 sim, uma mistura meio improv\u00e1vel, mas que combina muito comigo. J\u00e1 morei no Canad\u00e1 e na Espanha, e essas experi\u00eancias me ajudaram a enxergar a inova\u00e7\u00e3o com um olhar mais global (e a me virar bem em tr\u00eas idiomas \ud83d\ude04). Trabalhei em algumas das maiores empresas de tecnologia do mercado e, hoje, atuo como consultor ajudando neg\u00f3cios a entenderem e aplicarem IA de forma pr\u00e1tica, estrat\u00e9gica e humana. Gosto de traduzir o complexo em algo simples \u2014 e \u00e9 isso que voc\u00ea vai encontrar por aqui.","sameAs":["http:\/\/lacerdaai.com\/br"],"url":"https:\/\/lacerdaai.com\/br\/author\/red-admin\/"}]}},"_links":{"self":[{"href":"https:\/\/lacerdaai.com\/br\/wp-json\/wp\/v2\/posts\/3941","targetHints":{"allow":["GET"]}}],"collection":[{"href":"https:\/\/lacerdaai.com\/br\/wp-json\/wp\/v2\/posts"}],"about":[{"href":"https:\/\/lacerdaai.com\/br\/wp-json\/wp\/v2\/types\/post"}],"author":[{"embeddable":true,"href":"https:\/\/lacerdaai.com\/br\/wp-json\/wp\/v2\/users\/1"}],"replies":[{"embeddable":true,"href":"https:\/\/lacerdaai.com\/br\/wp-json\/wp\/v2\/comments?post=3941"}],"version-history":[{"count":1,"href":"https:\/\/lacerdaai.com\/br\/wp-json\/wp\/v2\/posts\/3941\/revisions"}],"predecessor-version":[{"id":3942,"href":"https:\/\/lacerdaai.com\/br\/wp-json\/wp\/v2\/posts\/3941\/revisions\/3942"}],"wp:featuredmedia":[{"embeddable":true,"href":"https:\/\/lacerdaai.com\/br\/wp-json\/wp\/v2\/media\/3940"}],"wp:attachment":[{"href":"https:\/\/lacerdaai.com\/br\/wp-json\/wp\/v2\/media?parent=3941"}],"wp:term":[{"taxonomy":"category","embeddable":true,"href":"https:\/\/lacerdaai.com\/br\/wp-json\/wp\/v2\/categories?post=3941"},{"taxonomy":"post_tag","embeddable":true,"href":"https:\/\/lacerdaai.com\/br\/wp-json\/wp\/v2\/tags?post=3941"}],"curies":[{"name":"wp","href":"https:\/\/api.w.org\/{rel}","templated":true}]}}