{"id":3953,"date":"2026-03-13T00:15:30","date_gmt":"2026-03-13T03:15:30","guid":{"rendered":"https:\/\/lacerdaai.com\/br\/o-alerta-dos-gigantes-tech-como-a-inteligencia-artificial-e-empregos-entram-em-colisao-no-mercado-global\/"},"modified":"2026-03-13T00:15:31","modified_gmt":"2026-03-13T03:15:31","slug":"o-alerta-dos-gigantes-tech-como-a-inteligencia-artificial-e-empregos-entram-em-colisao-no-mercado-global","status":"publish","type":"post","link":"https:\/\/lacerdaai.com\/br\/o-alerta-dos-gigantes-tech-como-a-inteligencia-artificial-e-empregos-entram-em-colisao-no-mercado-global\/","title":{"rendered":"O Alerta dos Gigantes Tech: Como a Intelig\u00eancia Artificial e Empregos Entram em Colis\u00e3o no Mercado Global"},"content":{"rendered":"<p>No din\u00e2mico universo da tecnologia, onde a inova\u00e7\u00e3o \u00e9 a for\u00e7a motriz, um tema tem ressoado com uma frequ\u00eancia crescente e, por vezes, inquietante: a rela\u00e7\u00e3o entre a <strong>Intelig\u00eancia Artificial e Empregos<\/strong>. Recentemente, mais um gigante do software global anunciou planos de reestrutura\u00e7\u00e3o que incluem desligamentos significativos \u2013 um corte de aproximadamente um d\u00e9cimo de sua for\u00e7a de trabalho. Embora a empresa cite a necessidade de realinhamento estrat\u00e9gico e otimiza\u00e7\u00e3o de recursos, o pano de fundo \u00e9 ineg\u00e1vel: a ascens\u00e3o mete\u00f3rica da Intelig\u00eancia Artificial est\u00e1 redefinindo as opera\u00e7\u00f5es e, consequentemente, as necessidades de pessoal em ind\u00fastrias inteiras.<\/p>\n<p>Este movimento n\u00e3o \u00e9 um caso isolado, mas sim um eco amplificado do que muitos especialistas e l\u00edderes de mercado j\u00e1 v\u00eam observando. Gigantes de tecnologia, que antes eram sin\u00f4nimo de crescimento exponencial e cria\u00e7\u00e3o incessante de empregos, agora se veem diante de uma equa\u00e7\u00e3o complexa: como manter a competitividade, impulsionar a inova\u00e7\u00e3o e ao mesmo tempo gerenciar o impacto da IA na sua pr\u00f3pria estrutura organizacional? O que est\u00e1 sendo dito \u2018em voz alta\u2019 agora \u00e9 que a busca por maior efici\u00eancia atrav\u00e9s de ferramentas de IA est\u00e1 come\u00e7ando a se traduzir em menos postos de trabalho em algumas \u00e1reas, inaugurando uma nova fase na hist\u00f3ria do mercado de trabalho.<\/p>\n<p>Essa \u201capocalipse silenciosa\u201d, como alguns a chamam, n\u00e3o \u00e9 necessariamente sobre rob\u00f4s tomando o lugar de humanos de forma literal, mas sim sobre a capacidade da IA de otimizar processos, automatizar tarefas repetitivas e at\u00e9 mesmo realizar an\u00e1lises complexas que antes exigiam equipes inteiras. O Brasil, um pa\u00eds em constante evolu\u00e7\u00e3o tecnol\u00f3gica, n\u00e3o est\u00e1 imune a essas transforma\u00e7\u00f5es. Pelo contr\u00e1rio, precisa estar atento e se preparar para as ondas de mudan\u00e7a que a <strong>Intelig\u00eancia Artificial e Empregos<\/strong> trar\u00e3o para o nosso pr\u00f3prio cen\u00e1rio econ\u00f4mico.<\/p>\n<h3><strong>Intelig\u00eancia Artificial e Empregos<\/strong>: Uma Nova Realidade no Horizonte<\/h3>\n<p>A recente onda de demiss\u00f5es em um renomado gigante de software n\u00e3o \u00e9 apenas uma not\u00edcia corporativa; \u00e9 um sinal claro de uma transforma\u00e7\u00e3o estrutural que a <strong>Intelig\u00eancia Artificial e Empregos<\/strong> est\u00e3o impondo ao mercado global. A empresa, que sempre foi um farol de inova\u00e7\u00e3o, justificou seus desligamentos com a necessidade de se tornar mais eficiente e \u00e1gil, em um cen\u00e1rio onde a IA desempenha um papel central na otimiza\u00e7\u00e3o de processos e na entrega de valor. Essa \u201cefici\u00eancia\u201d muitas vezes se traduz na automatiza\u00e7\u00e3o de tarefas que, at\u00e9 ent\u00e3o, eram realizadas por humanos.<\/p>\n<p>Historicamente, a tecnologia sempre impulsionou mudan\u00e7as no mercado de trabalho. A Revolu\u00e7\u00e3o Industrial transformou agricultores em oper\u00e1rios de f\u00e1brica, e a era da computa\u00e7\u00e3o eletr\u00f4nica criou uma vasta gama de profiss\u00f5es ligadas \u00e0 TI. No entanto, a velocidade e a abrang\u00eancia da IA s\u00e3o sem precedentes. Diferente das m\u00e1quinas que apenas replicavam tarefas f\u00edsicas, a intelig\u00eancia artificial tem a capacidade de \u2018pensar\u2019, aprender e at\u00e9 mesmo criar. Isso significa que n\u00e3o apenas trabalhos manuais, mas tamb\u00e9m fun\u00e7\u00f5es cognitivas \u2013 como an\u00e1lise de dados, programa\u00e7\u00e3o de n\u00edvel b\u00e1sico, atendimento ao cliente e at\u00e9 mesmo certas atividades criativas \u2013 est\u00e3o sob o escrut\u00ednio da automa\u00e7\u00e3o.<\/p>\n<p>Um estudo recente da Goldman Sachs, por exemplo, estimou que a IA generativa poderia automatizar 300 milh\u00f5es de empregos em tempo integral globalmente. Embora a previs\u00e3o seja de que novos empregos sejam criados, a transi\u00e7\u00e3o n\u00e3o ser\u00e1 suave ou imediata para todos. As profiss\u00f5es mais vulner\u00e1veis s\u00e3o aquelas que envolvem tarefas repetitivas, baseadas em regras e com baixo grau de intera\u00e7\u00e3o humana ou criatividade. Pense em assistentes administrativos, operadores de telemarketing, digitadores e at\u00e9 mesmo alguns analistas de dados que processam informa\u00e7\u00f5es padronizadas. A IA pode realizar essas fun\u00e7\u00f5es com maior velocidade, precis\u00e3o e, crucialmente, a um custo marginal muito menor.<\/p>\n<p>Contudo, \u00e9 fundamental destacar que a rela\u00e7\u00e3o entre <strong>Intelig\u00eancia Artificial e Empregos<\/strong> n\u00e3o \u00e9 uma via de m\u00e3o \u00fanica. Enquanto alguns postos de trabalho s\u00e3o substitu\u00eddos, outros s\u00e3o aprimorados e, o mais importante, novas profiss\u00f5es emergem. A demanda por especialistas em IA, engenheiros de prompt, eticistas de IA, cientistas de dados, treinadores de modelos e desenvolvedores de solu\u00e7\u00f5es baseadas em IA est\u00e1 explodindo. Esses novos pap\u00e9is exigem um conjunto de habilidades que combinam conhecimento t\u00e9cnico profundo com criatividade, pensamento cr\u00edtico e uma compreens\u00e3o da \u00e9tica e do impacto social da tecnologia.<\/p>\n<p>Para o Brasil, essa realidade \u00e9 um convite \u00e0 reflex\u00e3o e \u00e0 a\u00e7\u00e3o. Nossa for\u00e7a de trabalho, que j\u00e1 enfrenta desafios estruturais, precisa se adaptar rapidamente. Setores como o agroneg\u00f3cio, servi\u00e7os financeiros e varejo, que s\u00e3o pilares da nossa economia, est\u00e3o cada vez mais integrando solu\u00e7\u00f5es de IA. Isso significa que, desde o operador de m\u00e1quina agr\u00edcola guiada por IA at\u00e9 o atendente de banco que utiliza chatbots avan\u00e7ados, todos precisar\u00e3o de novas compet\u00eancias para se manterem relevantes. A quest\u00e3o n\u00e3o \u00e9 se a IA vai afetar o Brasil, mas como vamos nos preparar para que a <strong>Intelig\u00eancia Artificial e Empregos<\/strong> se tornem um bin\u00f4mio de progresso e n\u00e3o de desalento.<\/p>\n<h3>O Efeito Domin\u00f3: Al\u00e9m dos Desligamentos, uma Reestrutura\u00e7\u00e3o Profunda<\/h3>\n<p>Os an\u00fancios de desligamentos em empresas de tecnologia s\u00e3o apenas a ponta do iceberg de uma reestrutura\u00e7\u00e3o mais profunda que est\u00e1 se espalhando por diversos setores da economia global. O efeito domin\u00f3 da <strong>Intelig\u00eancia Artificial e Empregos<\/strong> transcende o universo da tecnologia e atinge manufaturas, servi\u00e7os, log\u00edstica e at\u00e9 mesmo ind\u00fastrias criativas. A efici\u00eancia e a capacidade anal\u00edtica da IA est\u00e3o for\u00e7ando as empresas a repensar suas cadeias de valor, seus modelos de neg\u00f3cios e, inevitavelmente, suas estrat\u00e9gias de recursos humanos.<\/p>\n<p>Consideremos a ind\u00fastria automobil\u00edstica, por exemplo. A produ\u00e7\u00e3o de ve\u00edculos j\u00e1 utiliza rob\u00f4s h\u00e1 d\u00e9cadas, mas a IA est\u00e1 elevando esse patamar. Desde o design otimizado por algoritmos at\u00e9 a manuten\u00e7\u00e3o preditiva de f\u00e1bricas e a dire\u00e7\u00e3o aut\u00f4noma, a intelig\u00eancia artificial est\u00e1 transformando cada etapa. Isso significa que, al\u00e9m dos trabalhadores da linha de montagem, engenheiros e designers tamb\u00e9m precisam adaptar suas habilidades e ferramentas de trabalho. No setor financeiro, a IA est\u00e1 revolucionando a detec\u00e7\u00e3o de fraudes, a an\u00e1lise de cr\u00e9dito e o atendimento ao cliente, com chatbots e algoritmos que processam dados em velocidades imposs\u00edveis para humanos.<\/p>\n<p>Essa reestrutura\u00e7\u00e3o levanta quest\u00f5es importantes sobre a equidade e a inclus\u00e3o. Quem ter\u00e1 acesso \u00e0 educa\u00e7\u00e3o e ao treinamento necess\u00e1rios para as novas profiss\u00f5es? Como as sociedades ir\u00e3o apoiar aqueles cujas habilidades se tornaram obsoletas? As li\u00e7\u00f5es das revolu\u00e7\u00f5es industriais passadas nos mostram que per\u00edodos de grande disrup\u00e7\u00e3o tecnol\u00f3gica s\u00e3o seguidos por um realinhamento significativo do poder econ\u00f4mico e social. A diferen\u00e7a, agora, \u00e9 a velocidade e a escala. As transi\u00e7\u00f5es que antes levavam d\u00e9cadas para se concretizar, agora podem ocorrer em poucos anos.<\/p>\n<p>Para o Brasil, este cen\u00e1rio exige pol\u00edticas p\u00fablicas proativas e um investimento massivo em educa\u00e7\u00e3o e requalifica\u00e7\u00e3o. Precisamos pensar em programas que ajudem a nossa popula\u00e7\u00e3o a desenvolver n\u00e3o apenas habilidades t\u00e9cnicas em IA, mas tamb\u00e9m as \u201csoft skills\u201d essenciais, como pensamento cr\u00edtico, resolu\u00e7\u00e3o de problemas complexos, criatividade, colabora\u00e7\u00e3o e intelig\u00eancia emocional \u2013 justamente as compet\u00eancias onde a IA ainda demonstra limita\u00e7\u00f5es. A capacidade de inovar e de se adaptar rapidamente ser\u00e1 um diferencial crucial para a for\u00e7a de trabalho brasileira no contexto da <strong>Intelig\u00eancia Artificial e Empregos<\/strong>.<\/p>\n<p>Al\u00e9m disso, \u00e9 importante que o setor privado, em parceria com o governo e a academia, crie um ecossistema que fomente a inova\u00e7\u00e3o e o empreendedorismo. Muitas das novas oportunidades de emprego vir\u00e3o de startups e de empresas que souberem aplicar a IA de formas criativas e \u00e9ticas. O desenvolvimento de solu\u00e7\u00f5es de IA que atendam \u00e0s necessidades espec\u00edficas do Brasil, em \u00e1reas como sa\u00fade, educa\u00e7\u00e3o e meio ambiente, pode gerar um novo ciclo de crescimento e cria\u00e7\u00e3o de empregos qualificados.<\/p>\n<h3>Preparando-se para o Futuro: Estrat\u00e9gias para Prosperar na Era da IA<\/h3>\n<p>Apesar dos desafios que a transforma\u00e7\u00e3o da <strong>Intelig\u00eancia Artificial e Empregos<\/strong> apresenta, a boa not\u00edcia \u00e9 que n\u00e3o estamos passivos diante desse futuro. Existem estrat\u00e9gias claras e acion\u00e1veis que indiv\u00edduos, empresas e governos podem adotar para n\u00e3o apenas sobreviver, mas prosperar na era da IA.<\/p>\n<p>**1. Abrace a Aprendizagem Cont\u00ednua:** A mentalidade de \u201caprender para a vida toda\u201d nunca foi t\u00e3o crucial. O que se aprende hoje pode ser obsoleto amanh\u00e3. Invista em cursos, bootcamps, workshops e certifica\u00e7\u00f5es em \u00e1reas relacionadas \u00e0 IA, ci\u00eancia de dados, programa\u00e7\u00e3o, mas tamb\u00e9m em habilidades complementares como design thinking e gest\u00e3o de projetos. Universidades e plataformas online oferecem vasto material, muitos deles acess\u00edveis e de alta qualidade.<\/p>\n<p>**2. Desenvolva Habilidades Humanas Insbst\u00edtu\u00edveis:** Enquanto a IA excela em tarefas l\u00f3gicas e repetitivas, ela ainda luta com a criatividade genu\u00edna, o pensamento \u00e9tico complexo, a empatia e a intelig\u00eancia emocional. Aprimore suas soft skills: sua capacidade de colaborar, inovar, liderar, resolver problemas de forma criativa e construir relacionamentos ser\u00e1 cada vez mais valorizada. A <strong>Intelig\u00eancia Artificial e Empregos<\/strong> complementares dependem dessas habilidades humanas \u00fanicas.<\/p>\n<p>**3. Torne-se um \u201cAumentador\u201d de IA:** Em vez de ver a IA como uma amea\u00e7a, aprenda a us\u00e1-la como uma ferramenta para aumentar sua pr\u00f3pria produtividade e criatividade. Profissionais de todas as \u00e1reas \u2013 de marketing a medicina, de engenharia a educa\u00e7\u00e3o \u2013 podem se beneficiar ao entender como integrar ferramentas de IA em seus fluxos de trabalho. Quem sabe usar a IA para otimizar suas tarefas ser\u00e1 mais eficiente e, portanto, mais valioso.<\/p>\n<p>**4. Foque em Nichos e Especializa\u00e7\u00e3o:** \u00c0 medida que a IA automatiza tarefas mais generalistas, a demanda por especialistas em nichos espec\u00edficos tende a crescer. Seja um expert em uma \u00e1rea que a IA ainda n\u00e3o dominou ou que exige um toque humano altamente especializado. Por exemplo, enquanto a IA pode gerar textos, um especialista em storytelling com nuances culturais e emocionais ainda ser\u00e1 insubstitu\u00edvel.<\/p>\n<p>**5. Rede de Contatos e Colabora\u00e7\u00e3o:** O futuro do trabalho ser\u00e1 cada vez mais interconectado. Construa e mantenha uma forte rede de contatos profissionais. A colabora\u00e7\u00e3o, tanto humana quanto com sistemas de IA, ser\u00e1 a chave para resolver os desafios complexos que surgir\u00e3o. Trocar experi\u00eancias e conhecimentos sobre a <strong>Intelig\u00eancia Artificial e Empregos<\/strong> \u00e9 fundamental.<\/p>\n<p>**6. Fique Atento \u00e0s Tend\u00eancias:** Acompanhe as inova\u00e7\u00f5es em IA e as mudan\u00e7as no mercado de trabalho. Leia artigos, participe de eventos, siga especialistas nas redes sociais. Estar bem informado permitir\u00e1 que voc\u00ea antecipe mudan\u00e7as e se posicione estrategicamente.<\/p>\n<p>**7. Empreendedorismo e Inova\u00e7\u00e3o:** A era da IA tamb\u00e9m \u00e9 uma era de novas oportunidades para empreendedores. Identifique problemas que a IA pode resolver e crie solu\u00e7\u00f5es inovadoras. O Brasil tem um vasto potencial para desenvolver aplica\u00e7\u00f5es de IA que atendam \u00e0s suas particularidades e demandas regionais, gerando novos neg\u00f3cios e, consequentemente, empregos.<\/p>\n<p>Em resumo, a mensagem que emerge dos corredores dos gigantes da tecnologia \u00e9 clara: a <strong>Intelig\u00eancia Artificial e Empregos<\/strong> est\u00e3o em um processo de transforma\u00e7\u00e3o irrevers\u00edvel. N\u00e3o se trata de um cen\u00e1rio apocal\u00edptico de fim de trabalho, mas de uma profunda reconfigura\u00e7\u00e3o que exige adapta\u00e7\u00e3o, resili\u00eancia e, acima de tudo, uma vis\u00e3o proativa do futuro. Aqueles que entenderem o potencial da IA como uma ferramenta para aprimorar as capacidades humanas, em vez de substitu\u00ed-las por completo, estar\u00e3o mais bem posicionados para liderar e prosperar nesta nova era.<\/p>\n<p>O futuro do trabalho n\u00e3o \u00e9 algo que simplesmente acontece; ele \u00e9 constru\u00eddo por nossas escolhas e a\u00e7\u00f5es hoje. Ao investirmos em educa\u00e7\u00e3o, no desenvolvimento de habilidades humanas \u00fanicas e na explora\u00e7\u00e3o \u00e9tica e criativa da intelig\u00eancia artificial, podemos moldar um cen\u00e1rio onde a tecnologia serve ao progresso humano, criando um mercado de trabalho mais din\u00e2mico, produtivo e, em \u00faltima inst\u00e2ncia, mais gratificante para todos. A era da IA j\u00e1 come\u00e7ou, e o momento de se preparar \u00e9 agora.<\/p>\n","protected":false},"excerpt":{"rendered":"<p>No din\u00e2mico universo da tecnologia, onde a inova\u00e7\u00e3o \u00e9 a for\u00e7a motriz, um tema tem ressoado com uma frequ\u00eancia crescente e, por vezes, inquietante: a rela\u00e7\u00e3o entre a Intelig\u00eancia Artificial e Empregos. Recentemente, mais um gigante do software global anunciou planos de reestrutura\u00e7\u00e3o que incluem desligamentos significativos \u2013 um corte de aproximadamente um d\u00e9cimo de [&hellip;]<\/p>\n","protected":false},"author":1,"featured_media":3952,"comment_status":"open","ping_status":"open","sticky":false,"template":"","format":"standard","meta":{"_yoast_wpseo_focuskw":"Intelig\u00eancia Artificial e Empregos","_yoast_wpseo_metadesc":"Descubra como os recentes an\u00fancios de demiss\u00f5es em gigantes da tecnologia sinalizam uma profunda transforma\u00e7\u00e3o impulsionada pela Intelig\u00eancia Artificial. Entenda o futuro do trabalho e como se preparar para as mudan\u00e7as que moldar\u00e3o o mercado de trabalho global.","footnotes":""},"categories":[2],"tags":[],"class_list":["post-3953","post","type-post","status-publish","format-standard","has-post-thumbnail","hentry","category-novidades"],"yoast_head":"<!-- This site is optimized with the Yoast SEO plugin v25.6 - https:\/\/yoast.com\/wordpress\/plugins\/seo\/ -->\n<title>O Alerta dos Gigantes Tech: Como a Intelig\u00eancia Artificial e Empregos Entram em Colis\u00e3o no Mercado Global - Lacerda AI<\/title>\n<meta name=\"description\" content=\"Descubra como os recentes an\u00fancios de demiss\u00f5es em gigantes da tecnologia sinalizam uma profunda transforma\u00e7\u00e3o impulsionada pela Intelig\u00eancia Artificial. Entenda o futuro do trabalho e como se preparar para as mudan\u00e7as que moldar\u00e3o o mercado de trabalho global.\" \/>\n<meta name=\"robots\" content=\"index, follow, max-snippet:-1, max-image-preview:large, max-video-preview:-1\" \/>\n<link rel=\"canonical\" href=\"https:\/\/lacerdaai.com\/br\/o-alerta-dos-gigantes-tech-como-a-inteligencia-artificial-e-empregos-entram-em-colisao-no-mercado-global\/\" \/>\n<meta property=\"og:locale\" content=\"pt_BR\" \/>\n<meta property=\"og:type\" content=\"article\" \/>\n<meta property=\"og:title\" content=\"O Alerta dos Gigantes Tech: Como a Intelig\u00eancia Artificial e Empregos Entram em Colis\u00e3o no Mercado Global - Lacerda AI\" \/>\n<meta property=\"og:description\" content=\"Descubra como os recentes an\u00fancios de demiss\u00f5es em gigantes da tecnologia sinalizam uma profunda transforma\u00e7\u00e3o impulsionada pela Intelig\u00eancia Artificial. Entenda o futuro do trabalho e como se preparar para as mudan\u00e7as que moldar\u00e3o o mercado de trabalho global.\" \/>\n<meta property=\"og:url\" content=\"https:\/\/lacerdaai.com\/br\/o-alerta-dos-gigantes-tech-como-a-inteligencia-artificial-e-empregos-entram-em-colisao-no-mercado-global\/\" \/>\n<meta property=\"og:site_name\" content=\"Lacerda AI\" \/>\n<meta property=\"article:published_time\" content=\"2026-03-13T03:15:30+00:00\" \/>\n<meta property=\"article:modified_time\" content=\"2026-03-13T03:15:31+00:00\" \/>\n<meta name=\"author\" content=\"Andr\u00e9 Lacerda\" \/>\n<meta name=\"twitter:card\" content=\"summary_large_image\" \/>\n<meta name=\"twitter:label1\" content=\"Escrito por\" \/>\n\t<meta name=\"twitter:data1\" content=\"Andr\u00e9 Lacerda\" \/>\n\t<meta name=\"twitter:label2\" content=\"Est. tempo de leitura\" \/>\n\t<meta name=\"twitter:data2\" content=\"11 minutos\" \/>\n<script type=\"application\/ld+json\" class=\"yoast-schema-graph\">{\"@context\":\"https:\/\/schema.org\",\"@graph\":[{\"@type\":\"WebPage\",\"@id\":\"https:\/\/lacerdaai.com\/br\/o-alerta-dos-gigantes-tech-como-a-inteligencia-artificial-e-empregos-entram-em-colisao-no-mercado-global\/\",\"url\":\"https:\/\/lacerdaai.com\/br\/o-alerta-dos-gigantes-tech-como-a-inteligencia-artificial-e-empregos-entram-em-colisao-no-mercado-global\/\",\"name\":\"O Alerta dos Gigantes Tech: Como a Intelig\u00eancia Artificial e Empregos Entram em Colis\u00e3o no Mercado Global - Lacerda AI\",\"isPartOf\":{\"@id\":\"https:\/\/lacerdaai.com\/br\/#website\"},\"primaryImageOfPage\":{\"@id\":\"https:\/\/lacerdaai.com\/br\/o-alerta-dos-gigantes-tech-como-a-inteligencia-artificial-e-empregos-entram-em-colisao-no-mercado-global\/#primaryimage\"},\"image\":{\"@id\":\"https:\/\/lacerdaai.com\/br\/o-alerta-dos-gigantes-tech-como-a-inteligencia-artificial-e-empregos-entram-em-colisao-no-mercado-global\/#primaryimage\"},\"thumbnailUrl\":\"https:\/\/lacerdaai.com\/br\/wp-content\/uploads\/2026\/03\/imagem-51.jpg\",\"datePublished\":\"2026-03-13T03:15:30+00:00\",\"dateModified\":\"2026-03-13T03:15:31+00:00\",\"author\":{\"@id\":\"https:\/\/lacerdaai.com\/br\/#\/schema\/person\/8bad803c2e83a0c5c5c75e02a1c2248f\"},\"description\":\"Descubra como os recentes an\u00fancios de demiss\u00f5es em gigantes da tecnologia sinalizam uma profunda transforma\u00e7\u00e3o impulsionada pela Intelig\u00eancia Artificial. Entenda o futuro do trabalho e como se preparar para as mudan\u00e7as que moldar\u00e3o o mercado de trabalho global.\",\"breadcrumb\":{\"@id\":\"https:\/\/lacerdaai.com\/br\/o-alerta-dos-gigantes-tech-como-a-inteligencia-artificial-e-empregos-entram-em-colisao-no-mercado-global\/#breadcrumb\"},\"inLanguage\":\"pt-BR\",\"potentialAction\":[{\"@type\":\"ReadAction\",\"target\":[\"https:\/\/lacerdaai.com\/br\/o-alerta-dos-gigantes-tech-como-a-inteligencia-artificial-e-empregos-entram-em-colisao-no-mercado-global\/\"]}]},{\"@type\":\"ImageObject\",\"inLanguage\":\"pt-BR\",\"@id\":\"https:\/\/lacerdaai.com\/br\/o-alerta-dos-gigantes-tech-como-a-inteligencia-artificial-e-empregos-entram-em-colisao-no-mercado-global\/#primaryimage\",\"url\":\"https:\/\/lacerdaai.com\/br\/wp-content\/uploads\/2026\/03\/imagem-51.jpg\",\"contentUrl\":\"https:\/\/lacerdaai.com\/br\/wp-content\/uploads\/2026\/03\/imagem-51.jpg\",\"width\":1200,\"height\":675},{\"@type\":\"BreadcrumbList\",\"@id\":\"https:\/\/lacerdaai.com\/br\/o-alerta-dos-gigantes-tech-como-a-inteligencia-artificial-e-empregos-entram-em-colisao-no-mercado-global\/#breadcrumb\",\"itemListElement\":[{\"@type\":\"ListItem\",\"position\":1,\"name\":\"In\u00edcio\",\"item\":\"https:\/\/lacerdaai.com\/br\/\"},{\"@type\":\"ListItem\",\"position\":2,\"name\":\"O Alerta dos Gigantes Tech: Como a Intelig\u00eancia Artificial e Empregos Entram em Colis\u00e3o no Mercado Global\"}]},{\"@type\":\"WebSite\",\"@id\":\"https:\/\/lacerdaai.com\/br\/#website\",\"url\":\"https:\/\/lacerdaai.com\/br\/\",\"name\":\"Lacerda AI\",\"description\":\"Seu blog di\u00e1rio de novidades do mundo da Inteligencia Artificial\",\"potentialAction\":[{\"@type\":\"SearchAction\",\"target\":{\"@type\":\"EntryPoint\",\"urlTemplate\":\"https:\/\/lacerdaai.com\/br\/?s={search_term_string}\"},\"query-input\":{\"@type\":\"PropertyValueSpecification\",\"valueRequired\":true,\"valueName\":\"search_term_string\"}}],\"inLanguage\":\"pt-BR\"},{\"@type\":\"Person\",\"@id\":\"https:\/\/lacerdaai.com\/br\/#\/schema\/person\/8bad803c2e83a0c5c5c75e02a1c2248f\",\"name\":\"Andr\u00e9 Lacerda\",\"image\":{\"@type\":\"ImageObject\",\"inLanguage\":\"pt-BR\",\"@id\":\"https:\/\/lacerdaai.com\/br\/#\/schema\/person\/image\/\",\"url\":\"https:\/\/secure.gravatar.com\/avatar\/f5c1fa5ad9763f54c1f223c3fc91f131da6288c9f9e28d74bb3c355ad99af205?s=96&d=mm&r=g\",\"contentUrl\":\"https:\/\/secure.gravatar.com\/avatar\/f5c1fa5ad9763f54c1f223c3fc91f131da6288c9f9e28d74bb3c355ad99af205?s=96&d=mm&r=g\",\"caption\":\"Andr\u00e9 Lacerda\"},\"description\":\"Sou o Andr\u00e9 Lacerda, tenho 35 anos e sou apaixonado por tecnologia, intelig\u00eancia artificial e boas hist\u00f3rias. Me formei em Tecnologia e Jornalismo \u2014 sim, uma mistura meio improv\u00e1vel, mas que combina muito comigo. J\u00e1 morei no Canad\u00e1 e na Espanha, e essas experi\u00eancias me ajudaram a enxergar a inova\u00e7\u00e3o com um olhar mais global (e a me virar bem em tr\u00eas idiomas \ud83d\ude04). Trabalhei em algumas das maiores empresas de tecnologia do mercado e, hoje, atuo como consultor ajudando neg\u00f3cios a entenderem e aplicarem IA de forma pr\u00e1tica, estrat\u00e9gica e humana. Gosto de traduzir o complexo em algo simples \u2014 e \u00e9 isso que voc\u00ea vai encontrar por aqui.\",\"sameAs\":[\"http:\/\/lacerdaai.com\/br\"],\"url\":\"https:\/\/lacerdaai.com\/br\/author\/red-admin\/\"}]}<\/script>\n<!-- \/ Yoast SEO plugin. -->","yoast_head_json":{"title":"O Alerta dos Gigantes Tech: Como a Intelig\u00eancia Artificial e Empregos Entram em Colis\u00e3o no Mercado Global - Lacerda AI","description":"Descubra como os recentes an\u00fancios de demiss\u00f5es em gigantes da tecnologia sinalizam uma profunda transforma\u00e7\u00e3o impulsionada pela Intelig\u00eancia Artificial. Entenda o futuro do trabalho e como se preparar para as mudan\u00e7as que moldar\u00e3o o mercado de trabalho global.","robots":{"index":"index","follow":"follow","max-snippet":"max-snippet:-1","max-image-preview":"max-image-preview:large","max-video-preview":"max-video-preview:-1"},"canonical":"https:\/\/lacerdaai.com\/br\/o-alerta-dos-gigantes-tech-como-a-inteligencia-artificial-e-empregos-entram-em-colisao-no-mercado-global\/","og_locale":"pt_BR","og_type":"article","og_title":"O Alerta dos Gigantes Tech: Como a Intelig\u00eancia Artificial e Empregos Entram em Colis\u00e3o no Mercado Global - Lacerda AI","og_description":"Descubra como os recentes an\u00fancios de demiss\u00f5es em gigantes da tecnologia sinalizam uma profunda transforma\u00e7\u00e3o impulsionada pela Intelig\u00eancia Artificial. Entenda o futuro do trabalho e como se preparar para as mudan\u00e7as que moldar\u00e3o o mercado de trabalho global.","og_url":"https:\/\/lacerdaai.com\/br\/o-alerta-dos-gigantes-tech-como-a-inteligencia-artificial-e-empregos-entram-em-colisao-no-mercado-global\/","og_site_name":"Lacerda AI","article_published_time":"2026-03-13T03:15:30+00:00","article_modified_time":"2026-03-13T03:15:31+00:00","author":"Andr\u00e9 Lacerda","twitter_card":"summary_large_image","twitter_misc":{"Escrito por":"Andr\u00e9 Lacerda","Est. tempo de leitura":"11 minutos"},"schema":{"@context":"https:\/\/schema.org","@graph":[{"@type":"WebPage","@id":"https:\/\/lacerdaai.com\/br\/o-alerta-dos-gigantes-tech-como-a-inteligencia-artificial-e-empregos-entram-em-colisao-no-mercado-global\/","url":"https:\/\/lacerdaai.com\/br\/o-alerta-dos-gigantes-tech-como-a-inteligencia-artificial-e-empregos-entram-em-colisao-no-mercado-global\/","name":"O Alerta dos Gigantes Tech: Como a Intelig\u00eancia Artificial e Empregos Entram em Colis\u00e3o no Mercado Global - Lacerda AI","isPartOf":{"@id":"https:\/\/lacerdaai.com\/br\/#website"},"primaryImageOfPage":{"@id":"https:\/\/lacerdaai.com\/br\/o-alerta-dos-gigantes-tech-como-a-inteligencia-artificial-e-empregos-entram-em-colisao-no-mercado-global\/#primaryimage"},"image":{"@id":"https:\/\/lacerdaai.com\/br\/o-alerta-dos-gigantes-tech-como-a-inteligencia-artificial-e-empregos-entram-em-colisao-no-mercado-global\/#primaryimage"},"thumbnailUrl":"https:\/\/lacerdaai.com\/br\/wp-content\/uploads\/2026\/03\/imagem-51.jpg","datePublished":"2026-03-13T03:15:30+00:00","dateModified":"2026-03-13T03:15:31+00:00","author":{"@id":"https:\/\/lacerdaai.com\/br\/#\/schema\/person\/8bad803c2e83a0c5c5c75e02a1c2248f"},"description":"Descubra como os recentes an\u00fancios de demiss\u00f5es em gigantes da tecnologia sinalizam uma profunda transforma\u00e7\u00e3o impulsionada pela Intelig\u00eancia Artificial. Entenda o futuro do trabalho e como se preparar para as mudan\u00e7as que moldar\u00e3o o mercado de trabalho global.","breadcrumb":{"@id":"https:\/\/lacerdaai.com\/br\/o-alerta-dos-gigantes-tech-como-a-inteligencia-artificial-e-empregos-entram-em-colisao-no-mercado-global\/#breadcrumb"},"inLanguage":"pt-BR","potentialAction":[{"@type":"ReadAction","target":["https:\/\/lacerdaai.com\/br\/o-alerta-dos-gigantes-tech-como-a-inteligencia-artificial-e-empregos-entram-em-colisao-no-mercado-global\/"]}]},{"@type":"ImageObject","inLanguage":"pt-BR","@id":"https:\/\/lacerdaai.com\/br\/o-alerta-dos-gigantes-tech-como-a-inteligencia-artificial-e-empregos-entram-em-colisao-no-mercado-global\/#primaryimage","url":"https:\/\/lacerdaai.com\/br\/wp-content\/uploads\/2026\/03\/imagem-51.jpg","contentUrl":"https:\/\/lacerdaai.com\/br\/wp-content\/uploads\/2026\/03\/imagem-51.jpg","width":1200,"height":675},{"@type":"BreadcrumbList","@id":"https:\/\/lacerdaai.com\/br\/o-alerta-dos-gigantes-tech-como-a-inteligencia-artificial-e-empregos-entram-em-colisao-no-mercado-global\/#breadcrumb","itemListElement":[{"@type":"ListItem","position":1,"name":"In\u00edcio","item":"https:\/\/lacerdaai.com\/br\/"},{"@type":"ListItem","position":2,"name":"O Alerta dos Gigantes Tech: Como a Intelig\u00eancia Artificial e Empregos Entram em Colis\u00e3o no Mercado Global"}]},{"@type":"WebSite","@id":"https:\/\/lacerdaai.com\/br\/#website","url":"https:\/\/lacerdaai.com\/br\/","name":"Lacerda AI","description":"Seu blog di\u00e1rio de novidades do mundo da Inteligencia Artificial","potentialAction":[{"@type":"SearchAction","target":{"@type":"EntryPoint","urlTemplate":"https:\/\/lacerdaai.com\/br\/?s={search_term_string}"},"query-input":{"@type":"PropertyValueSpecification","valueRequired":true,"valueName":"search_term_string"}}],"inLanguage":"pt-BR"},{"@type":"Person","@id":"https:\/\/lacerdaai.com\/br\/#\/schema\/person\/8bad803c2e83a0c5c5c75e02a1c2248f","name":"Andr\u00e9 Lacerda","image":{"@type":"ImageObject","inLanguage":"pt-BR","@id":"https:\/\/lacerdaai.com\/br\/#\/schema\/person\/image\/","url":"https:\/\/secure.gravatar.com\/avatar\/f5c1fa5ad9763f54c1f223c3fc91f131da6288c9f9e28d74bb3c355ad99af205?s=96&d=mm&r=g","contentUrl":"https:\/\/secure.gravatar.com\/avatar\/f5c1fa5ad9763f54c1f223c3fc91f131da6288c9f9e28d74bb3c355ad99af205?s=96&d=mm&r=g","caption":"Andr\u00e9 Lacerda"},"description":"Sou o Andr\u00e9 Lacerda, tenho 35 anos e sou apaixonado por tecnologia, intelig\u00eancia artificial e boas hist\u00f3rias. Me formei em Tecnologia e Jornalismo \u2014 sim, uma mistura meio improv\u00e1vel, mas que combina muito comigo. J\u00e1 morei no Canad\u00e1 e na Espanha, e essas experi\u00eancias me ajudaram a enxergar a inova\u00e7\u00e3o com um olhar mais global (e a me virar bem em tr\u00eas idiomas \ud83d\ude04). Trabalhei em algumas das maiores empresas de tecnologia do mercado e, hoje, atuo como consultor ajudando neg\u00f3cios a entenderem e aplicarem IA de forma pr\u00e1tica, estrat\u00e9gica e humana. Gosto de traduzir o complexo em algo simples \u2014 e \u00e9 isso que voc\u00ea vai encontrar por aqui.","sameAs":["http:\/\/lacerdaai.com\/br"],"url":"https:\/\/lacerdaai.com\/br\/author\/red-admin\/"}]}},"_links":{"self":[{"href":"https:\/\/lacerdaai.com\/br\/wp-json\/wp\/v2\/posts\/3953","targetHints":{"allow":["GET"]}}],"collection":[{"href":"https:\/\/lacerdaai.com\/br\/wp-json\/wp\/v2\/posts"}],"about":[{"href":"https:\/\/lacerdaai.com\/br\/wp-json\/wp\/v2\/types\/post"}],"author":[{"embeddable":true,"href":"https:\/\/lacerdaai.com\/br\/wp-json\/wp\/v2\/users\/1"}],"replies":[{"embeddable":true,"href":"https:\/\/lacerdaai.com\/br\/wp-json\/wp\/v2\/comments?post=3953"}],"version-history":[{"count":1,"href":"https:\/\/lacerdaai.com\/br\/wp-json\/wp\/v2\/posts\/3953\/revisions"}],"predecessor-version":[{"id":3954,"href":"https:\/\/lacerdaai.com\/br\/wp-json\/wp\/v2\/posts\/3953\/revisions\/3954"}],"wp:featuredmedia":[{"embeddable":true,"href":"https:\/\/lacerdaai.com\/br\/wp-json\/wp\/v2\/media\/3952"}],"wp:attachment":[{"href":"https:\/\/lacerdaai.com\/br\/wp-json\/wp\/v2\/media?parent=3953"}],"wp:term":[{"taxonomy":"category","embeddable":true,"href":"https:\/\/lacerdaai.com\/br\/wp-json\/wp\/v2\/categories?post=3953"},{"taxonomy":"post_tag","embeddable":true,"href":"https:\/\/lacerdaai.com\/br\/wp-json\/wp\/v2\/tags?post=3953"}],"curies":[{"name":"wp","href":"https:\/\/api.w.org\/{rel}","templated":true}]}}