{"id":3971,"date":"2026-03-14T08:14:59","date_gmt":"2026-03-14T11:14:59","guid":{"rendered":"https:\/\/lacerdaai.com\/br\/deepfakes-de-ia-na-politica-a-ameaca-invisivel-que-desafia-a-democracia\/"},"modified":"2026-03-14T08:15:00","modified_gmt":"2026-03-14T11:15:00","slug":"deepfakes-de-ia-na-politica-a-ameaca-invisivel-que-desafia-a-democracia","status":"publish","type":"post","link":"https:\/\/lacerdaai.com\/br\/deepfakes-de-ia-na-politica-a-ameaca-invisivel-que-desafia-a-democracia\/","title":{"rendered":"Deepfakes de IA na Pol\u00edtica: A Amea\u00e7a Invis\u00edvel que Desafia a Democracia"},"content":{"rendered":"<p>No cen\u00e1rio digital contempor\u00e2neo, a linha entre a realidade e a fic\u00e7\u00e3o nunca foi t\u00e3o t\u00eanue. Com o avan\u00e7o vertiginoso da Intelig\u00eancia Artificial, somos constantemente confrontados com inova\u00e7\u00f5es que, embora promissoras, carregam consigo um potencial assustador de manipula\u00e7\u00e3o. Recentemente, um epis\u00f3dio nos Estados Unidos chamou a aten\u00e7\u00e3o global: a divulga\u00e7\u00e3o de um an\u00fancio online por republicanos que apresentava uma vers\u00e3o falsificada, mas incrivelmente realista, de um candidato democrata, James Talarico, falando diretamente para a c\u00e2mera por mais de um minuto. Este incidente, que serve como um alerta contundente, n\u00e3o \u00e9 um caso isolado, mas um sintoma de um desafio crescente: como a desinforma\u00e7\u00e3o gerada por <strong>deepfake de IA<\/strong> pode erodir a confian\u00e7a p\u00fablica e comprometer a integridade dos processos democr\u00e1ticos ao redor do mundo. Como entusiasta da tecnologia e especialista em IA, vejo a urg\u00eancia de debater essa interse\u00e7\u00e3o complexa e muitas vezes perigosa entre a inova\u00e7\u00e3o e a \u00e9tica, especialmente no turbulento universo da pol\u00edtica. Prepare-se para mergulhar fundo neste tema que redefine nossa percep\u00e7\u00e3o de verdade na era digital.<\/p>\n<p>### O que \u00e9 um <strong>deepfake de IA<\/strong> e como ele se tornou uma arma pol\u00edtica?<\/p>\n<p>O termo &#8220;deepfake&#8221; \u00e9 uma combina\u00e7\u00e3o de &#8220;deep learning&#8221; (aprendizagem profunda) e &#8220;fake&#8221; (falso). Essencialmente, um <strong>deepfake de IA<\/strong> \u00e9 uma m\u00eddia sint\u00e9tica \u2014 seja v\u00eddeo, \u00e1udio ou imagem \u2014 criada por algoritmos de intelig\u00eancia artificial que foram treinados em vastos conjuntos de dados para gerar conte\u00fado que parece aut\u00eantico. A tecnologia por tr\u00e1s disso \u00e9 fascinante e complexa, frequentemente utilizando redes neurais generativas adversariais (GANs, na sigla em ingl\u00eas), onde duas redes neurais competem: uma (o gerador) cria o conte\u00fado falso, e a outra (o discriminador) tenta identificar se o conte\u00fado \u00e9 real ou gerado. Com o tempo, essa competi\u00e7\u00e3o aprimora o gerador a criar falsifica\u00e7\u00f5es quase indistingu\u00edveis do original.<\/p>\n<p>Inicialmente, os deepfakes ganharam notoriedade por seu uso em entretenimento e par\u00f3dias, permitindo a cria\u00e7\u00e3o de v\u00eddeos engra\u00e7ados ou de efeitos especiais impressionantes. No entanto, a facilidade de acesso a ferramentas de cria\u00e7\u00e3o e a crescente sofistica\u00e7\u00e3o da tecnologia logo abriram as portas para usos maliciosos. No contexto pol\u00edtico, um deepfake pode ter um impacto devastador. Imagine um candidato sendo retratado em um v\u00eddeo falso fazendo declara\u00e7\u00f5es controversas que nunca proferiu, ou se envolvendo em situa\u00e7\u00f5es comprometedoras que jamais aconteceram. O caso de James Talarico ilustra perfeitamente essa din\u00e2mica. A campanha republicana utilizou IA para fabricar um v\u00eddeo que parecia genu\u00edno, mas que apresentava Talarico de uma forma que supostamente prejudicaria sua imagem eleitoral. Esse tipo de t\u00e1tica explora a dificuldade intr\u00ednseca de discernir a verdade em um ambiente saturado de informa\u00e7\u00f5es e a tend\u00eancia humana de acreditar no que se v\u00ea \u2013 ou se ouve. A velocidade com que essas falsifica\u00e7\u00f5es podem ser disseminadas online, amplificadas por algoritmos de redes sociais, torna-as uma ferramenta poderosa e perigosa na guerra da narrativa pol\u00edtica, capaz de influenciar opini\u00f5es, desmotivar eleitores e at\u00e9 mesmo alterar o resultado de elei\u00e7\u00f5es.<\/p>\n<p>### A Prolifera\u00e7\u00e3o da Desinforma\u00e7\u00e3o: Deepfakes e o Cen\u00e1rio Pol\u00edtico Brasileiro<\/p>\n<p>Embora o exemplo de James Talarico venha dos Estados Unidos, o Brasil n\u00e3o \u00e9 imune a essa crescente amea\u00e7a. Pelo contr\u00e1rio, o ambiente digital brasileiro, caracterizado por uma alta penetra\u00e7\u00e3o de redes sociais e um hist\u00f3rico recente de polariza\u00e7\u00e3o e dissemina\u00e7\u00e3o de not\u00edcias falsas (as famigeradas *fake news*), torna-o um terreno f\u00e9rtil para a prolifera\u00e7\u00e3o de deepfakes pol\u00edticos. Nossas elei\u00e7\u00f5es j\u00e1 foram palco de intensas batalhas narrativas, onde a verdade muitas vezes foi sacrificada em nome de agendas pol\u00edticas. Com a chegada do <strong>deepfake de IA<\/strong>, essa batalha ganha uma nova e perigosa dimens\u00e3o.<\/p>\n<p>As consequ\u00eancias s\u00e3o multifacetadas e preocupantes. Em primeiro lugar, h\u00e1 a eros\u00e3o da confian\u00e7a. Quando os eleitores n\u00e3o conseguem mais distinguir o que \u00e9 real do que \u00e9 fabricado, a credibilidade de pol\u00edticos, institui\u00e7\u00f5es e at\u00e9 mesmo da m\u00eddia jornal\u00edstica \u00e9 minada. Isso pode levar \u00e0 apatia eleitoral ou, inversamente, a uma radicaliza\u00e7\u00e3o baseada em falsas premissas. Em segundo lugar, a manipula\u00e7\u00e3o de informa\u00e7\u00f5es pode distorcer completamente o debate p\u00fablico. Em vez de discutir propostas e plataformas reais, o foco se desvia para desmentir v\u00eddeos e \u00e1udios falsos, desviando a aten\u00e7\u00e3o dos temas verdadeiramente importantes para o futuro do pa\u00eds. O Brasil, com sua vasta popula\u00e7\u00e3o conectada e uma cultura de compartilhamento r\u00e1pido de conte\u00fado em plataformas como WhatsApp e TikTok, oferece um ambiente ideal para que deepfakes se tornem virais em quest\u00e3o de horas, antes mesmo que qualquer esfor\u00e7o de verifica\u00e7\u00e3o possa surtir efeito. A cria\u00e7\u00e3o de falsas pol\u00eamicas, a difama\u00e7\u00e3o de advers\u00e1rios e a manipula\u00e7\u00e3o de falas para parecer que um candidato disse algo que nunca disse, s\u00e3o cen\u00e1rios que se tornam cada vez mais plaus\u00edveis e com consequ\u00eancias graves para a estabilidade democr\u00e1tica e social. A nossa rica tape\u00e7aria cultural e pol\u00edtica, infelizmente, tamb\u00e9m oferece m\u00faltiplas oportunidades para a explora\u00e7\u00e3o de divis\u00f5es sociais atrav\u00e9s da manipula\u00e7\u00e3o de conte\u00fado gerado por IA.<\/p>\n<p>### Estrat\u00e9gias para Combater a Mar\u00e9 de Fake News e Proteger a Democracia<\/p>\n<p>Diante de um desafio t\u00e3o complexo e multifacetado como a prolifera\u00e7\u00e3o de deepfakes, as solu\u00e7\u00f5es tamb\u00e9m precisam ser abrangentes e colaborativas. N\u00e3o h\u00e1 uma \u00fanica bala de prata, mas sim um conjunto de estrat\u00e9gias que devem ser implementadas em diversas frentes. A primeira linha de defesa reside no avan\u00e7o tecnol\u00f3gico. Pesquisadores em IA est\u00e3o desenvolvendo ferramentas de detec\u00e7\u00e3o de deepfakes cada vez mais sofisticadas, que utilizam algoritmos para identificar anomalias sutis em v\u00eddeos e \u00e1udios que indicam manipula\u00e7\u00e3o. Tecnologias como marcas d&#8217;\u00e1gua digitais impercept\u00edveis e sistemas baseados em blockchain para verificar a autenticidade de m\u00eddias desde sua origem s\u00e3o promissoras, mas seu desenvolvimento precisa acompanhar o ritmo acelerado da cria\u00e7\u00e3o de deepfakes.<\/p>\n<p>No entanto, a tecnologia sozinha n\u00e3o \u00e9 suficiente. A educa\u00e7\u00e3o \u00e9 uma ferramenta poderosa. Promover a literacia midi\u00e1tica e o pensamento cr\u00edtico entre os cidad\u00e3os \u00e9 fundamental. Ensinar as pessoas a questionar a fonte da informa\u00e7\u00e3o, a buscar m\u00faltiplas perspectivas e a reconhecer sinais de manipula\u00e7\u00e3o pode fortalecer a resili\u00eancia da sociedade contra a desinforma\u00e7\u00e3o. Iniciativas educacionais em escolas e campanhas de conscientiza\u00e7\u00e3o p\u00fablica s\u00e3o cruciais. Al\u00e9m disso, a responsabilidade das plataformas de redes sociais \u00e9 imensa. Elas precisam aprimorar seus mecanismos de modera\u00e7\u00e3o de conte\u00fado, implementar pol\u00edticas claras contra a dissemina\u00e7\u00e3o de deepfakes maliciosos e investir em equipes de verifica\u00e7\u00e3o de fatos robustas, agindo proativamente para remover ou sinalizar conte\u00fado falso antes que ele se espalhe incontrolavelmente. A colabora\u00e7\u00e3o entre governos, empresas de tecnologia, institui\u00e7\u00f5es acad\u00eamicas e a sociedade civil \u00e9 indispens\u00e1vel para criar um ecossistema digital mais seguro e confi\u00e1vel. A cria\u00e7\u00e3o de arcabou\u00e7os regulat\u00f3rios e legais tamb\u00e9m \u00e9 vital, buscando equilibrar a liberdade de express\u00e3o com a necessidade de combater a manipula\u00e7\u00e3o e proteger a integridade eleitoral, um desafio jur\u00eddico e \u00e9tico que exige pondera\u00e7\u00e3o e debate profundo. O Brasil, por exemplo, j\u00e1 discute projetos de lei que visam combater a desinforma\u00e7\u00e3o, e a inclus\u00e3o de especificidades para deepfakes \u00e9 um passo necess\u00e1rio.<\/p>\n<p>A era do <strong>deepfake de IA<\/strong> nos confronta com uma nova realidade: a de que nem tudo que vemos ou ouvimos \u00e9 necessariamente verdadeiro. Esse desafio exige uma vigil\u00e2ncia constante e uma a\u00e7\u00e3o conjunta de todos os atores sociais para proteger os pilares da nossa democracia. Minha paix\u00e3o pela intelig\u00eancia artificial \u00e9 inabal\u00e1vel, mas vem acompanhada da consci\u00eancia de que, com grande poder, v\u00eam grandes responsabilidades. A inova\u00e7\u00e3o n\u00e3o pode existir sem \u00e9tica, e a tecnologia deve sempre servir ao bem comum, n\u00e3o \u00e0 sua subvers\u00e3o. \u00c9 imperativo que continuemos a educar, a regulamentar com sabedoria e a desenvolver tecnologias de contra-medida, garantindo que a verdade e a integridade informacional prevale\u00e7am sobre a manipula\u00e7\u00e3o digital. O futuro da nossa democracia depende da nossa capacidade coletiva de navegar por essa complexa paisagem digital com discernimento e responsabilidade.<\/p>\n","protected":false},"excerpt":{"rendered":"<p>No cen\u00e1rio digital contempor\u00e2neo, a linha entre a realidade e a fic\u00e7\u00e3o nunca foi t\u00e3o t\u00eanue. Com o avan\u00e7o vertiginoso da Intelig\u00eancia Artificial, somos constantemente confrontados com inova\u00e7\u00f5es que, embora promissoras, carregam consigo um potencial assustador de manipula\u00e7\u00e3o. Recentemente, um epis\u00f3dio nos Estados Unidos chamou a aten\u00e7\u00e3o global: a divulga\u00e7\u00e3o de um an\u00fancio online por [&hellip;]<\/p>\n","protected":false},"author":1,"featured_media":3970,"comment_status":"open","ping_status":"open","sticky":false,"template":"","format":"standard","meta":{"_yoast_wpseo_focuskw":"deepfake de IA","_yoast_wpseo_metadesc":"Explore como os deepfakes de IA est\u00e3o se tornando uma ferramenta de manipula\u00e7\u00e3o em campanhas pol\u00edticas, os riscos \u00e0 democracia e as estrat\u00e9gias para combater a desinforma\u00e7\u00e3o digital.","footnotes":""},"categories":[2],"tags":[],"class_list":["post-3971","post","type-post","status-publish","format-standard","has-post-thumbnail","hentry","category-novidades"],"yoast_head":"<!-- This site is optimized with the Yoast SEO plugin v25.6 - https:\/\/yoast.com\/wordpress\/plugins\/seo\/ -->\n<title>Deepfakes de IA na Pol\u00edtica: A Amea\u00e7a Invis\u00edvel que Desafia a Democracia - Lacerda AI<\/title>\n<meta name=\"description\" content=\"Explore como os deepfakes de IA est\u00e3o se tornando uma ferramenta de manipula\u00e7\u00e3o em campanhas pol\u00edticas, os riscos \u00e0 democracia e as estrat\u00e9gias para combater a desinforma\u00e7\u00e3o digital.\" \/>\n<meta name=\"robots\" content=\"index, follow, max-snippet:-1, max-image-preview:large, max-video-preview:-1\" \/>\n<link rel=\"canonical\" href=\"https:\/\/lacerdaai.com\/br\/deepfakes-de-ia-na-politica-a-ameaca-invisivel-que-desafia-a-democracia\/\" \/>\n<meta property=\"og:locale\" content=\"pt_BR\" \/>\n<meta property=\"og:type\" content=\"article\" \/>\n<meta property=\"og:title\" content=\"Deepfakes de IA na Pol\u00edtica: A Amea\u00e7a Invis\u00edvel que Desafia a Democracia - Lacerda AI\" \/>\n<meta property=\"og:description\" content=\"Explore como os deepfakes de IA est\u00e3o se tornando uma ferramenta de manipula\u00e7\u00e3o em campanhas pol\u00edticas, os riscos \u00e0 democracia e as estrat\u00e9gias para combater a desinforma\u00e7\u00e3o digital.\" \/>\n<meta property=\"og:url\" content=\"https:\/\/lacerdaai.com\/br\/deepfakes-de-ia-na-politica-a-ameaca-invisivel-que-desafia-a-democracia\/\" \/>\n<meta property=\"og:site_name\" content=\"Lacerda AI\" \/>\n<meta property=\"article:published_time\" content=\"2026-03-14T11:14:59+00:00\" \/>\n<meta property=\"article:modified_time\" content=\"2026-03-14T11:15:00+00:00\" \/>\n<meta name=\"author\" content=\"Andr\u00e9 Lacerda\" \/>\n<meta name=\"twitter:card\" content=\"summary_large_image\" \/>\n<meta name=\"twitter:label1\" content=\"Escrito por\" \/>\n\t<meta name=\"twitter:data1\" content=\"Andr\u00e9 Lacerda\" \/>\n\t<meta name=\"twitter:label2\" content=\"Est. tempo de leitura\" \/>\n\t<meta name=\"twitter:data2\" content=\"7 minutos\" \/>\n<script type=\"application\/ld+json\" class=\"yoast-schema-graph\">{\"@context\":\"https:\/\/schema.org\",\"@graph\":[{\"@type\":\"WebPage\",\"@id\":\"https:\/\/lacerdaai.com\/br\/deepfakes-de-ia-na-politica-a-ameaca-invisivel-que-desafia-a-democracia\/\",\"url\":\"https:\/\/lacerdaai.com\/br\/deepfakes-de-ia-na-politica-a-ameaca-invisivel-que-desafia-a-democracia\/\",\"name\":\"Deepfakes de IA na Pol\u00edtica: A Amea\u00e7a Invis\u00edvel que Desafia a Democracia - Lacerda AI\",\"isPartOf\":{\"@id\":\"https:\/\/lacerdaai.com\/br\/#website\"},\"primaryImageOfPage\":{\"@id\":\"https:\/\/lacerdaai.com\/br\/deepfakes-de-ia-na-politica-a-ameaca-invisivel-que-desafia-a-democracia\/#primaryimage\"},\"image\":{\"@id\":\"https:\/\/lacerdaai.com\/br\/deepfakes-de-ia-na-politica-a-ameaca-invisivel-que-desafia-a-democracia\/#primaryimage\"},\"thumbnailUrl\":\"https:\/\/lacerdaai.com\/br\/wp-content\/uploads\/2026\/03\/imagem-57.jpg\",\"datePublished\":\"2026-03-14T11:14:59+00:00\",\"dateModified\":\"2026-03-14T11:15:00+00:00\",\"author\":{\"@id\":\"https:\/\/lacerdaai.com\/br\/#\/schema\/person\/8bad803c2e83a0c5c5c75e02a1c2248f\"},\"description\":\"Explore como os deepfakes de IA est\u00e3o se tornando uma ferramenta de manipula\u00e7\u00e3o em campanhas pol\u00edticas, os riscos \u00e0 democracia e as estrat\u00e9gias para combater a desinforma\u00e7\u00e3o digital.\",\"breadcrumb\":{\"@id\":\"https:\/\/lacerdaai.com\/br\/deepfakes-de-ia-na-politica-a-ameaca-invisivel-que-desafia-a-democracia\/#breadcrumb\"},\"inLanguage\":\"pt-BR\",\"potentialAction\":[{\"@type\":\"ReadAction\",\"target\":[\"https:\/\/lacerdaai.com\/br\/deepfakes-de-ia-na-politica-a-ameaca-invisivel-que-desafia-a-democracia\/\"]}]},{\"@type\":\"ImageObject\",\"inLanguage\":\"pt-BR\",\"@id\":\"https:\/\/lacerdaai.com\/br\/deepfakes-de-ia-na-politica-a-ameaca-invisivel-que-desafia-a-democracia\/#primaryimage\",\"url\":\"https:\/\/lacerdaai.com\/br\/wp-content\/uploads\/2026\/03\/imagem-57.jpg\",\"contentUrl\":\"https:\/\/lacerdaai.com\/br\/wp-content\/uploads\/2026\/03\/imagem-57.jpg\",\"width\":800,\"height\":450},{\"@type\":\"BreadcrumbList\",\"@id\":\"https:\/\/lacerdaai.com\/br\/deepfakes-de-ia-na-politica-a-ameaca-invisivel-que-desafia-a-democracia\/#breadcrumb\",\"itemListElement\":[{\"@type\":\"ListItem\",\"position\":1,\"name\":\"In\u00edcio\",\"item\":\"https:\/\/lacerdaai.com\/br\/\"},{\"@type\":\"ListItem\",\"position\":2,\"name\":\"Deepfakes de IA na Pol\u00edtica: A Amea\u00e7a Invis\u00edvel que Desafia a Democracia\"}]},{\"@type\":\"WebSite\",\"@id\":\"https:\/\/lacerdaai.com\/br\/#website\",\"url\":\"https:\/\/lacerdaai.com\/br\/\",\"name\":\"Lacerda AI\",\"description\":\"Seu blog di\u00e1rio de novidades do mundo da Inteligencia Artificial\",\"potentialAction\":[{\"@type\":\"SearchAction\",\"target\":{\"@type\":\"EntryPoint\",\"urlTemplate\":\"https:\/\/lacerdaai.com\/br\/?s={search_term_string}\"},\"query-input\":{\"@type\":\"PropertyValueSpecification\",\"valueRequired\":true,\"valueName\":\"search_term_string\"}}],\"inLanguage\":\"pt-BR\"},{\"@type\":\"Person\",\"@id\":\"https:\/\/lacerdaai.com\/br\/#\/schema\/person\/8bad803c2e83a0c5c5c75e02a1c2248f\",\"name\":\"Andr\u00e9 Lacerda\",\"image\":{\"@type\":\"ImageObject\",\"inLanguage\":\"pt-BR\",\"@id\":\"https:\/\/lacerdaai.com\/br\/#\/schema\/person\/image\/\",\"url\":\"https:\/\/secure.gravatar.com\/avatar\/f5c1fa5ad9763f54c1f223c3fc91f131da6288c9f9e28d74bb3c355ad99af205?s=96&d=mm&r=g\",\"contentUrl\":\"https:\/\/secure.gravatar.com\/avatar\/f5c1fa5ad9763f54c1f223c3fc91f131da6288c9f9e28d74bb3c355ad99af205?s=96&d=mm&r=g\",\"caption\":\"Andr\u00e9 Lacerda\"},\"description\":\"Sou o Andr\u00e9 Lacerda, tenho 35 anos e sou apaixonado por tecnologia, intelig\u00eancia artificial e boas hist\u00f3rias. Me formei em Tecnologia e Jornalismo \u2014 sim, uma mistura meio improv\u00e1vel, mas que combina muito comigo. J\u00e1 morei no Canad\u00e1 e na Espanha, e essas experi\u00eancias me ajudaram a enxergar a inova\u00e7\u00e3o com um olhar mais global (e a me virar bem em tr\u00eas idiomas \ud83d\ude04). Trabalhei em algumas das maiores empresas de tecnologia do mercado e, hoje, atuo como consultor ajudando neg\u00f3cios a entenderem e aplicarem IA de forma pr\u00e1tica, estrat\u00e9gica e humana. Gosto de traduzir o complexo em algo simples \u2014 e \u00e9 isso que voc\u00ea vai encontrar por aqui.\",\"sameAs\":[\"http:\/\/lacerdaai.com\/br\"],\"url\":\"https:\/\/lacerdaai.com\/br\/author\/red-admin\/\"}]}<\/script>\n<!-- \/ Yoast SEO plugin. -->","yoast_head_json":{"title":"Deepfakes de IA na Pol\u00edtica: A Amea\u00e7a Invis\u00edvel que Desafia a Democracia - Lacerda AI","description":"Explore como os deepfakes de IA est\u00e3o se tornando uma ferramenta de manipula\u00e7\u00e3o em campanhas pol\u00edticas, os riscos \u00e0 democracia e as estrat\u00e9gias para combater a desinforma\u00e7\u00e3o digital.","robots":{"index":"index","follow":"follow","max-snippet":"max-snippet:-1","max-image-preview":"max-image-preview:large","max-video-preview":"max-video-preview:-1"},"canonical":"https:\/\/lacerdaai.com\/br\/deepfakes-de-ia-na-politica-a-ameaca-invisivel-que-desafia-a-democracia\/","og_locale":"pt_BR","og_type":"article","og_title":"Deepfakes de IA na Pol\u00edtica: A Amea\u00e7a Invis\u00edvel que Desafia a Democracia - Lacerda AI","og_description":"Explore como os deepfakes de IA est\u00e3o se tornando uma ferramenta de manipula\u00e7\u00e3o em campanhas pol\u00edticas, os riscos \u00e0 democracia e as estrat\u00e9gias para combater a desinforma\u00e7\u00e3o digital.","og_url":"https:\/\/lacerdaai.com\/br\/deepfakes-de-ia-na-politica-a-ameaca-invisivel-que-desafia-a-democracia\/","og_site_name":"Lacerda AI","article_published_time":"2026-03-14T11:14:59+00:00","article_modified_time":"2026-03-14T11:15:00+00:00","author":"Andr\u00e9 Lacerda","twitter_card":"summary_large_image","twitter_misc":{"Escrito por":"Andr\u00e9 Lacerda","Est. tempo de leitura":"7 minutos"},"schema":{"@context":"https:\/\/schema.org","@graph":[{"@type":"WebPage","@id":"https:\/\/lacerdaai.com\/br\/deepfakes-de-ia-na-politica-a-ameaca-invisivel-que-desafia-a-democracia\/","url":"https:\/\/lacerdaai.com\/br\/deepfakes-de-ia-na-politica-a-ameaca-invisivel-que-desafia-a-democracia\/","name":"Deepfakes de IA na Pol\u00edtica: A Amea\u00e7a Invis\u00edvel que Desafia a Democracia - Lacerda AI","isPartOf":{"@id":"https:\/\/lacerdaai.com\/br\/#website"},"primaryImageOfPage":{"@id":"https:\/\/lacerdaai.com\/br\/deepfakes-de-ia-na-politica-a-ameaca-invisivel-que-desafia-a-democracia\/#primaryimage"},"image":{"@id":"https:\/\/lacerdaai.com\/br\/deepfakes-de-ia-na-politica-a-ameaca-invisivel-que-desafia-a-democracia\/#primaryimage"},"thumbnailUrl":"https:\/\/lacerdaai.com\/br\/wp-content\/uploads\/2026\/03\/imagem-57.jpg","datePublished":"2026-03-14T11:14:59+00:00","dateModified":"2026-03-14T11:15:00+00:00","author":{"@id":"https:\/\/lacerdaai.com\/br\/#\/schema\/person\/8bad803c2e83a0c5c5c75e02a1c2248f"},"description":"Explore como os deepfakes de IA est\u00e3o se tornando uma ferramenta de manipula\u00e7\u00e3o em campanhas pol\u00edticas, os riscos \u00e0 democracia e as estrat\u00e9gias para combater a desinforma\u00e7\u00e3o digital.","breadcrumb":{"@id":"https:\/\/lacerdaai.com\/br\/deepfakes-de-ia-na-politica-a-ameaca-invisivel-que-desafia-a-democracia\/#breadcrumb"},"inLanguage":"pt-BR","potentialAction":[{"@type":"ReadAction","target":["https:\/\/lacerdaai.com\/br\/deepfakes-de-ia-na-politica-a-ameaca-invisivel-que-desafia-a-democracia\/"]}]},{"@type":"ImageObject","inLanguage":"pt-BR","@id":"https:\/\/lacerdaai.com\/br\/deepfakes-de-ia-na-politica-a-ameaca-invisivel-que-desafia-a-democracia\/#primaryimage","url":"https:\/\/lacerdaai.com\/br\/wp-content\/uploads\/2026\/03\/imagem-57.jpg","contentUrl":"https:\/\/lacerdaai.com\/br\/wp-content\/uploads\/2026\/03\/imagem-57.jpg","width":800,"height":450},{"@type":"BreadcrumbList","@id":"https:\/\/lacerdaai.com\/br\/deepfakes-de-ia-na-politica-a-ameaca-invisivel-que-desafia-a-democracia\/#breadcrumb","itemListElement":[{"@type":"ListItem","position":1,"name":"In\u00edcio","item":"https:\/\/lacerdaai.com\/br\/"},{"@type":"ListItem","position":2,"name":"Deepfakes de IA na Pol\u00edtica: A Amea\u00e7a Invis\u00edvel que Desafia a Democracia"}]},{"@type":"WebSite","@id":"https:\/\/lacerdaai.com\/br\/#website","url":"https:\/\/lacerdaai.com\/br\/","name":"Lacerda AI","description":"Seu blog di\u00e1rio de novidades do mundo da Inteligencia Artificial","potentialAction":[{"@type":"SearchAction","target":{"@type":"EntryPoint","urlTemplate":"https:\/\/lacerdaai.com\/br\/?s={search_term_string}"},"query-input":{"@type":"PropertyValueSpecification","valueRequired":true,"valueName":"search_term_string"}}],"inLanguage":"pt-BR"},{"@type":"Person","@id":"https:\/\/lacerdaai.com\/br\/#\/schema\/person\/8bad803c2e83a0c5c5c75e02a1c2248f","name":"Andr\u00e9 Lacerda","image":{"@type":"ImageObject","inLanguage":"pt-BR","@id":"https:\/\/lacerdaai.com\/br\/#\/schema\/person\/image\/","url":"https:\/\/secure.gravatar.com\/avatar\/f5c1fa5ad9763f54c1f223c3fc91f131da6288c9f9e28d74bb3c355ad99af205?s=96&d=mm&r=g","contentUrl":"https:\/\/secure.gravatar.com\/avatar\/f5c1fa5ad9763f54c1f223c3fc91f131da6288c9f9e28d74bb3c355ad99af205?s=96&d=mm&r=g","caption":"Andr\u00e9 Lacerda"},"description":"Sou o Andr\u00e9 Lacerda, tenho 35 anos e sou apaixonado por tecnologia, intelig\u00eancia artificial e boas hist\u00f3rias. Me formei em Tecnologia e Jornalismo \u2014 sim, uma mistura meio improv\u00e1vel, mas que combina muito comigo. J\u00e1 morei no Canad\u00e1 e na Espanha, e essas experi\u00eancias me ajudaram a enxergar a inova\u00e7\u00e3o com um olhar mais global (e a me virar bem em tr\u00eas idiomas \ud83d\ude04). Trabalhei em algumas das maiores empresas de tecnologia do mercado e, hoje, atuo como consultor ajudando neg\u00f3cios a entenderem e aplicarem IA de forma pr\u00e1tica, estrat\u00e9gica e humana. Gosto de traduzir o complexo em algo simples \u2014 e \u00e9 isso que voc\u00ea vai encontrar por aqui.","sameAs":["http:\/\/lacerdaai.com\/br"],"url":"https:\/\/lacerdaai.com\/br\/author\/red-admin\/"}]}},"_links":{"self":[{"href":"https:\/\/lacerdaai.com\/br\/wp-json\/wp\/v2\/posts\/3971","targetHints":{"allow":["GET"]}}],"collection":[{"href":"https:\/\/lacerdaai.com\/br\/wp-json\/wp\/v2\/posts"}],"about":[{"href":"https:\/\/lacerdaai.com\/br\/wp-json\/wp\/v2\/types\/post"}],"author":[{"embeddable":true,"href":"https:\/\/lacerdaai.com\/br\/wp-json\/wp\/v2\/users\/1"}],"replies":[{"embeddable":true,"href":"https:\/\/lacerdaai.com\/br\/wp-json\/wp\/v2\/comments?post=3971"}],"version-history":[{"count":1,"href":"https:\/\/lacerdaai.com\/br\/wp-json\/wp\/v2\/posts\/3971\/revisions"}],"predecessor-version":[{"id":3972,"href":"https:\/\/lacerdaai.com\/br\/wp-json\/wp\/v2\/posts\/3971\/revisions\/3972"}],"wp:featuredmedia":[{"embeddable":true,"href":"https:\/\/lacerdaai.com\/br\/wp-json\/wp\/v2\/media\/3970"}],"wp:attachment":[{"href":"https:\/\/lacerdaai.com\/br\/wp-json\/wp\/v2\/media?parent=3971"}],"wp:term":[{"taxonomy":"category","embeddable":true,"href":"https:\/\/lacerdaai.com\/br\/wp-json\/wp\/v2\/categories?post=3971"},{"taxonomy":"post_tag","embeddable":true,"href":"https:\/\/lacerdaai.com\/br\/wp-json\/wp\/v2\/tags?post=3971"}],"curies":[{"name":"wp","href":"https:\/\/api.w.org\/{rel}","templated":true}]}}