{"id":3989,"date":"2026-03-15T12:15:04","date_gmt":"2026-03-15T15:15:04","guid":{"rendered":"https:\/\/lacerdaai.com\/br\/peter-thiel-ia-e-a-profecia-decifrando-o-discurso-do-anticristo-em-roma\/"},"modified":"2026-03-15T12:15:06","modified_gmt":"2026-03-15T15:15:06","slug":"peter-thiel-ia-e-a-profecia-decifrando-o-discurso-do-anticristo-em-roma","status":"publish","type":"post","link":"https:\/\/lacerdaai.com\/br\/peter-thiel-ia-e-a-profecia-decifrando-o-discurso-do-anticristo-em-roma\/","title":{"rendered":"Peter Thiel, IA e a Profecia: Decifrando o Discurso do &#8216;Anticristo&#8217; em Roma"},"content":{"rendered":"<p>Em um mundo onde a intelig\u00eancia artificial avan\u00e7a a passos largos, redefinindo ind\u00fastrias, transformando a sociedade e provocando debates \u00e9ticos e existenciais, poucas figuras conseguem capturar a aten\u00e7\u00e3o e a controv\u00e9rsia como Peter Thiel. Conhecido como um dos investidores e pensadores mais influentes e, por vezes, enigm\u00e1ticos do Vale do Sil\u00edcio, Thiel sempre navegou entre a vanguarda tecnol\u00f3gica e reflex\u00f5es profundas sobre o futuro da civiliza\u00e7\u00e3o, a pol\u00edtica e at\u00e9 mesmo a religi\u00e3o. Recentemente, a not\u00edcia de uma palestra sua em Roma, a portas fechadas, com o intrigante tema do \u201cAnticristo\u201d, lan\u00e7ou uma nova e complexa camada sobre a forma como entendemos a intersec\u00e7\u00e3o entre inova\u00e7\u00e3o tecnol\u00f3gica e antigas profecias. O que um dos arquitetos da era digital moderna tem a dizer sobre um conceito t\u00e3o carregado de simbolismo esot\u00e9rico? E, mais importante, como isso se liga \u00e0 sua vis\u00e3o sobre a intelig\u00eancia artificial, que ele pr\u00f3prio ajudou a impulsionar?<\/p>\n<p>Este artigo mergulha nas profundezas da mente de Peter Thiel, explorando n\u00e3o apenas sua reputa\u00e7\u00e3o como \u2018Mr. AI\u2019 e vision\u00e1rio da tecnologia, mas tamb\u00e9m as correntes filos\u00f3ficas e eschatol\u00f3gicas que parecem permear seu pensamento. Analisaremos como a sua provocativa palestra pode ser interpretada \u00e0 luz dos crescentes alertas de l\u00edderes religiosos e pensadores sobre os riscos inerentes \u00e0 intelig\u00eancia artificial, e o que tudo isso significa para o futuro que estamos construindo. Prepare-se para uma jornada que conecta o Vale do Sil\u00edcio, Roma e as quest\u00f5es mais fundamentais da exist\u00eancia humana na era da m\u00e1quina.<\/p>\n<h2><strong>Perspectiva de Peter Thiel sobre IA<\/strong>: Entre o Progresso e a Profecia<\/h2>\n<p>A <strong>Perspectiva de Peter Thiel sobre IA<\/strong> \u00e9 multifacetada e, como muitas de suas opini\u00f5es, costuma ser provocadora e contr\u00e1ria ao senso comum. Thiel n\u00e3o \u00e9 apenas um investidor; ele \u00e9 um fil\u00f3sofo, um ide\u00f3logo e um cr\u00edtico ferrenho de muitas das tend\u00eancias que ele observa na sociedade moderna. Co-fundador do PayPal, investidor inicial do Facebook e criador da Palantir Technologies, sua biografia j\u00e1 demonstra uma inclina\u00e7\u00e3o para a disrup\u00e7\u00e3o e a constru\u00e7\u00e3o de sistemas que alteram paradigmas. Contudo, suas contribui\u00e7\u00f5es para o mundo da intelig\u00eancia artificial n\u00e3o se restringem a investimentos em startups promissoras. Thiel \u00e9 um pensador que questiona os rumos da inova\u00e7\u00e3o, a estagna\u00e7\u00e3o tecnol\u00f3gica percebida em certas \u00e1reas e o papel do capitalismo na promo\u00e7\u00e3o do verdadeiro progresso.<\/p>\n<p>Em sua obra mais conhecida, \u201cZero to One\u201d, Thiel argumenta que o verdadeiro progresso vem da cria\u00e7\u00e3o de coisas novas (de zero a um), e n\u00e3o da mera replica\u00e7\u00e3o ou melhoria incremental (de um a N). Para ele, a intelig\u00eancia artificial, se bem direcionada, tem o potencial de ser uma dessas cria\u00e7\u00f5es transformadoras, capaz de desbloquear avan\u00e7os exponenciais em \u00e1reas como medicina, energia e log\u00edstica. Ele \u00e9 um defensor do capitalismo como motor de inova\u00e7\u00e3o, mas tamb\u00e9m alerta para os perigos de monop\u00f3lios estagnados e da complac\u00eancia. Sua vis\u00e3o \u00e9 a de que a IA pode e deve ser uma ferramenta para amplificar a capacidade humana, tornando-nos mais produtivos e capazes de resolver problemas complexos que antes pareciam intranspon\u00edveis.<\/p>\n<p>No entanto, a sua recente palestra em Roma sobre o \u201cAnticristo\u201d adiciona uma camada de complexidade e at\u00e9 mesmo de aparente contradi\u00e7\u00e3o \u00e0 sua imagem de promotor da tecnologia. Para compreender essa aparente disson\u00e2ncia, \u00e9 crucial considerar o pano de fundo intelectual de Thiel. Ele \u00e9 um cat\u00f3lico devoto e seus escritos e discursos frequentemente fazem alus\u00e3o a temas religiosos e filos\u00f3ficos, como a teoria mim\u00e9tica de Ren\u00e9 Girard. Girard argumentava que o desejo humano \u00e9 imitativo e que a sociedade muitas vezes se une atrav\u00e9s de um \u2018bode expiat\u00f3rio\u2019, uma figura para canalizar e resolver a viol\u00eancia latente. Dentro desse quadro, a ideia do Anticristo n\u00e3o \u00e9 apenas uma figura b\u00edblica, mas um arqu\u00e9tipo de oposi\u00e7\u00e3o radical \u00e0 ordem divina, um usurpador que promete uma falsa salva\u00e7\u00e3o.<\/p>\n<p>Ao abordar o Anticristo no contexto da intelig\u00eancia artificial, Thiel pode estar sugerindo que a IA, se n\u00e3o for desenvolvida com sabedoria e \u00e9tica, tem o potencial de se tornar uma falsa divindade, uma solu\u00e7\u00e3o tecnol\u00f3gica que promete resolver todos os problemas humanos, mas que, no fundo, desumaniza ou nos afasta de valores mais profundos. Ele pode estar alertando sobre a tenta\u00e7\u00e3o de depositar f\u00e9 cega em algoritmos e sistemas aut\u00f4nomos, negligenciando a responsabilidade humana, a moralidade e o livre-arb\u00edtrio. \u00c9 uma cr\u00edtica sutil, mas poderosa, ao otimismo ing\u00eanuo sobre a tecnologia e um convite a uma reflex\u00e3o mais profunda sobre as implica\u00e7\u00f5es existenciais de ferramentas t\u00e3o poderosas. Em um ambiente de discuss\u00f5es fechadas, onde as ideias podem ser exploradas sem as amarras da ret\u00f3rica p\u00fablica, Thiel provavelmente usou a figura do Anticristo para dramatizar os perigos de uma IA que se torna um \u00eddolo ou um tirano invis\u00edvel, controlando aspectos fundamentais de nossas vidas.<\/p>\n<h2>Di\u00e1logos Inesperados: Tecnologia, Teologia e o Futuro da Humanidade<\/h2>\n<p>Ajuste seu cinto de seguran\u00e7a, pois estamos prestes a desbravar um terreno onde o c\u00f3digo bin\u00e1rio se encontra com os dogmas milenares. A decis\u00e3o de Peter Thiel de palestrar sobre o \u201cAnticristo\u201d em Roma, no contexto da intelig\u00eancia artificial, n\u00e3o \u00e9 apenas uma excentricidade de um bilion\u00e1rio; \u00e9 um sintoma de um di\u00e1logo crescente \u2013 e por vezes tenso \u2013 entre o mundo da tecnologia e as institui\u00e7\u00f5es religiosas e \u00e9ticas. Para muitos l\u00edderes religiosos e pensadores conservadores, a IA n\u00e3o \u00e9 apenas uma ferramenta, mas uma for\u00e7a que levanta quest\u00f5es fundamentais sobre a natureza da humanidade, a cria\u00e7\u00e3o e o controle.<\/p>\n<p>O pr\u00f3prio conte\u00fado original menciona alertas de um \u201cPapa Leo americano\u201d sobre os riscos da IA. Embora a figura de um \u201cPapa Leo\u201d americano n\u00e3o corresponda a uma pessoa real na hierarquia cat\u00f3lica contempor\u00e2nea, essa men\u00e7\u00e3o simboliza o coro de vozes conservadoras dentro do clero que h\u00e1 anos expressam profundas preocupa\u00e7\u00f5es com o avan\u00e7o tecnol\u00f3gico desmedido. Figuras como o Cardeal Raymond Burke e o Arcebispo Carlo Maria Vigan\u00f2, por exemplo, conhecidos por suas posi\u00e7\u00f5es tradicionalistas, frequentemente advertem sobre os perigos do globalismo, da tecnocracia e de uma sociedade que se afasta dos princ\u00edpios divinos. Para eles, a intelig\u00eancia artificial, com seu potencial de vigil\u00e2ncia em massa, manipula\u00e7\u00e3o de informa\u00e7\u00f5es e at\u00e9 mesmo a cria\u00e7\u00e3o de novas formas de vida (ou simula\u00e7\u00f5es delas), pode ser vista como a culmina\u00e7\u00e3o de um projeto humano de se equiparar ou mesmo substituir a divindade.<\/p>\n<p>A preocupa\u00e7\u00e3o principal reside na dignidade humana. Se m\u00e1quinas inteligentes podem tomar decis\u00f5es aut\u00f4nomas, realizar tarefas complexas e at\u00e9 mesmo simular emo\u00e7\u00f5es ou criatividade, qual \u00e9 o papel exclusivo do ser humano? Onde est\u00e1 o limite entre a ferramenta e o criador? Essas quest\u00f5es ecoam dilemas filos\u00f3ficos antigos, mas ganham uma nova urg\u00eancia na era da IA. A IA levanta temores de que a autonomia humana seja erodida, que a privacidade seja invadida e que o livre-arb\u00edtrio seja comprometido por algoritmos preditivos que nos conhecem melhor do que n\u00f3s mesmos.<\/p>\n<p>Al\u00e9m disso, a capacidade da intelig\u00eancia artificial de gerar conte\u00fado, simular realidade e influenciar vastas popula\u00e7\u00f5es com informa\u00e7\u00f5es personalizadas \u2013 ou desinforma\u00e7\u00e3o \u2013 \u00e9 vista por alguns como uma amea\u00e7a \u00e0 pr\u00f3pria verdade e \u00e0 capacidade das pessoas de discernir a realidade. Isso, para mentes teologicamente inclinadas, pode ser interpretado como um tipo de engano em larga escala, uma \u201cfalsa luz\u201d que desvia a humanidade de seu prop\u00f3sito espiritual. A figura do Anticristo, nesse contexto, representa a sedu\u00e7\u00e3o por um poder que parece ben\u00e9fico e onisciente, mas que no fundo serve a prop\u00f3sitos contr\u00e1rios \u00e0 verdadeira liberdade e ao bem-estar espiritual.<\/p>\n<p>A converg\u00eancia desses di\u00e1logos n\u00e3o \u00e9 apenas uma curiosidade, mas uma necessidade. \u00c0 medida que a IA se torna mais onipresente, a discuss\u00e3o sobre seus limites \u00e9ticos e morais deve envolver n\u00e3o apenas engenheiros e cientistas, mas tamb\u00e9m fil\u00f3sofos, te\u00f3logos, legisladores e a sociedade em geral. Ignorar as preocupa\u00e7\u00f5es de qualquer um desses grupos seria negligenciar partes cruciais do complexo quebra-cabe\u00e7a que \u00e9 o futuro da intelig\u00eancia artificial.<\/p>\n<h2>O Grande Debate: AI Como Salva\u00e7\u00e3o ou Senten\u00e7a?<\/h2>\n<p>A dicotomia entre salva\u00e7\u00e3o e senten\u00e7a encapsula perfeitamente o debate contempor\u00e2neo sobre o futuro da intelig\u00eancia artificial. De um lado, temos os tecnoutopistas, que enxergam na IA a chave para resolver os maiores desafios da humanidade: curar doen\u00e7as incur\u00e1veis, reverter as mudan\u00e7as clim\u00e1ticas, otimizar a distribui\u00e7\u00e3o de recursos e erradicar a pobreza. Para eles, a IA \u00e9 a pr\u00f3xima etapa na evolu\u00e7\u00e3o da intelig\u00eancia, uma ferramenta que nos permitir\u00e1 transcender nossas limita\u00e7\u00f5es biol\u00f3gicas e cognitivas, levando a uma era de prosperidade e abund\u00e2ncia sem precedentes. Essa vis\u00e3o de progresso ilimitado, frequentemente abra\u00e7ada por empreendedores e investidores como Thiel (pelo menos em alguns de seus aspectos), enfatiza o potencial de cria\u00e7\u00e3o de novas ind\u00fastrias, de democratiza\u00e7\u00e3o do conhecimento e de personaliza\u00e7\u00e3o de servi\u00e7os em escala global.<\/p>\n<p>No entanto, a outra face da moeda revela um cen\u00e1rio mais sombrio, onde a IA \u00e9 vista como uma potencial senten\u00e7a. As preocupa\u00e7\u00f5es v\u00e3o desde a perda massiva de empregos devido \u00e0 automa\u00e7\u00e3o, passando pela exacerba\u00e7\u00e3o de desigualdades sociais, at\u00e9 o risco existencial de uma intelig\u00eancia artificial superinteligente que escapa ao controle humano. Vozes como a de Elon Musk, Nick Bostrom ou Yuval Noah Harari, embora com diferentes \u00eanfases, compartilham o alerta de que estamos brincando com for\u00e7as que mal compreendemos e que podem ter consequ\u00eancias irrevers\u00edveis para a civiliza\u00e7\u00e3o. A IA poderia ser o catalisador para sistemas de vigil\u00e2ncia totalit\u00e1rios, para a tomada de decis\u00f5es aut\u00f4nomas em conflitos militares ou para a manipula\u00e7\u00e3o da percep\u00e7\u00e3o p\u00fablica em uma escala sem precedentes.<\/p>\n<p>No Brasil, essas discuss\u00f5es ganham contornos espec\u00edficos. Como um pa\u00eds em desenvolvimento com desafios sociais complexos, a ado\u00e7\u00e3o da intelig\u00eancia artificial pode trazer imensos benef\u00edcios na sa\u00fade, educa\u00e7\u00e3o e seguran\u00e7a p\u00fablica. Mas, ao mesmo tempo, a falta de infraestrutura digital em certas regi\u00f5es, a vulnerabilidade a ataques cibern\u00e9ticos e a aus\u00eancia de uma regulamenta\u00e7\u00e3o robusta podem expor a popula\u00e7\u00e3o a riscos ainda maiores. A quest\u00e3o da inclus\u00e3o digital e da equidade no acesso a essas tecnologias \u00e9 vital, para que a IA n\u00e3o amplie ainda mais o fosso entre os que t\u00eam e os que n\u00e3o t\u00eam acesso ao progresso.<\/p>\n<p>Peter Thiel, ao trazer \u00e0 tona a figura do Anticristo, talvez esteja nos convidando a ponderar sobre a natureza dessa &#8220;salva\u00e7\u00e3o&#8221; tecnol\u00f3gica. Ele pode estar questionando se estamos buscando uma solu\u00e7\u00e3o que, embora pare\u00e7a promissora na superf\u00edcie, pode nos levar a uma forma de servid\u00e3o digital ou a uma perda da nossa humanidade intr\u00ednseca. O que distingue o bem do mal, a luz das trevas, na era dos algoritmos? Para Thiel, um c\u00e9tico do progressismo ing\u00eanuo, a resposta n\u00e3o \u00e9 trivial e exige uma vigil\u00e2ncia constante.<\/p>\n<p>A chave para navegar nesse grande debate reside na capacidade de inovarmos de forma respons\u00e1vel. Isso significa investir em pesquisas sobre \u00e9tica da IA, desenvolver arcabou\u00e7os regulat\u00f3rios que protejam os direitos humanos sem sufocar a inova\u00e7\u00e3o, e promover uma educa\u00e7\u00e3o p\u00fablica que capacite os cidad\u00e3os a compreenderem e interagirem criticamente com as tecnologias inteligentes. O futuro da intelig\u00eancia artificial n\u00e3o \u00e9 pr\u00e9-determinado; ele ser\u00e1 moldado pelas escolhas que fazemos hoje. E essas escolhas devem ser informadas n\u00e3o apenas pelo desejo de progresso, mas tamb\u00e9m por uma profunda reflex\u00e3o sobre nossos valores mais fundamentais.<\/p>\n<h2>Conclus\u00e3o: A Encruzilhada da Intelig\u00eancia Artificial<\/h2>\n<p>A palestra de Peter Thiel em Roma, com sua refer\u00eancia ao Anticristo no contexto da intelig\u00eancia artificial, serve como um poderoso lembrete de que o avan\u00e7o tecnol\u00f3gico n\u00e3o pode ser desassociado de quest\u00f5es filos\u00f3ficas, \u00e9ticas e at\u00e9 mesmo espirituais. Longe de ser apenas um debate acad\u00eamico, a forma como encaramos a IA \u2013 seja como uma ferramenta para o progresso ilimitado ou como uma potencial amea\u00e7a existencial \u2013 moldar\u00e1 fundamentalmente o tipo de sociedade que construiremos nas pr\u00f3ximas d\u00e9cadas. A figura de Thiel, com sua mistura \u00fanica de visionarismo tecnol\u00f3gico e reflex\u00e3o conservadora, nos for\u00e7a a confrontar as complexidades inerentes a essa nova era, convidando-nos a questionar os pressupostos e a olhar al\u00e9m do brilho superficial das inova\u00e7\u00f5es.<\/p>\n<p>Em \u00faltima an\u00e1lise, a intelig\u00eancia artificial n\u00e3o \u00e9 intrinsecamente boa ou m\u00e1; ela reflete as inten\u00e7\u00f5es e os valores de seus criadores e usu\u00e1rios. O desafio \u00e9 assegurar que o desenvolvimento e a implementa\u00e7\u00e3o da IA sejam guiados por princ\u00edpios de responsabilidade, transpar\u00eancia e respeito pela dignidade humana. O di\u00e1logo entre cientistas, empreendedores, fil\u00f3sofos, te\u00f3logos e cidad\u00e3os comuns \u00e9 mais crucial do que nunca. \u00c9 nessa encruzilhada de ideias, onde a inova\u00e7\u00e3o se encontra com a \u00e9tica e a tecnologia com a alma, que teremos a chance de construir um futuro em que a intelig\u00eancia artificial sirva verdadeiramente \u00e0 humanidade, em vez de se tornar aquilo que nos desvia do nosso prop\u00f3sito maior.<\/p>\n","protected":false},"excerpt":{"rendered":"<p>Em um mundo onde a intelig\u00eancia artificial avan\u00e7a a passos largos, redefinindo ind\u00fastrias, transformando a sociedade e provocando debates \u00e9ticos e existenciais, poucas figuras conseguem capturar a aten\u00e7\u00e3o e a controv\u00e9rsia como Peter Thiel. Conhecido como um dos investidores e pensadores mais influentes e, por vezes, enigm\u00e1ticos do Vale do Sil\u00edcio, Thiel sempre navegou entre [&hellip;]<\/p>\n","protected":false},"author":1,"featured_media":3988,"comment_status":"open","ping_status":"open","sticky":false,"template":"","format":"standard","meta":{"_yoast_wpseo_focuskw":"Perspectiva de Peter Thiel sobre IA","_yoast_wpseo_metadesc":"Explore a surpreendente 'perspectiva de Peter Thiel sobre IA', suas vis\u00f5es sobre tecnologia, capitalismo e a chocante palestra sobre o Anticristo em Roma, e como tudo isso se conecta ao futuro da intelig\u00eancia artificial. Uma an\u00e1lise aprofundada para entusiastas de IA.","footnotes":""},"categories":[2],"tags":[],"class_list":["post-3989","post","type-post","status-publish","format-standard","has-post-thumbnail","hentry","category-novidades"],"yoast_head":"<!-- This site is optimized with the Yoast SEO plugin v25.6 - https:\/\/yoast.com\/wordpress\/plugins\/seo\/ -->\n<title>Peter Thiel, IA e a Profecia: Decifrando o Discurso do &#039;Anticristo&#039; em Roma - Lacerda AI<\/title>\n<meta name=\"description\" content=\"Explore a surpreendente &#039;perspectiva de Peter Thiel sobre IA&#039;, suas vis\u00f5es sobre tecnologia, capitalismo e a chocante palestra sobre o Anticristo em Roma, e como tudo isso se conecta ao futuro da intelig\u00eancia artificial. Uma an\u00e1lise aprofundada para entusiastas de IA.\" \/>\n<meta name=\"robots\" content=\"index, follow, max-snippet:-1, max-image-preview:large, max-video-preview:-1\" \/>\n<link rel=\"canonical\" href=\"https:\/\/lacerdaai.com\/br\/peter-thiel-ia-e-a-profecia-decifrando-o-discurso-do-anticristo-em-roma\/\" \/>\n<meta property=\"og:locale\" content=\"pt_BR\" \/>\n<meta property=\"og:type\" content=\"article\" \/>\n<meta property=\"og:title\" content=\"Peter Thiel, IA e a Profecia: Decifrando o Discurso do &#039;Anticristo&#039; em Roma - Lacerda AI\" \/>\n<meta property=\"og:description\" content=\"Explore a surpreendente &#039;perspectiva de Peter Thiel sobre IA&#039;, suas vis\u00f5es sobre tecnologia, capitalismo e a chocante palestra sobre o Anticristo em Roma, e como tudo isso se conecta ao futuro da intelig\u00eancia artificial. Uma an\u00e1lise aprofundada para entusiastas de IA.\" \/>\n<meta property=\"og:url\" content=\"https:\/\/lacerdaai.com\/br\/peter-thiel-ia-e-a-profecia-decifrando-o-discurso-do-anticristo-em-roma\/\" \/>\n<meta property=\"og:site_name\" content=\"Lacerda AI\" \/>\n<meta property=\"article:published_time\" content=\"2026-03-15T15:15:04+00:00\" \/>\n<meta property=\"article:modified_time\" content=\"2026-03-15T15:15:06+00:00\" \/>\n<meta name=\"author\" content=\"Andr\u00e9 Lacerda\" \/>\n<meta name=\"twitter:card\" content=\"summary_large_image\" \/>\n<meta name=\"twitter:label1\" content=\"Escrito por\" \/>\n\t<meta name=\"twitter:data1\" content=\"Andr\u00e9 Lacerda\" \/>\n\t<meta name=\"twitter:label2\" content=\"Est. tempo de leitura\" \/>\n\t<meta name=\"twitter:data2\" content=\"11 minutos\" \/>\n<script type=\"application\/ld+json\" class=\"yoast-schema-graph\">{\"@context\":\"https:\/\/schema.org\",\"@graph\":[{\"@type\":\"WebPage\",\"@id\":\"https:\/\/lacerdaai.com\/br\/peter-thiel-ia-e-a-profecia-decifrando-o-discurso-do-anticristo-em-roma\/\",\"url\":\"https:\/\/lacerdaai.com\/br\/peter-thiel-ia-e-a-profecia-decifrando-o-discurso-do-anticristo-em-roma\/\",\"name\":\"Peter Thiel, IA e a Profecia: Decifrando o Discurso do 'Anticristo' em Roma - Lacerda AI\",\"isPartOf\":{\"@id\":\"https:\/\/lacerdaai.com\/br\/#website\"},\"primaryImageOfPage\":{\"@id\":\"https:\/\/lacerdaai.com\/br\/peter-thiel-ia-e-a-profecia-decifrando-o-discurso-do-anticristo-em-roma\/#primaryimage\"},\"image\":{\"@id\":\"https:\/\/lacerdaai.com\/br\/peter-thiel-ia-e-a-profecia-decifrando-o-discurso-do-anticristo-em-roma\/#primaryimage\"},\"thumbnailUrl\":\"https:\/\/lacerdaai.com\/br\/wp-content\/uploads\/2026\/03\/imagem-63.jpg\",\"datePublished\":\"2026-03-15T15:15:04+00:00\",\"dateModified\":\"2026-03-15T15:15:06+00:00\",\"author\":{\"@id\":\"https:\/\/lacerdaai.com\/br\/#\/schema\/person\/8bad803c2e83a0c5c5c75e02a1c2248f\"},\"description\":\"Explore a surpreendente 'perspectiva de Peter Thiel sobre IA', suas vis\u00f5es sobre tecnologia, capitalismo e a chocante palestra sobre o Anticristo em Roma, e como tudo isso se conecta ao futuro da intelig\u00eancia artificial. Uma an\u00e1lise aprofundada para entusiastas de IA.\",\"breadcrumb\":{\"@id\":\"https:\/\/lacerdaai.com\/br\/peter-thiel-ia-e-a-profecia-decifrando-o-discurso-do-anticristo-em-roma\/#breadcrumb\"},\"inLanguage\":\"pt-BR\",\"potentialAction\":[{\"@type\":\"ReadAction\",\"target\":[\"https:\/\/lacerdaai.com\/br\/peter-thiel-ia-e-a-profecia-decifrando-o-discurso-do-anticristo-em-roma\/\"]}]},{\"@type\":\"ImageObject\",\"inLanguage\":\"pt-BR\",\"@id\":\"https:\/\/lacerdaai.com\/br\/peter-thiel-ia-e-a-profecia-decifrando-o-discurso-do-anticristo-em-roma\/#primaryimage\",\"url\":\"https:\/\/lacerdaai.com\/br\/wp-content\/uploads\/2026\/03\/imagem-63.jpg\",\"contentUrl\":\"https:\/\/lacerdaai.com\/br\/wp-content\/uploads\/2026\/03\/imagem-63.jpg\",\"width\":2289,\"height\":1288},{\"@type\":\"BreadcrumbList\",\"@id\":\"https:\/\/lacerdaai.com\/br\/peter-thiel-ia-e-a-profecia-decifrando-o-discurso-do-anticristo-em-roma\/#breadcrumb\",\"itemListElement\":[{\"@type\":\"ListItem\",\"position\":1,\"name\":\"In\u00edcio\",\"item\":\"https:\/\/lacerdaai.com\/br\/\"},{\"@type\":\"ListItem\",\"position\":2,\"name\":\"Peter Thiel, IA e a Profecia: Decifrando o Discurso do &#8216;Anticristo&#8217; em Roma\"}]},{\"@type\":\"WebSite\",\"@id\":\"https:\/\/lacerdaai.com\/br\/#website\",\"url\":\"https:\/\/lacerdaai.com\/br\/\",\"name\":\"Lacerda AI\",\"description\":\"Seu blog di\u00e1rio de novidades do mundo da Inteligencia Artificial\",\"potentialAction\":[{\"@type\":\"SearchAction\",\"target\":{\"@type\":\"EntryPoint\",\"urlTemplate\":\"https:\/\/lacerdaai.com\/br\/?s={search_term_string}\"},\"query-input\":{\"@type\":\"PropertyValueSpecification\",\"valueRequired\":true,\"valueName\":\"search_term_string\"}}],\"inLanguage\":\"pt-BR\"},{\"@type\":\"Person\",\"@id\":\"https:\/\/lacerdaai.com\/br\/#\/schema\/person\/8bad803c2e83a0c5c5c75e02a1c2248f\",\"name\":\"Andr\u00e9 Lacerda\",\"image\":{\"@type\":\"ImageObject\",\"inLanguage\":\"pt-BR\",\"@id\":\"https:\/\/lacerdaai.com\/br\/#\/schema\/person\/image\/\",\"url\":\"https:\/\/secure.gravatar.com\/avatar\/f5c1fa5ad9763f54c1f223c3fc91f131da6288c9f9e28d74bb3c355ad99af205?s=96&d=mm&r=g\",\"contentUrl\":\"https:\/\/secure.gravatar.com\/avatar\/f5c1fa5ad9763f54c1f223c3fc91f131da6288c9f9e28d74bb3c355ad99af205?s=96&d=mm&r=g\",\"caption\":\"Andr\u00e9 Lacerda\"},\"description\":\"Sou o Andr\u00e9 Lacerda, tenho 35 anos e sou apaixonado por tecnologia, intelig\u00eancia artificial e boas hist\u00f3rias. Me formei em Tecnologia e Jornalismo \u2014 sim, uma mistura meio improv\u00e1vel, mas que combina muito comigo. J\u00e1 morei no Canad\u00e1 e na Espanha, e essas experi\u00eancias me ajudaram a enxergar a inova\u00e7\u00e3o com um olhar mais global (e a me virar bem em tr\u00eas idiomas \ud83d\ude04). Trabalhei em algumas das maiores empresas de tecnologia do mercado e, hoje, atuo como consultor ajudando neg\u00f3cios a entenderem e aplicarem IA de forma pr\u00e1tica, estrat\u00e9gica e humana. Gosto de traduzir o complexo em algo simples \u2014 e \u00e9 isso que voc\u00ea vai encontrar por aqui.\",\"sameAs\":[\"http:\/\/lacerdaai.com\/br\"],\"url\":\"https:\/\/lacerdaai.com\/br\/author\/red-admin\/\"}]}<\/script>\n<!-- \/ Yoast SEO plugin. -->","yoast_head_json":{"title":"Peter Thiel, IA e a Profecia: Decifrando o Discurso do 'Anticristo' em Roma - Lacerda AI","description":"Explore a surpreendente 'perspectiva de Peter Thiel sobre IA', suas vis\u00f5es sobre tecnologia, capitalismo e a chocante palestra sobre o Anticristo em Roma, e como tudo isso se conecta ao futuro da intelig\u00eancia artificial. Uma an\u00e1lise aprofundada para entusiastas de IA.","robots":{"index":"index","follow":"follow","max-snippet":"max-snippet:-1","max-image-preview":"max-image-preview:large","max-video-preview":"max-video-preview:-1"},"canonical":"https:\/\/lacerdaai.com\/br\/peter-thiel-ia-e-a-profecia-decifrando-o-discurso-do-anticristo-em-roma\/","og_locale":"pt_BR","og_type":"article","og_title":"Peter Thiel, IA e a Profecia: Decifrando o Discurso do 'Anticristo' em Roma - Lacerda AI","og_description":"Explore a surpreendente 'perspectiva de Peter Thiel sobre IA', suas vis\u00f5es sobre tecnologia, capitalismo e a chocante palestra sobre o Anticristo em Roma, e como tudo isso se conecta ao futuro da intelig\u00eancia artificial. Uma an\u00e1lise aprofundada para entusiastas de IA.","og_url":"https:\/\/lacerdaai.com\/br\/peter-thiel-ia-e-a-profecia-decifrando-o-discurso-do-anticristo-em-roma\/","og_site_name":"Lacerda AI","article_published_time":"2026-03-15T15:15:04+00:00","article_modified_time":"2026-03-15T15:15:06+00:00","author":"Andr\u00e9 Lacerda","twitter_card":"summary_large_image","twitter_misc":{"Escrito por":"Andr\u00e9 Lacerda","Est. tempo de leitura":"11 minutos"},"schema":{"@context":"https:\/\/schema.org","@graph":[{"@type":"WebPage","@id":"https:\/\/lacerdaai.com\/br\/peter-thiel-ia-e-a-profecia-decifrando-o-discurso-do-anticristo-em-roma\/","url":"https:\/\/lacerdaai.com\/br\/peter-thiel-ia-e-a-profecia-decifrando-o-discurso-do-anticristo-em-roma\/","name":"Peter Thiel, IA e a Profecia: Decifrando o Discurso do 'Anticristo' em Roma - Lacerda AI","isPartOf":{"@id":"https:\/\/lacerdaai.com\/br\/#website"},"primaryImageOfPage":{"@id":"https:\/\/lacerdaai.com\/br\/peter-thiel-ia-e-a-profecia-decifrando-o-discurso-do-anticristo-em-roma\/#primaryimage"},"image":{"@id":"https:\/\/lacerdaai.com\/br\/peter-thiel-ia-e-a-profecia-decifrando-o-discurso-do-anticristo-em-roma\/#primaryimage"},"thumbnailUrl":"https:\/\/lacerdaai.com\/br\/wp-content\/uploads\/2026\/03\/imagem-63.jpg","datePublished":"2026-03-15T15:15:04+00:00","dateModified":"2026-03-15T15:15:06+00:00","author":{"@id":"https:\/\/lacerdaai.com\/br\/#\/schema\/person\/8bad803c2e83a0c5c5c75e02a1c2248f"},"description":"Explore a surpreendente 'perspectiva de Peter Thiel sobre IA', suas vis\u00f5es sobre tecnologia, capitalismo e a chocante palestra sobre o Anticristo em Roma, e como tudo isso se conecta ao futuro da intelig\u00eancia artificial. Uma an\u00e1lise aprofundada para entusiastas de IA.","breadcrumb":{"@id":"https:\/\/lacerdaai.com\/br\/peter-thiel-ia-e-a-profecia-decifrando-o-discurso-do-anticristo-em-roma\/#breadcrumb"},"inLanguage":"pt-BR","potentialAction":[{"@type":"ReadAction","target":["https:\/\/lacerdaai.com\/br\/peter-thiel-ia-e-a-profecia-decifrando-o-discurso-do-anticristo-em-roma\/"]}]},{"@type":"ImageObject","inLanguage":"pt-BR","@id":"https:\/\/lacerdaai.com\/br\/peter-thiel-ia-e-a-profecia-decifrando-o-discurso-do-anticristo-em-roma\/#primaryimage","url":"https:\/\/lacerdaai.com\/br\/wp-content\/uploads\/2026\/03\/imagem-63.jpg","contentUrl":"https:\/\/lacerdaai.com\/br\/wp-content\/uploads\/2026\/03\/imagem-63.jpg","width":2289,"height":1288},{"@type":"BreadcrumbList","@id":"https:\/\/lacerdaai.com\/br\/peter-thiel-ia-e-a-profecia-decifrando-o-discurso-do-anticristo-em-roma\/#breadcrumb","itemListElement":[{"@type":"ListItem","position":1,"name":"In\u00edcio","item":"https:\/\/lacerdaai.com\/br\/"},{"@type":"ListItem","position":2,"name":"Peter Thiel, IA e a Profecia: Decifrando o Discurso do &#8216;Anticristo&#8217; em Roma"}]},{"@type":"WebSite","@id":"https:\/\/lacerdaai.com\/br\/#website","url":"https:\/\/lacerdaai.com\/br\/","name":"Lacerda AI","description":"Seu blog di\u00e1rio de novidades do mundo da Inteligencia Artificial","potentialAction":[{"@type":"SearchAction","target":{"@type":"EntryPoint","urlTemplate":"https:\/\/lacerdaai.com\/br\/?s={search_term_string}"},"query-input":{"@type":"PropertyValueSpecification","valueRequired":true,"valueName":"search_term_string"}}],"inLanguage":"pt-BR"},{"@type":"Person","@id":"https:\/\/lacerdaai.com\/br\/#\/schema\/person\/8bad803c2e83a0c5c5c75e02a1c2248f","name":"Andr\u00e9 Lacerda","image":{"@type":"ImageObject","inLanguage":"pt-BR","@id":"https:\/\/lacerdaai.com\/br\/#\/schema\/person\/image\/","url":"https:\/\/secure.gravatar.com\/avatar\/f5c1fa5ad9763f54c1f223c3fc91f131da6288c9f9e28d74bb3c355ad99af205?s=96&d=mm&r=g","contentUrl":"https:\/\/secure.gravatar.com\/avatar\/f5c1fa5ad9763f54c1f223c3fc91f131da6288c9f9e28d74bb3c355ad99af205?s=96&d=mm&r=g","caption":"Andr\u00e9 Lacerda"},"description":"Sou o Andr\u00e9 Lacerda, tenho 35 anos e sou apaixonado por tecnologia, intelig\u00eancia artificial e boas hist\u00f3rias. Me formei em Tecnologia e Jornalismo \u2014 sim, uma mistura meio improv\u00e1vel, mas que combina muito comigo. J\u00e1 morei no Canad\u00e1 e na Espanha, e essas experi\u00eancias me ajudaram a enxergar a inova\u00e7\u00e3o com um olhar mais global (e a me virar bem em tr\u00eas idiomas \ud83d\ude04). Trabalhei em algumas das maiores empresas de tecnologia do mercado e, hoje, atuo como consultor ajudando neg\u00f3cios a entenderem e aplicarem IA de forma pr\u00e1tica, estrat\u00e9gica e humana. Gosto de traduzir o complexo em algo simples \u2014 e \u00e9 isso que voc\u00ea vai encontrar por aqui.","sameAs":["http:\/\/lacerdaai.com\/br"],"url":"https:\/\/lacerdaai.com\/br\/author\/red-admin\/"}]}},"_links":{"self":[{"href":"https:\/\/lacerdaai.com\/br\/wp-json\/wp\/v2\/posts\/3989","targetHints":{"allow":["GET"]}}],"collection":[{"href":"https:\/\/lacerdaai.com\/br\/wp-json\/wp\/v2\/posts"}],"about":[{"href":"https:\/\/lacerdaai.com\/br\/wp-json\/wp\/v2\/types\/post"}],"author":[{"embeddable":true,"href":"https:\/\/lacerdaai.com\/br\/wp-json\/wp\/v2\/users\/1"}],"replies":[{"embeddable":true,"href":"https:\/\/lacerdaai.com\/br\/wp-json\/wp\/v2\/comments?post=3989"}],"version-history":[{"count":1,"href":"https:\/\/lacerdaai.com\/br\/wp-json\/wp\/v2\/posts\/3989\/revisions"}],"predecessor-version":[{"id":3990,"href":"https:\/\/lacerdaai.com\/br\/wp-json\/wp\/v2\/posts\/3989\/revisions\/3990"}],"wp:featuredmedia":[{"embeddable":true,"href":"https:\/\/lacerdaai.com\/br\/wp-json\/wp\/v2\/media\/3988"}],"wp:attachment":[{"href":"https:\/\/lacerdaai.com\/br\/wp-json\/wp\/v2\/media?parent=3989"}],"wp:term":[{"taxonomy":"category","embeddable":true,"href":"https:\/\/lacerdaai.com\/br\/wp-json\/wp\/v2\/categories?post=3989"},{"taxonomy":"post_tag","embeddable":true,"href":"https:\/\/lacerdaai.com\/br\/wp-json\/wp\/v2\/tags?post=3989"}],"curies":[{"name":"wp","href":"https:\/\/api.w.org\/{rel}","templated":true}]}}