{"id":3992,"date":"2026-03-15T16:15:20","date_gmt":"2026-03-15T19:15:20","guid":{"rendered":"https:\/\/lacerdaai.com\/br\/peter-thiel-ia-e-a-visao-apocaliptica-debatendo-os-riscos-da-inteligencia-artificial\/"},"modified":"2026-03-15T16:15:21","modified_gmt":"2026-03-15T19:15:21","slug":"peter-thiel-ia-e-a-visao-apocaliptica-debatendo-os-riscos-da-inteligencia-artificial","status":"publish","type":"post","link":"https:\/\/lacerdaai.com\/br\/peter-thiel-ia-e-a-visao-apocaliptica-debatendo-os-riscos-da-inteligencia-artificial\/","title":{"rendered":"Peter Thiel, IA e a Vis\u00e3o Apocal\u00edptica: Debatendo os Riscos da Intelig\u00eancia Artificial"},"content":{"rendered":"<p>A intelig\u00eancia artificial (IA) tem sido o centro de uma efervescente discuss\u00e3o global, tanto por seu potencial transformador quanto pelas profundas preocupa\u00e7\u00f5es que suscita. De inovadores tecnol\u00f3gicos a l\u00edderes religiosos, passando por fil\u00f3sofos e formuladores de pol\u00edticas, o debate sobre o futuro da IA e seu impacto na humanidade est\u00e1 longe de ser consensual. Recentemente, essa conversa ganhou contornos ainda mais dram\u00e1ticos com a participa\u00e7\u00e3o de figuras proeminentes, como o vision\u00e1rio do Vale do Sil\u00edcio, Peter Thiel, cujas palestras fechadas em Roma levantaram discuss\u00f5es sobre temas t\u00e3o diversos quanto o &#8216;Anticristo&#8217; e os **riscos da intelig\u00eancia artificial**. Este artigo mergulha nessa fascinante intersec\u00e7\u00e3o de tecnologia, \u00e9tica e f\u00e9, adaptando a discuss\u00e3o para o contexto e o interesse do p\u00fablico brasileiro, apaixonado por tecnologia, mas tamb\u00e9m atento \u00e0s suas implica\u00e7\u00f5es sociais e morais.<\/p>\n<p>### Peter Thiel e a Provoca\u00e7\u00e3o do &#8216;Anticristo Digital&#8217;<\/p>\n<p>Peter Thiel n\u00e3o \u00e9 um nome qualquer no universo da tecnologia. Co-fundador do PayPal, investidor inicial do Facebook e uma das mentes por tr\u00e1s da Palantir, Thiel \u00e9 conhecido por suas vis\u00f5es audaciosas, muitas vezes controversas, e por sua filosofia libert\u00e1ria que desafia o *status quo*. Ele \u00e9 um pensador que raramente se esquiva de abordagens provocativas para expor seus pontos de vista sobre o futuro da humanidade e da tecnologia. Suas palestras, especialmente as realizadas a portas fechadas no cora\u00e7\u00e3o da cultura ocidental \u2013 Roma \u2013, carregam um peso simb\u00f3lico consider\u00e1vel.<\/p>\n<p>A men\u00e7\u00e3o do &#8216;Anticristo&#8217; no contexto da IA, por Thiel, n\u00e3o deve ser interpretada literalmente como uma figura b\u00edblica surgindo atrav\u00e9s de algoritmos, mas sim como uma met\u00e1fora poderosa. Para Thiel, o &#8216;Anticristo&#8217; pode representar a culmina\u00e7\u00e3o de uma tecnologia t\u00e3o onipresente, t\u00e3o enganosa e t\u00e3o aut\u00f4noma que, no limite, poderia corromper a pr\u00f3pria ess\u00eancia da exist\u00eancia humana, seduzindo a sociedade para uma falsa utopia ou uma forma de controle que minaria a liberdade individual e a dignidade. Essa vis\u00e3o apocal\u00edptica, embora extrema, serve para sublinhar a magnitude das apostas envolvidas no desenvolvimento desregulado da intelig\u00eancia artificial. Ele frequentemente critica a complac\u00eancia e o otimismo ing\u00eanuo em rela\u00e7\u00e3o ao progresso tecnol\u00f3gico, argumentando que nem toda inova\u00e7\u00e3o \u00e9 inerentemente boa e que h\u00e1 perigos intr\u00ednsecos que devem ser diligentemente explorados e mitigados.<\/p>\n<p>Essa perspectiva de Thiel ecoa uma preocupa\u00e7\u00e3o crescente entre muitos especialistas em \u00e9tica tecnol\u00f3gica: a possibilidade de que sistemas de IA, sem a devida supervis\u00e3o e alinhamento com valores humanos, possam levar a cen\u00e1rios indesejados. Isso inclui a perda de autonomia humana, a dissemina\u00e7\u00e3o incontrol\u00e1vel de desinforma\u00e7\u00e3o, ou at\u00e9 mesmo o desenvolvimento de sistemas de armas aut\u00f4nomas que tomam decis\u00f5es de vida ou morte sem interven\u00e7\u00e3o humana. A for\u00e7a da met\u00e1fora de Thiel reside em nos for\u00e7ar a confrontar o pior cen\u00e1rio poss\u00edvel, impulsionando um debate necess\u00e1rio sobre os limites e as responsabilidades na corrida tecnol\u00f3gica.<\/p>\n<p>### A Perspectiva da Igreja: \u00c9tica e Humanidade no Centro da IA<\/p>\n<p>Curiosamente, as preocupa\u00e7\u00f5es de Thiel encontram um eco, ainda que com uma linguagem e abordagem distintas, nas advert\u00eancias de l\u00edderes religiosos e do Vaticano. Embora o artigo original mencione um &#8216;Papa americano Leo&#8217; em um contexto que alude \u00e0s preocupa\u00e7\u00f5es do clero com a IA, a figura p\u00fablica mais vocal sobre os perigos e a \u00e9tica da intelig\u00eancia artificial tem sido o Papa Francisco. O Vaticano, atrav\u00e9s de diversas iniciativas e pronunciamentos, tem se posicionado como um defensor fervoroso de uma IA que sirva \u00e0 humanidade, e n\u00e3o o contr\u00e1rio.<\/p>\n<p>Desde 2020, o Vaticano tem promovido a &#8216;Rome Call for AI Ethics&#8217;, um documento assinado por gigantes da tecnologia como Microsoft e IBM, al\u00e9m de institui\u00e7\u00f5es de pesquisa e o governo italiano. Este apelo defende princ\u00edpios como transpar\u00eancia, inclus\u00e3o, responsabilidade, imparcialidade, seguran\u00e7a e privacidade no desenvolvimento de IA. O cerne da preocupa\u00e7\u00e3o da Igreja reside na preserva\u00e7\u00e3o da dignidade humana, da justi\u00e7a social e do bem comum. Para o Papa Francisco, a IA, como qualquer ferramenta poderosa, pode ser usada para o bem ou para o mal. O desafio \u00e9 garantir que ela seja desenvolvida e empregada de maneira a promover a paz, a solidariedade e o respeito pelos direitos humanos.<\/p>\n<p>As advert\u00eancias da Igreja sobre **os riscos da intelig\u00eancia artificial** n\u00e3o se baseiam em temores milenares, mas sim em uma profunda reflex\u00e3o filos\u00f3fica e teol\u00f3gica sobre o que significa ser humano e como a tecnologia pode afetar nossa liberdade, nossa capacidade de escolha e nossas rela\u00e7\u00f5es. Preocupa\u00e7\u00f5es como a cria\u00e7\u00e3o de algoritmos que perpetuam preconceitos, o desemprego em massa causado pela automa\u00e7\u00e3o sem a devida rede de seguran\u00e7a social, a vigil\u00e2ncia excessiva e a eros\u00e3o da privacidade s\u00e3o temas recorrentes nas discuss\u00f5es do Vaticano. A Igreja enfatiza que a tecnologia deve ser um meio para aprimorar a vida humana, e n\u00e3o um fim em si mesma, nem uma for\u00e7a que nos desumaniza ou nos controla. \u00c9 um apelo \u00e0 responsabilidade \u00e9tica que transcende o imediatismo do avan\u00e7o tecnol\u00f3gico.<\/p>\n<p>### Os Riscos da Intelig\u00eancia Artificial: Al\u00e9m da Met\u00e1fora e da F\u00e9<\/p>\n<p>A discuss\u00e3o sobre **os riscos da intelig\u00eancia artificial** vai muito al\u00e9m de met\u00e1foras religiosas ou debates teol\u00f3gicos; ela se manifesta em desafios concretos que j\u00e1 estamos enfrentando ou que se avizinham rapidamente. Para o p\u00fablico brasileiro, compreender esses riscos \u00e9 fundamental, pois a IA j\u00e1 impacta nossas vidas, desde o uso de algoritmos em redes sociais e plataformas de streaming at\u00e9 a automa\u00e7\u00e3o em bancos e atendimento ao cliente.<\/p>\n<p>Um dos riscos mais imediatos \u00e9 o **vi\u00e9s algor\u00edtmico**. Sistemas de IA s\u00e3o treinados com dados coletados da sociedade, e se esses dados contiverem preconceitos hist\u00f3ricos ou sociais (raciais, de g\u00eanero, socioecon\u00f4micos), a IA ir\u00e1 n\u00e3o apenas reproduzi-los, mas amplific\u00e1-los. Isso pode levar a decis\u00f5es discriminat\u00f3rias em \u00e1reas cr\u00edticas como concess\u00e3o de cr\u00e9dito, contrata\u00e7\u00e3o de empregos, diagn\u00f3sticos m\u00e9dicos e at\u00e9 mesmo na aplica\u00e7\u00e3o da justi\u00e7a. No Brasil, com sua rica diversidade e desigualdades sociais complexas, o vi\u00e9s algor\u00edtmico pode agravar ainda mais as vulnerabilidades existentes, solidificando preconceitos estruturais atrav\u00e9s da imparcialidade aparente da m\u00e1quina.<\/p>\n<p>Outra preocupa\u00e7\u00e3o latente \u00e9 a **privacidade e seguran\u00e7a dos dados**. Com a crescente coleta e an\u00e1lise de vastas quantidades de informa\u00e7\u00f5es pessoais, a IA apresenta o risco de criar sistemas de vigil\u00e2ncia sem precedentes. No contexto brasileiro, a Lei Geral de Prote\u00e7\u00e3o de Dados (LGPD) \u00e9 um passo importante, mas a fiscaliza\u00e7\u00e3o e a conscientiza\u00e7\u00e3o sobre como nossos dados s\u00e3o usados por algoritmos ainda s\u00e3o desafios. A capacidade da IA de correlacionar informa\u00e7\u00f5es dispersas pode levar a perfis detalhados de indiv\u00edduos, que podem ser explorados comercialmente, politicamente ou de forma maliciosa, comprometendo a liberdade e a autonomia pessoal.<\/p>\n<p>N\u00e3o podemos ignorar a quest\u00e3o do **impacto no mercado de trabalho**. Embora a IA crie novas profiss\u00f5es, ela tamb\u00e9m automatiza tarefas rotineiras, colocando em risco empregos em setores como atendimento ao cliente, log\u00edstica, manufatura e at\u00e9 mesmo \u00e1reas de servi\u00e7os. A necessidade de requalifica\u00e7\u00e3o e adapta\u00e7\u00e3o da for\u00e7a de trabalho brasileira \u00e9 urgente, para evitar um aumento da desigualdade social e do desemprego estrutural. O desafio \u00e9 gerenciar essa transi\u00e7\u00e3o de forma justa e inclusiva, investindo em educa\u00e7\u00e3o e novas oportunidades.<\/p>\n<p>Em um plano mais existencial, h\u00e1 o debate sobre a **seguran\u00e7a e o controle da IA avan\u00e7ada**. \u00c0 medida que a IA se torna mais sofisticada e aut\u00f4noma, surge a quest\u00e3o de como garantir que esses sistemas permane\u00e7am alinhados com os interesses humanos. A ideia de uma Intelig\u00eancia Artificial Geral (AGI) superinteligente, que excede a capacidade cognitiva humana, levanta cen\u00e1rios complexos sobre a capacidade de controle e a possibilidade de que seus objetivos, mesmo que bem-intencionados, possam divergir dos nossos de maneiras catastr\u00f3ficas. Este \u00e9 o &#8216;problema do alinhamento&#8217; que preocupa muitos pesquisadores e pensadores sobre o futuro da humanidade.<\/p>\n<p>Finalmente, a **manipula\u00e7\u00e3o e desinforma\u00e7\u00e3o** s\u00e3o riscos j\u00e1 tang\u00edveis. A IA pode ser usada para gerar conte\u00fado falso (deepfakes, textos e \u00e1udios convincentes) em escala maci\u00e7a, minando a confian\u00e7a nas institui\u00e7\u00f5es, polarizando a sociedade e influenciando processos democr\u00e1ticos. Para o Brasil, onde a circula\u00e7\u00e3o de not\u00edcias falsas j\u00e1 \u00e9 um desafio significativo, a IA tem o potencial de tornar a distin\u00e7\u00e3o entre o real e o artificial ainda mais t\u00eanue, com consequ\u00eancias graves para a coes\u00e3o social e a estabilidade pol\u00edtica.<\/p>\n<p>### Navegando o Futuro com Responsabilidade<\/p>\n<p>A discuss\u00e3o provocada por Peter Thiel, e a resposta \u00e9tica da Igreja, sublinham que a intelig\u00eancia artificial n\u00e3o \u00e9 meramente uma quest\u00e3o t\u00e9cnica; \u00e9 uma quest\u00e3o profundamente humana. \u00c9 sobre os valores que incorporamos em nossas m\u00e1quinas, o tipo de sociedade que queremos construir e o futuro que desejamos para as pr\u00f3ximas gera\u00e7\u00f5es. No Brasil, essa conversa \u00e9 vital, pois temos a oportunidade de aprender com as experi\u00eancias globais e moldar nosso pr\u00f3prio caminho no desenvolvimento e uso da IA, priorizando a \u00e9tica, a inclus\u00e3o e o bem-estar de todos os cidad\u00e3os.<\/p>\n<p>Para mitigar **os riscos da intelig\u00eancia artificial**, \u00e9 imperativo um esfor\u00e7o conjunto. Isso inclui a cria\u00e7\u00e3o de marcos regulat\u00f3rios robustos e adapt\u00e1veis, como a LGPD; o investimento em pesquisa \u00e9tica e seguran\u00e7a da IA; a educa\u00e7\u00e3o e a conscientiza\u00e7\u00e3o p\u00fablica sobre o funcionamento e os impactos da tecnologia; e a promo\u00e7\u00e3o de um di\u00e1logo aberto e multidisciplinar entre cientistas, legisladores, fil\u00f3sofos, l\u00edderes religiosos e a sociedade civil. Somente atrav\u00e9s de uma abordagem colaborativa e reflexiva poderemos garantir que a IA seja uma for\u00e7a para o progresso, e n\u00e3o para a distopia, mantendo a humanidade no centro de seu desenvolvimento.<\/p>\n","protected":false},"excerpt":{"rendered":"<p>A intelig\u00eancia artificial (IA) tem sido o centro de uma efervescente discuss\u00e3o global, tanto por seu potencial transformador quanto pelas profundas preocupa\u00e7\u00f5es que suscita. De inovadores tecnol\u00f3gicos a l\u00edderes religiosos, passando por fil\u00f3sofos e formuladores de pol\u00edticas, o debate sobre o futuro da IA e seu impacto na humanidade est\u00e1 longe de ser consensual. Recentemente, [&hellip;]<\/p>\n","protected":false},"author":1,"featured_media":3991,"comment_status":"open","ping_status":"open","sticky":false,"template":"","format":"standard","meta":{"_yoast_wpseo_focuskw":"os riscos da intelig\u00eancia artificial","_yoast_wpseo_metadesc":"Explore o controverso debate entre Peter Thiel e l\u00edderes religiosos sobre os perigos da intelig\u00eancia artificial. Mergulhe nas discuss\u00f5es \u00e9ticas, morais e existenciais que moldam o futuro da IA e seus impactos na sociedade brasileira. Entenda 'os riscos da intelig\u00eancia artificial'.","footnotes":""},"categories":[2],"tags":[],"class_list":["post-3992","post","type-post","status-publish","format-standard","has-post-thumbnail","hentry","category-novidades"],"yoast_head":"<!-- This site is optimized with the Yoast SEO plugin v25.6 - https:\/\/yoast.com\/wordpress\/plugins\/seo\/ -->\n<title>Peter Thiel, IA e a Vis\u00e3o Apocal\u00edptica: Debatendo os Riscos da Intelig\u00eancia Artificial - Lacerda AI<\/title>\n<meta name=\"description\" content=\"Explore o controverso debate entre Peter Thiel e l\u00edderes religiosos sobre os perigos da intelig\u00eancia artificial. Mergulhe nas discuss\u00f5es \u00e9ticas, morais e existenciais que moldam o futuro da IA e seus impactos na sociedade brasileira. Entenda &#039;os riscos da intelig\u00eancia artificial&#039;.\" \/>\n<meta name=\"robots\" content=\"index, follow, max-snippet:-1, max-image-preview:large, max-video-preview:-1\" \/>\n<link rel=\"canonical\" href=\"https:\/\/lacerdaai.com\/br\/peter-thiel-ia-e-a-visao-apocaliptica-debatendo-os-riscos-da-inteligencia-artificial\/\" \/>\n<meta property=\"og:locale\" content=\"pt_BR\" \/>\n<meta property=\"og:type\" content=\"article\" \/>\n<meta property=\"og:title\" content=\"Peter Thiel, IA e a Vis\u00e3o Apocal\u00edptica: Debatendo os Riscos da Intelig\u00eancia Artificial - Lacerda AI\" \/>\n<meta property=\"og:description\" content=\"Explore o controverso debate entre Peter Thiel e l\u00edderes religiosos sobre os perigos da intelig\u00eancia artificial. Mergulhe nas discuss\u00f5es \u00e9ticas, morais e existenciais que moldam o futuro da IA e seus impactos na sociedade brasileira. Entenda &#039;os riscos da intelig\u00eancia artificial&#039;.\" \/>\n<meta property=\"og:url\" content=\"https:\/\/lacerdaai.com\/br\/peter-thiel-ia-e-a-visao-apocaliptica-debatendo-os-riscos-da-inteligencia-artificial\/\" \/>\n<meta property=\"og:site_name\" content=\"Lacerda AI\" \/>\n<meta property=\"article:published_time\" content=\"2026-03-15T19:15:20+00:00\" \/>\n<meta property=\"article:modified_time\" content=\"2026-03-15T19:15:21+00:00\" \/>\n<meta name=\"author\" content=\"Andr\u00e9 Lacerda\" \/>\n<meta name=\"twitter:card\" content=\"summary_large_image\" \/>\n<meta name=\"twitter:label1\" content=\"Escrito por\" \/>\n\t<meta name=\"twitter:data1\" content=\"Andr\u00e9 Lacerda\" \/>\n\t<meta name=\"twitter:label2\" content=\"Est. tempo de leitura\" \/>\n\t<meta name=\"twitter:data2\" content=\"9 minutos\" \/>\n<script type=\"application\/ld+json\" class=\"yoast-schema-graph\">{\"@context\":\"https:\/\/schema.org\",\"@graph\":[{\"@type\":\"WebPage\",\"@id\":\"https:\/\/lacerdaai.com\/br\/peter-thiel-ia-e-a-visao-apocaliptica-debatendo-os-riscos-da-inteligencia-artificial\/\",\"url\":\"https:\/\/lacerdaai.com\/br\/peter-thiel-ia-e-a-visao-apocaliptica-debatendo-os-riscos-da-inteligencia-artificial\/\",\"name\":\"Peter Thiel, IA e a Vis\u00e3o Apocal\u00edptica: Debatendo os Riscos da Intelig\u00eancia Artificial - Lacerda AI\",\"isPartOf\":{\"@id\":\"https:\/\/lacerdaai.com\/br\/#website\"},\"primaryImageOfPage\":{\"@id\":\"https:\/\/lacerdaai.com\/br\/peter-thiel-ia-e-a-visao-apocaliptica-debatendo-os-riscos-da-inteligencia-artificial\/#primaryimage\"},\"image\":{\"@id\":\"https:\/\/lacerdaai.com\/br\/peter-thiel-ia-e-a-visao-apocaliptica-debatendo-os-riscos-da-inteligencia-artificial\/#primaryimage\"},\"thumbnailUrl\":\"https:\/\/lacerdaai.com\/br\/wp-content\/uploads\/2026\/03\/imagem-64.jpg\",\"datePublished\":\"2026-03-15T19:15:20+00:00\",\"dateModified\":\"2026-03-15T19:15:21+00:00\",\"author\":{\"@id\":\"https:\/\/lacerdaai.com\/br\/#\/schema\/person\/8bad803c2e83a0c5c5c75e02a1c2248f\"},\"description\":\"Explore o controverso debate entre Peter Thiel e l\u00edderes religiosos sobre os perigos da intelig\u00eancia artificial. Mergulhe nas discuss\u00f5es \u00e9ticas, morais e existenciais que moldam o futuro da IA e seus impactos na sociedade brasileira. Entenda 'os riscos da intelig\u00eancia artificial'.\",\"breadcrumb\":{\"@id\":\"https:\/\/lacerdaai.com\/br\/peter-thiel-ia-e-a-visao-apocaliptica-debatendo-os-riscos-da-inteligencia-artificial\/#breadcrumb\"},\"inLanguage\":\"pt-BR\",\"potentialAction\":[{\"@type\":\"ReadAction\",\"target\":[\"https:\/\/lacerdaai.com\/br\/peter-thiel-ia-e-a-visao-apocaliptica-debatendo-os-riscos-da-inteligencia-artificial\/\"]}]},{\"@type\":\"ImageObject\",\"inLanguage\":\"pt-BR\",\"@id\":\"https:\/\/lacerdaai.com\/br\/peter-thiel-ia-e-a-visao-apocaliptica-debatendo-os-riscos-da-inteligencia-artificial\/#primaryimage\",\"url\":\"https:\/\/lacerdaai.com\/br\/wp-content\/uploads\/2026\/03\/imagem-64.jpg\",\"contentUrl\":\"https:\/\/lacerdaai.com\/br\/wp-content\/uploads\/2026\/03\/imagem-64.jpg\",\"width\":2289,\"height\":1288},{\"@type\":\"BreadcrumbList\",\"@id\":\"https:\/\/lacerdaai.com\/br\/peter-thiel-ia-e-a-visao-apocaliptica-debatendo-os-riscos-da-inteligencia-artificial\/#breadcrumb\",\"itemListElement\":[{\"@type\":\"ListItem\",\"position\":1,\"name\":\"In\u00edcio\",\"item\":\"https:\/\/lacerdaai.com\/br\/\"},{\"@type\":\"ListItem\",\"position\":2,\"name\":\"Peter Thiel, IA e a Vis\u00e3o Apocal\u00edptica: Debatendo os Riscos da Intelig\u00eancia Artificial\"}]},{\"@type\":\"WebSite\",\"@id\":\"https:\/\/lacerdaai.com\/br\/#website\",\"url\":\"https:\/\/lacerdaai.com\/br\/\",\"name\":\"Lacerda AI\",\"description\":\"Seu blog di\u00e1rio de novidades do mundo da Inteligencia Artificial\",\"potentialAction\":[{\"@type\":\"SearchAction\",\"target\":{\"@type\":\"EntryPoint\",\"urlTemplate\":\"https:\/\/lacerdaai.com\/br\/?s={search_term_string}\"},\"query-input\":{\"@type\":\"PropertyValueSpecification\",\"valueRequired\":true,\"valueName\":\"search_term_string\"}}],\"inLanguage\":\"pt-BR\"},{\"@type\":\"Person\",\"@id\":\"https:\/\/lacerdaai.com\/br\/#\/schema\/person\/8bad803c2e83a0c5c5c75e02a1c2248f\",\"name\":\"Andr\u00e9 Lacerda\",\"image\":{\"@type\":\"ImageObject\",\"inLanguage\":\"pt-BR\",\"@id\":\"https:\/\/lacerdaai.com\/br\/#\/schema\/person\/image\/\",\"url\":\"https:\/\/secure.gravatar.com\/avatar\/f5c1fa5ad9763f54c1f223c3fc91f131da6288c9f9e28d74bb3c355ad99af205?s=96&d=mm&r=g\",\"contentUrl\":\"https:\/\/secure.gravatar.com\/avatar\/f5c1fa5ad9763f54c1f223c3fc91f131da6288c9f9e28d74bb3c355ad99af205?s=96&d=mm&r=g\",\"caption\":\"Andr\u00e9 Lacerda\"},\"description\":\"Sou o Andr\u00e9 Lacerda, tenho 35 anos e sou apaixonado por tecnologia, intelig\u00eancia artificial e boas hist\u00f3rias. Me formei em Tecnologia e Jornalismo \u2014 sim, uma mistura meio improv\u00e1vel, mas que combina muito comigo. J\u00e1 morei no Canad\u00e1 e na Espanha, e essas experi\u00eancias me ajudaram a enxergar a inova\u00e7\u00e3o com um olhar mais global (e a me virar bem em tr\u00eas idiomas \ud83d\ude04). Trabalhei em algumas das maiores empresas de tecnologia do mercado e, hoje, atuo como consultor ajudando neg\u00f3cios a entenderem e aplicarem IA de forma pr\u00e1tica, estrat\u00e9gica e humana. Gosto de traduzir o complexo em algo simples \u2014 e \u00e9 isso que voc\u00ea vai encontrar por aqui.\",\"sameAs\":[\"http:\/\/lacerdaai.com\/br\"],\"url\":\"https:\/\/lacerdaai.com\/br\/author\/red-admin\/\"}]}<\/script>\n<!-- \/ Yoast SEO plugin. -->","yoast_head_json":{"title":"Peter Thiel, IA e a Vis\u00e3o Apocal\u00edptica: Debatendo os Riscos da Intelig\u00eancia Artificial - Lacerda AI","description":"Explore o controverso debate entre Peter Thiel e l\u00edderes religiosos sobre os perigos da intelig\u00eancia artificial. Mergulhe nas discuss\u00f5es \u00e9ticas, morais e existenciais que moldam o futuro da IA e seus impactos na sociedade brasileira. Entenda 'os riscos da intelig\u00eancia artificial'.","robots":{"index":"index","follow":"follow","max-snippet":"max-snippet:-1","max-image-preview":"max-image-preview:large","max-video-preview":"max-video-preview:-1"},"canonical":"https:\/\/lacerdaai.com\/br\/peter-thiel-ia-e-a-visao-apocaliptica-debatendo-os-riscos-da-inteligencia-artificial\/","og_locale":"pt_BR","og_type":"article","og_title":"Peter Thiel, IA e a Vis\u00e3o Apocal\u00edptica: Debatendo os Riscos da Intelig\u00eancia Artificial - Lacerda AI","og_description":"Explore o controverso debate entre Peter Thiel e l\u00edderes religiosos sobre os perigos da intelig\u00eancia artificial. Mergulhe nas discuss\u00f5es \u00e9ticas, morais e existenciais que moldam o futuro da IA e seus impactos na sociedade brasileira. Entenda 'os riscos da intelig\u00eancia artificial'.","og_url":"https:\/\/lacerdaai.com\/br\/peter-thiel-ia-e-a-visao-apocaliptica-debatendo-os-riscos-da-inteligencia-artificial\/","og_site_name":"Lacerda AI","article_published_time":"2026-03-15T19:15:20+00:00","article_modified_time":"2026-03-15T19:15:21+00:00","author":"Andr\u00e9 Lacerda","twitter_card":"summary_large_image","twitter_misc":{"Escrito por":"Andr\u00e9 Lacerda","Est. tempo de leitura":"9 minutos"},"schema":{"@context":"https:\/\/schema.org","@graph":[{"@type":"WebPage","@id":"https:\/\/lacerdaai.com\/br\/peter-thiel-ia-e-a-visao-apocaliptica-debatendo-os-riscos-da-inteligencia-artificial\/","url":"https:\/\/lacerdaai.com\/br\/peter-thiel-ia-e-a-visao-apocaliptica-debatendo-os-riscos-da-inteligencia-artificial\/","name":"Peter Thiel, IA e a Vis\u00e3o Apocal\u00edptica: Debatendo os Riscos da Intelig\u00eancia Artificial - Lacerda AI","isPartOf":{"@id":"https:\/\/lacerdaai.com\/br\/#website"},"primaryImageOfPage":{"@id":"https:\/\/lacerdaai.com\/br\/peter-thiel-ia-e-a-visao-apocaliptica-debatendo-os-riscos-da-inteligencia-artificial\/#primaryimage"},"image":{"@id":"https:\/\/lacerdaai.com\/br\/peter-thiel-ia-e-a-visao-apocaliptica-debatendo-os-riscos-da-inteligencia-artificial\/#primaryimage"},"thumbnailUrl":"https:\/\/lacerdaai.com\/br\/wp-content\/uploads\/2026\/03\/imagem-64.jpg","datePublished":"2026-03-15T19:15:20+00:00","dateModified":"2026-03-15T19:15:21+00:00","author":{"@id":"https:\/\/lacerdaai.com\/br\/#\/schema\/person\/8bad803c2e83a0c5c5c75e02a1c2248f"},"description":"Explore o controverso debate entre Peter Thiel e l\u00edderes religiosos sobre os perigos da intelig\u00eancia artificial. Mergulhe nas discuss\u00f5es \u00e9ticas, morais e existenciais que moldam o futuro da IA e seus impactos na sociedade brasileira. Entenda 'os riscos da intelig\u00eancia artificial'.","breadcrumb":{"@id":"https:\/\/lacerdaai.com\/br\/peter-thiel-ia-e-a-visao-apocaliptica-debatendo-os-riscos-da-inteligencia-artificial\/#breadcrumb"},"inLanguage":"pt-BR","potentialAction":[{"@type":"ReadAction","target":["https:\/\/lacerdaai.com\/br\/peter-thiel-ia-e-a-visao-apocaliptica-debatendo-os-riscos-da-inteligencia-artificial\/"]}]},{"@type":"ImageObject","inLanguage":"pt-BR","@id":"https:\/\/lacerdaai.com\/br\/peter-thiel-ia-e-a-visao-apocaliptica-debatendo-os-riscos-da-inteligencia-artificial\/#primaryimage","url":"https:\/\/lacerdaai.com\/br\/wp-content\/uploads\/2026\/03\/imagem-64.jpg","contentUrl":"https:\/\/lacerdaai.com\/br\/wp-content\/uploads\/2026\/03\/imagem-64.jpg","width":2289,"height":1288},{"@type":"BreadcrumbList","@id":"https:\/\/lacerdaai.com\/br\/peter-thiel-ia-e-a-visao-apocaliptica-debatendo-os-riscos-da-inteligencia-artificial\/#breadcrumb","itemListElement":[{"@type":"ListItem","position":1,"name":"In\u00edcio","item":"https:\/\/lacerdaai.com\/br\/"},{"@type":"ListItem","position":2,"name":"Peter Thiel, IA e a Vis\u00e3o Apocal\u00edptica: Debatendo os Riscos da Intelig\u00eancia Artificial"}]},{"@type":"WebSite","@id":"https:\/\/lacerdaai.com\/br\/#website","url":"https:\/\/lacerdaai.com\/br\/","name":"Lacerda AI","description":"Seu blog di\u00e1rio de novidades do mundo da Inteligencia Artificial","potentialAction":[{"@type":"SearchAction","target":{"@type":"EntryPoint","urlTemplate":"https:\/\/lacerdaai.com\/br\/?s={search_term_string}"},"query-input":{"@type":"PropertyValueSpecification","valueRequired":true,"valueName":"search_term_string"}}],"inLanguage":"pt-BR"},{"@type":"Person","@id":"https:\/\/lacerdaai.com\/br\/#\/schema\/person\/8bad803c2e83a0c5c5c75e02a1c2248f","name":"Andr\u00e9 Lacerda","image":{"@type":"ImageObject","inLanguage":"pt-BR","@id":"https:\/\/lacerdaai.com\/br\/#\/schema\/person\/image\/","url":"https:\/\/secure.gravatar.com\/avatar\/f5c1fa5ad9763f54c1f223c3fc91f131da6288c9f9e28d74bb3c355ad99af205?s=96&d=mm&r=g","contentUrl":"https:\/\/secure.gravatar.com\/avatar\/f5c1fa5ad9763f54c1f223c3fc91f131da6288c9f9e28d74bb3c355ad99af205?s=96&d=mm&r=g","caption":"Andr\u00e9 Lacerda"},"description":"Sou o Andr\u00e9 Lacerda, tenho 35 anos e sou apaixonado por tecnologia, intelig\u00eancia artificial e boas hist\u00f3rias. Me formei em Tecnologia e Jornalismo \u2014 sim, uma mistura meio improv\u00e1vel, mas que combina muito comigo. J\u00e1 morei no Canad\u00e1 e na Espanha, e essas experi\u00eancias me ajudaram a enxergar a inova\u00e7\u00e3o com um olhar mais global (e a me virar bem em tr\u00eas idiomas \ud83d\ude04). Trabalhei em algumas das maiores empresas de tecnologia do mercado e, hoje, atuo como consultor ajudando neg\u00f3cios a entenderem e aplicarem IA de forma pr\u00e1tica, estrat\u00e9gica e humana. Gosto de traduzir o complexo em algo simples \u2014 e \u00e9 isso que voc\u00ea vai encontrar por aqui.","sameAs":["http:\/\/lacerdaai.com\/br"],"url":"https:\/\/lacerdaai.com\/br\/author\/red-admin\/"}]}},"_links":{"self":[{"href":"https:\/\/lacerdaai.com\/br\/wp-json\/wp\/v2\/posts\/3992","targetHints":{"allow":["GET"]}}],"collection":[{"href":"https:\/\/lacerdaai.com\/br\/wp-json\/wp\/v2\/posts"}],"about":[{"href":"https:\/\/lacerdaai.com\/br\/wp-json\/wp\/v2\/types\/post"}],"author":[{"embeddable":true,"href":"https:\/\/lacerdaai.com\/br\/wp-json\/wp\/v2\/users\/1"}],"replies":[{"embeddable":true,"href":"https:\/\/lacerdaai.com\/br\/wp-json\/wp\/v2\/comments?post=3992"}],"version-history":[{"count":1,"href":"https:\/\/lacerdaai.com\/br\/wp-json\/wp\/v2\/posts\/3992\/revisions"}],"predecessor-version":[{"id":3993,"href":"https:\/\/lacerdaai.com\/br\/wp-json\/wp\/v2\/posts\/3992\/revisions\/3993"}],"wp:featuredmedia":[{"embeddable":true,"href":"https:\/\/lacerdaai.com\/br\/wp-json\/wp\/v2\/media\/3991"}],"wp:attachment":[{"href":"https:\/\/lacerdaai.com\/br\/wp-json\/wp\/v2\/media?parent=3992"}],"wp:term":[{"taxonomy":"category","embeddable":true,"href":"https:\/\/lacerdaai.com\/br\/wp-json\/wp\/v2\/categories?post=3992"},{"taxonomy":"post_tag","embeddable":true,"href":"https:\/\/lacerdaai.com\/br\/wp-json\/wp\/v2\/tags?post=3992"}],"curies":[{"name":"wp","href":"https:\/\/api.w.org\/{rel}","templated":true}]}}