{"id":4013,"date":"2026-03-17T16:15:23","date_gmt":"2026-03-17T19:15:23","guid":{"rendered":"https:\/\/lacerdaai.com\/br\/a-linha-vermelha-da-ia-o-incidente-dos-deepfakes-e-a-necessidade-de-etica-na-politica\/"},"modified":"2026-03-17T16:15:24","modified_gmt":"2026-03-17T19:15:24","slug":"a-linha-vermelha-da-ia-o-incidente-dos-deepfakes-e-a-necessidade-de-etica-na-politica","status":"publish","type":"post","link":"https:\/\/lacerdaai.com\/br\/a-linha-vermelha-da-ia-o-incidente-dos-deepfakes-e-a-necessidade-de-etica-na-politica\/","title":{"rendered":"A Linha Vermelha da IA: O Incidente dos Deepfakes e a Necessidade de \u00c9tica na Pol\u00edtica"},"content":{"rendered":"<p>Em um mundo cada vez mais digitalizado, onde a fronteira entre o real e o artificial se torna mais t\u00eanue a cada dia, a intelig\u00eancia artificial (IA) emerge como uma for\u00e7a transformadora. Ela promete revolucionar setores, otimizar processos e enriquecer experi\u00eancias. No entanto, com grande poder, v\u00eam grandes responsabilidades \u2013 e grandes desafios. Um recente incidente em Israel serve como um lembrete v\u00edvido e, por vezes, inquietante, de como a IA, especialmente na forma de deepfakes, pode ser usada para cruzar linhas \u00e9ticas e culturais, gerando debates acalorados sobre liberdade religiosa, desinforma\u00e7\u00e3o e os limites da tecnologia na esfera pol\u00edtica.<\/p>\n<p>Imagine um v\u00eddeo de figuras p\u00fablicas, reconhecidas por sua identidade religiosa, tendo elementos cruciais de sua vestimenta removidos digitalmente, sem consentimento. Essa n\u00e3o \u00e9 uma cena de um filme de fic\u00e7\u00e3o cient\u00edfica, mas sim a realidade de um epis\u00f3dio que levou um partido pol\u00edtico a se desassociar publicamente de um ativista. O caso, envolvendo a altera\u00e7\u00e3o de imagens de parlamentares religiosas israelenses por meio de IA, n\u00e3o \u00e9 apenas uma nota de rodap\u00e9 nas not\u00edcias, mas um marco importante na discuss\u00e3o global sobre a \u00e9tica da intelig\u00eancia artificial. Ele nos for\u00e7a a olhar para as implica\u00e7\u00f5es de ferramentas cada vez mais acess\u00edveis e poderosas, e a questionar onde tra\u00e7amos a linha quando a criatividade tecnol\u00f3gica se encontra com a sensibilidade social e religiosa. Prepare-se para mergulhar neste debate complexo e entender por que a responsabilidade no uso da IA \u00e9 mais crucial do que nunca.<\/p>\n<h3><strong>Deepfake e \u00c9tica da IA<\/strong>: O incidente que gerou controv\u00e9rsia<\/h3>\n<p>O cerne da pol\u00eamica gira em torno de um v\u00eddeo gerado por intelig\u00eancia artificial, que come\u00e7ou a circular nas redes sociais. Nele, parlamentares femininas israelenses, incluindo Rachel Azaria, Michal Wunsh e Limor Son Har-Melech, foram retratadas sem seus tradicionais v\u00e9us, conhecidos como len\u00e7os de cabe\u00e7a. A remo\u00e7\u00e3o digital desses s\u00edmbolos religiosos, centrais para a identidade e a f\u00e9 de muitas mulheres, foi realizada sem o consentimento das envolvidas, desencadeando uma onda de condena\u00e7\u00e3o e rep\u00fadio.<\/p>\n<p>O Partido Democrata, ao qual o ativista Yair Ben-David \u2013 criador do v\u00eddeo \u2013 era filiado, agiu rapidamente para se distanciar da produ\u00e7\u00e3o. Em um comunicado veemente, o partido classificou o v\u00eddeo como \u201cdesrespeitoso e ofensivo\u201d, enfatizando que n\u00e3o tinha \u201cqualquer conex\u00e3o\u201d com sua cria\u00e7\u00e3o. Essa postura de desaprova\u00e7\u00e3o n\u00e3o foi apenas formal, mas essencial para delimitar sua posi\u00e7\u00e3o frente a uma a\u00e7\u00e3o que maculava valores fundamentais como a liberdade religiosa e o respeito \u00e0 individualidade.<\/p>\n<p>As pr\u00f3prias parlamentares afetadas expressaram seu ultraje. Rachel Azaria retweetou a declara\u00e7\u00e3o do partido, adicionando uma observa\u00e7\u00e3o pessoal e contundente: \u201cAcho bastante horr\u00edvel que algu\u00e9m tenha removido os v\u00e9us de mulheres religiosas usando IA. Isso cruza uma linha vermelha de liberdade religiosa e tamb\u00e9m uma linha vermelha de dec\u00eancia humana b\u00e1sica.\u201d Michal Wunsh ecoou o sentimento, descrevendo o v\u00eddeo como \u201cultrajante\u201d e inaceit\u00e1vel, pontuando que \u201cusar a IA para apagar a identidade religiosa de uma mulher sem o seu consentimento \u00e9 ultrajante e inaceit\u00e1vel.\u201d Ela destacou que a liberdade de religi\u00e3o e o respeito \u00e0s escolhas das mulheres s\u00e3o valores fundamentais que devem ser mantidos, n\u00e3o apagados pela tecnologia.<\/p>\n<p>Mas o que exatamente \u00e9 um deepfake e por que sua aplica\u00e7\u00e3o neste contexto gerou tanta controv\u00e9rsia? Deepfake, uma am\u00e1lgama das palavras \u201cdeep learning\u201d (aprendizagem profunda) e \u201cfake\u201d (falso), refere-se a v\u00eddeos, \u00e1udios ou imagens sint\u00e9ticas criadas por algoritmos de intelig\u00eancia artificial. Essas tecnologias avan\u00e7adas de IA, baseadas em redes neurais generativas adversariais (GANs), s\u00e3o capazes de gerar conte\u00fado fotorrealista convincente, manipulando ou substituindo rostos e vozes em m\u00eddias existentes. No caso em quest\u00e3o, a IA foi utilizada para remover os len\u00e7os de cabe\u00e7a das parlamentares, alterando sua representa\u00e7\u00e3o visual de forma a impactar diretamente sua identidade religiosa e cultural. Embora o criador, Yair Ben-David, tenha defendido sua obra como uma forma de \u201cenfatizar a mensagem de pluralismo religioso e a import\u00e2ncia da escolha individual\u201d e \u201cdesafiar no\u00e7\u00f5es tradicionais de identidade religiosa\u201d, a interpreta\u00e7\u00e3o predominante foi de invas\u00e3o e desrespeito \u00e0 autonomia pessoal e religiosa. O incidente destacou uma verdade inc\u00f4moda: a inten\u00e7\u00e3o por tr\u00e1s de uma cria\u00e7\u00e3o de IA pode ser ofuscada, ou mesmo anulada, pela percep\u00e7\u00e3o e pelo impacto \u00e9tico em seu p\u00fablico-alvo, especialmente quando envolve s\u00edmbolos de grande significado pessoal e coletivo.<\/p>\n<h3>A Linha T\u00eanue entre Criatividade e Manipula\u00e7\u00e3o: Desafios da IA na Esfera P\u00fablica<\/h3>\n<p>A ascens\u00e3o dos deepfakes e outras formas de IA generativa n\u00e3o \u00e9 novidade, mas seu uso em contextos pol\u00edticos e sociais sens\u00edveis acende um alerta vermelho. Estamos entrando em uma era onde a distin\u00e7\u00e3o entre realidade e fabrica\u00e7\u00e3o se torna cada vez mais indistinta. Historicamente, a manipula\u00e7\u00e3o de imagens sempre existiu \u2013 desde o retoque em fotografias at\u00e9 a montagem de v\u00eddeos. No entanto, a IA eleva essa capacidade a um patamar completamente diferente. Antes, a cria\u00e7\u00e3o de uma imagem ou v\u00eddeo falso convincente exigia tempo, recursos e habilidades t\u00e9cnicas consider\u00e1veis. Hoje, com ferramentas de IA cada vez mais sofisticadas e acess\u00edveis, essa barreira foi significativamente reduzida. Um indiv\u00edduo com um conhecimento b\u00e1sico pode, em quest\u00e3o de minutos, gerar conte\u00fado falso que engana at\u00e9 mesmo olhos treinados.<\/p>\n<p>Essa facilidade de cria\u00e7\u00e3o tem implica\u00e7\u00f5es profundas, especialmente na esfera p\u00fablica e pol\u00edtica. Em per\u00edodos eleitorais, por exemplo, deepfakes podem ser usados para difamar candidatos, espalhar desinforma\u00e7\u00e3o ou inflamar tens\u00f5es sociais, influenciando a opini\u00e3o p\u00fablica e, potencialmente, o resultado de elei\u00e7\u00f5es. O caso das parlamentares israelenses, onde a altera\u00e7\u00e3o visava um aspecto t\u00e3o \u00edntimo como a identidade religiosa, exemplifica como essa tecnologia pode ser empregada para minar a autonomia e a representa\u00e7\u00e3o. A remo\u00e7\u00e3o de um v\u00e9u, que para algumas representa um s\u00edmbolo de devo\u00e7\u00e3o, liberdade ou at\u00e9 mesmo protesto, \u00e9 uma intrus\u00e3o direta na escolha individual e na liberdade religiosa. Tal ato, mesmo que intencionado como provoca\u00e7\u00e3o ou coment\u00e1rio social, \u00e9 percebido como uma despersonaliza\u00e7\u00e3o e um desrespeito.<\/p>\n<p>Al\u00e9m disso, a prolifera\u00e7\u00e3o de deepfakes contribui para a eros\u00e3o da confian\u00e7a p\u00fablica em institui\u00e7\u00f5es, na m\u00eddia e, em \u00faltima inst\u00e2ncia, na pr\u00f3pria realidade. Se n\u00e3o podemos confiar em v\u00eddeos e imagens que vemos, como podemos discernir a verdade na informa\u00e7\u00e3o que consumimos? Esse questionamento alimenta a chamada era da &#8220;p\u00f3s-verdade&#8221;, onde fatos objetivos t\u00eam menos influ\u00eancia do que apelos \u00e0 emo\u00e7\u00e3o e cren\u00e7as pessoais. A IA, com sua capacidade de fabricar &#8220;evid\u00eancias&#8221;, torna essa era ainda mais complexa e perigosa. Governos, organiza\u00e7\u00f5es e cidad\u00e3os enfrentam o desafio de desenvolver novas formas de verifica\u00e7\u00e3o de fatos e de promover a alfabetiza\u00e7\u00e3o midi\u00e1tica para navegar neste novo cen\u00e1rio. A educa\u00e7\u00e3o sobre como a IA funciona, seus potenciais e seus perigos, torna-se t\u00e3o vital quanto o debate sobre sua regulamenta\u00e7\u00e3o.<\/p>\n<h3>Responsabilidade Digital e o Futuro da IA: Caminhos para uma Conviv\u00eancia \u00c9tica<\/h3>\n<p>Diante dos desafios impostos pelos deepfakes e pelo uso anti\u00e9tico da IA, a quest\u00e3o da responsabilidade emerge como pilar central para qualquer discuss\u00e3o sobre o futuro da tecnologia. Quem \u00e9 respons\u00e1vel quando um v\u00eddeo de IA causa danos? O criador? A plataforma que o hospeda? A empresa que desenvolveu a tecnologia? A resposta n\u00e3o \u00e9 simples e, provavelmente, envolve uma combina\u00e7\u00e3o de todos esses atores.<\/p>\n<p>No n\u00edvel tecnol\u00f3gico, esfor\u00e7os significativos est\u00e3o sendo feitos para desenvolver ferramentas de detec\u00e7\u00e3o de deepfakes. Empresas como a Google e a Meta (Facebook) investem em pesquisas para criar algoritmos capazes de identificar manipula\u00e7\u00f5es de IA, usando t\u00e9cnicas como an\u00e1lise de inconsist\u00eancias em pixels, anomalias de movimento ou padr\u00f5es sutis que a IA generativa ainda n\u00e3o consegue replicar perfeitamente. No entanto, \u00e9 uma corrida de armas digital: \u00e0 medida que as ferramentas de detec\u00e7\u00e3o melhoram, os algoritmos de cria\u00e7\u00e3o de deepfakes tamb\u00e9m evoluem, tornando-se mais sofisticados e dif\u00edceis de detectar. Uma solu\u00e7\u00e3o promissora \u00e9 o uso de marcas d&#8217;\u00e1gua digitais invis\u00edveis ou metadados de proced\u00eancia, que poderiam autenticar o conte\u00fado original e sinalizar quando ele foi alterado por IA. Isso permitiria que os consumidores pudessem verificar a autenticidade de um v\u00eddeo ou imagem com mais facilidade.<\/p>\n<p>Do ponto de vista legal e regulat\u00f3rio, governos em todo o mundo est\u00e3o come\u00e7ando a debater e implementar legisla\u00e7\u00f5es. Pa\u00edses como os Estados Unidos j\u00e1 aprovaram leis em alguns estados que criminalizam a distribui\u00e7\u00e3o de deepfakes maliciosos, especialmente em contextos eleitorais ou para fins de difama\u00e7\u00e3o. Na Uni\u00e3o Europeia, o &#8220;AI Act&#8221; prop\u00f5e diretrizes rigorosas para o desenvolvimento e uso da IA, classificando sistemas de alto risco e exigindo transpar\u00eancia e supervis\u00e3o humana. Tais regulamenta\u00e7\u00f5es s\u00e3o cruciais para estabelecer limites claros e impor consequ\u00eancias legais para o uso indevido da tecnologia, sem sufocar a inova\u00e7\u00e3o leg\u00edtima. \u00c9 um equil\u00edbrio delicado, que busca proteger os direitos individuais e a integridade do debate p\u00fablico, ao mesmo tempo em que permite que a IA flores\u00e7a de maneira ben\u00e9fica.<\/p>\n<p>Al\u00e9m da tecnologia e da lei, a responsabilidade individual e coletiva desempenha um papel vital. Plataformas de redes sociais, por exemplo, t\u00eam um papel gigantesco na modera\u00e7\u00e3o de conte\u00fado e na implementa\u00e7\u00e3o de pol\u00edticas que co\u00edbam a dissemina\u00e7\u00e3o de deepfakes maliciosos. Isso inclui a rotulagem de conte\u00fado gerado por IA, a remo\u00e7\u00e3o de material prejudicial e a promo\u00e7\u00e3o de fontes de informa\u00e7\u00e3o confi\u00e1veis. Para os usu\u00e1rios, a alfabetiza\u00e7\u00e3o digital e o pensamento cr\u00edtico s\u00e3o as primeiras linhas de defesa. Aprender a questionar o que se v\u00ea online, verificar fontes e estar ciente dos perigos da desinforma\u00e7\u00e3o s\u00e3o habilidades essenciais na era da IA. As campanhas de conscientiza\u00e7\u00e3o p\u00fablica, que explicam o funcionamento dos deepfakes e suas implica\u00e7\u00f5es, s\u00e3o fundamentais para capacitar os cidad\u00e3os a discernir a verdade do engano.<\/p>\n<p>O incidente em Israel, ao focar na remo\u00e7\u00e3o de s\u00edmbolos religiosos por IA, tamb\u00e9m sublinha a necessidade de diretrizes \u00e9ticas robustas no desenvolvimento de sistemas de intelig\u00eancia artificial. Os desenvolvedores e empresas de IA precisam incorporar considera\u00e7\u00f5es \u00e9ticas desde as fases iniciais de projeto, incluindo a avalia\u00e7\u00e3o de vieses, o respeito \u00e0 privacidade, a promo\u00e7\u00e3o da equidade e a preven\u00e7\u00e3o de usos maliciosos. Isso implica em criar sistemas que sejam transparentes, explic\u00e1veis e audit\u00e1veis, garantindo que a IA seja uma ferramenta para o progresso humano, e n\u00e3o para a sua degrada\u00e7\u00e3o. O futuro da IA n\u00e3o \u00e9 determinado apenas pelo que ela pode fazer, mas pelo que decidimos permitir que ela fa\u00e7a e como a usamos para moldar nossa sociedade.<\/p>\n<p>O caso do v\u00eddeo deepfake em Israel \u00e9 um microcosmo dos desafios mais amplos que a humanidade enfrenta na era da intelig\u00eancia artificial. Ele exp\u00f5e a urg\u00eancia de estabelecer limites \u00e9ticos claros e de desenvolver mecanismos robustos para combater a desinforma\u00e7\u00e3o e proteger a identidade individual e a liberdade religiosa. A tecnologia em si \u00e9 neutra, mas seu uso reflete as inten\u00e7\u00f5es, valores e, por vezes, as lacunas \u00e9ticas de seus criadores e usu\u00e1rios. \u00c9 um chamado para a responsabilidade em todas as frentes \u2013 dos desenvolvedores aos legisladores, das plataformas aos cidad\u00e3os.<\/p>\n<p>\u00c0 medida que avan\u00e7amos, a discuss\u00e3o sobre <strong>Deepfake e \u00c9tica da IA<\/strong> n\u00e3o pode ser adiada. Precisamos de um esfor\u00e7o colaborativo para criar um ambiente digital onde a inova\u00e7\u00e3o tecnol\u00f3gica conviva harmoniosamente com o respeito aos direitos humanos, \u00e0 verdade e \u00e0 diversidade cultural. Este incidente serve como um lembrete crucial de que, no final das contas, somos n\u00f3s quem moldamos a IA, e \u00e9 nossa responsabilidade garantir que ela sirva ao bem maior da humanidade. O futuro de nossa sociedade democr\u00e1tica e plural depende de como navegaremos por essa complexa paisagem tecnol\u00f3gica com sabedoria, discernimento e um compromisso inabal\u00e1vel com a \u00e9tica.<\/p>\n","protected":false},"excerpt":{"rendered":"<p>Em um mundo cada vez mais digitalizado, onde a fronteira entre o real e o artificial se torna mais t\u00eanue a cada dia, a intelig\u00eancia artificial (IA) emerge como uma for\u00e7a transformadora. Ela promete revolucionar setores, otimizar processos e enriquecer experi\u00eancias. No entanto, com grande poder, v\u00eam grandes responsabilidades \u2013 e grandes desafios. Um recente [&hellip;]<\/p>\n","protected":false},"author":1,"featured_media":4012,"comment_status":"open","ping_status":"open","sticky":false,"template":"","format":"standard","meta":{"_yoast_wpseo_focuskw":"Deepfake e \u00c9tica da IA","_yoast_wpseo_metadesc":"Descubra como um pol\u00eamico v\u00eddeo deepfake, que alterou a imagem de parlamentares religiosas em Israel, reacendeu o debate sobre Deepfake e \u00c9tica da IA na pol\u00edtica, liberdade religiosa e o papel da tecnologia na esfera p\u00fablica.","footnotes":""},"categories":[2],"tags":[],"class_list":["post-4013","post","type-post","status-publish","format-standard","has-post-thumbnail","hentry","category-novidades"],"yoast_head":"<!-- This site is optimized with the Yoast SEO plugin v25.6 - https:\/\/yoast.com\/wordpress\/plugins\/seo\/ -->\n<title>A Linha Vermelha da IA: O Incidente dos Deepfakes e a Necessidade de \u00c9tica na Pol\u00edtica - Lacerda AI<\/title>\n<meta name=\"description\" content=\"Descubra como um pol\u00eamico v\u00eddeo deepfake, que alterou a imagem de parlamentares religiosas em Israel, reacendeu o debate sobre Deepfake e \u00c9tica da IA na pol\u00edtica, liberdade religiosa e o papel da tecnologia na esfera p\u00fablica.\" \/>\n<meta name=\"robots\" content=\"index, follow, max-snippet:-1, max-image-preview:large, max-video-preview:-1\" \/>\n<link rel=\"canonical\" href=\"https:\/\/lacerdaai.com\/br\/a-linha-vermelha-da-ia-o-incidente-dos-deepfakes-e-a-necessidade-de-etica-na-politica\/\" \/>\n<meta property=\"og:locale\" content=\"pt_BR\" \/>\n<meta property=\"og:type\" content=\"article\" \/>\n<meta property=\"og:title\" content=\"A Linha Vermelha da IA: O Incidente dos Deepfakes e a Necessidade de \u00c9tica na Pol\u00edtica - Lacerda AI\" \/>\n<meta property=\"og:description\" content=\"Descubra como um pol\u00eamico v\u00eddeo deepfake, que alterou a imagem de parlamentares religiosas em Israel, reacendeu o debate sobre Deepfake e \u00c9tica da IA na pol\u00edtica, liberdade religiosa e o papel da tecnologia na esfera p\u00fablica.\" \/>\n<meta property=\"og:url\" content=\"https:\/\/lacerdaai.com\/br\/a-linha-vermelha-da-ia-o-incidente-dos-deepfakes-e-a-necessidade-de-etica-na-politica\/\" \/>\n<meta property=\"og:site_name\" content=\"Lacerda AI\" \/>\n<meta property=\"article:published_time\" content=\"2026-03-17T19:15:23+00:00\" \/>\n<meta property=\"article:modified_time\" content=\"2026-03-17T19:15:24+00:00\" \/>\n<meta name=\"author\" content=\"Andr\u00e9 Lacerda\" \/>\n<meta name=\"twitter:card\" content=\"summary_large_image\" \/>\n<meta name=\"twitter:label1\" content=\"Escrito por\" \/>\n\t<meta name=\"twitter:data1\" content=\"Andr\u00e9 Lacerda\" \/>\n\t<meta name=\"twitter:label2\" content=\"Est. tempo de leitura\" \/>\n\t<meta name=\"twitter:data2\" content=\"10 minutos\" \/>\n<script type=\"application\/ld+json\" class=\"yoast-schema-graph\">{\"@context\":\"https:\/\/schema.org\",\"@graph\":[{\"@type\":\"WebPage\",\"@id\":\"https:\/\/lacerdaai.com\/br\/a-linha-vermelha-da-ia-o-incidente-dos-deepfakes-e-a-necessidade-de-etica-na-politica\/\",\"url\":\"https:\/\/lacerdaai.com\/br\/a-linha-vermelha-da-ia-o-incidente-dos-deepfakes-e-a-necessidade-de-etica-na-politica\/\",\"name\":\"A Linha Vermelha da IA: O Incidente dos Deepfakes e a Necessidade de \u00c9tica na Pol\u00edtica - Lacerda AI\",\"isPartOf\":{\"@id\":\"https:\/\/lacerdaai.com\/br\/#website\"},\"primaryImageOfPage\":{\"@id\":\"https:\/\/lacerdaai.com\/br\/a-linha-vermelha-da-ia-o-incidente-dos-deepfakes-e-a-necessidade-de-etica-na-politica\/#primaryimage\"},\"image\":{\"@id\":\"https:\/\/lacerdaai.com\/br\/a-linha-vermelha-da-ia-o-incidente-dos-deepfakes-e-a-necessidade-de-etica-na-politica\/#primaryimage\"},\"thumbnailUrl\":\"https:\/\/lacerdaai.com\/br\/wp-content\/uploads\/2026\/03\/imagem-4.png\",\"datePublished\":\"2026-03-17T19:15:23+00:00\",\"dateModified\":\"2026-03-17T19:15:24+00:00\",\"author\":{\"@id\":\"https:\/\/lacerdaai.com\/br\/#\/schema\/person\/8bad803c2e83a0c5c5c75e02a1c2248f\"},\"description\":\"Descubra como um pol\u00eamico v\u00eddeo deepfake, que alterou a imagem de parlamentares religiosas em Israel, reacendeu o debate sobre Deepfake e \u00c9tica da IA na pol\u00edtica, liberdade religiosa e o papel da tecnologia na esfera p\u00fablica.\",\"breadcrumb\":{\"@id\":\"https:\/\/lacerdaai.com\/br\/a-linha-vermelha-da-ia-o-incidente-dos-deepfakes-e-a-necessidade-de-etica-na-politica\/#breadcrumb\"},\"inLanguage\":\"pt-BR\",\"potentialAction\":[{\"@type\":\"ReadAction\",\"target\":[\"https:\/\/lacerdaai.com\/br\/a-linha-vermelha-da-ia-o-incidente-dos-deepfakes-e-a-necessidade-de-etica-na-politica\/\"]}]},{\"@type\":\"ImageObject\",\"inLanguage\":\"pt-BR\",\"@id\":\"https:\/\/lacerdaai.com\/br\/a-linha-vermelha-da-ia-o-incidente-dos-deepfakes-e-a-necessidade-de-etica-na-politica\/#primaryimage\",\"url\":\"https:\/\/lacerdaai.com\/br\/wp-content\/uploads\/2026\/03\/imagem-4.png\",\"contentUrl\":\"https:\/\/lacerdaai.com\/br\/wp-content\/uploads\/2026\/03\/imagem-4.png\",\"width\":1200,\"height\":630},{\"@type\":\"BreadcrumbList\",\"@id\":\"https:\/\/lacerdaai.com\/br\/a-linha-vermelha-da-ia-o-incidente-dos-deepfakes-e-a-necessidade-de-etica-na-politica\/#breadcrumb\",\"itemListElement\":[{\"@type\":\"ListItem\",\"position\":1,\"name\":\"In\u00edcio\",\"item\":\"https:\/\/lacerdaai.com\/br\/\"},{\"@type\":\"ListItem\",\"position\":2,\"name\":\"A Linha Vermelha da IA: O Incidente dos Deepfakes e a Necessidade de \u00c9tica na Pol\u00edtica\"}]},{\"@type\":\"WebSite\",\"@id\":\"https:\/\/lacerdaai.com\/br\/#website\",\"url\":\"https:\/\/lacerdaai.com\/br\/\",\"name\":\"Lacerda AI\",\"description\":\"Seu blog di\u00e1rio de novidades do mundo da Inteligencia Artificial\",\"potentialAction\":[{\"@type\":\"SearchAction\",\"target\":{\"@type\":\"EntryPoint\",\"urlTemplate\":\"https:\/\/lacerdaai.com\/br\/?s={search_term_string}\"},\"query-input\":{\"@type\":\"PropertyValueSpecification\",\"valueRequired\":true,\"valueName\":\"search_term_string\"}}],\"inLanguage\":\"pt-BR\"},{\"@type\":\"Person\",\"@id\":\"https:\/\/lacerdaai.com\/br\/#\/schema\/person\/8bad803c2e83a0c5c5c75e02a1c2248f\",\"name\":\"Andr\u00e9 Lacerda\",\"image\":{\"@type\":\"ImageObject\",\"inLanguage\":\"pt-BR\",\"@id\":\"https:\/\/lacerdaai.com\/br\/#\/schema\/person\/image\/\",\"url\":\"https:\/\/secure.gravatar.com\/avatar\/f5c1fa5ad9763f54c1f223c3fc91f131da6288c9f9e28d74bb3c355ad99af205?s=96&d=mm&r=g\",\"contentUrl\":\"https:\/\/secure.gravatar.com\/avatar\/f5c1fa5ad9763f54c1f223c3fc91f131da6288c9f9e28d74bb3c355ad99af205?s=96&d=mm&r=g\",\"caption\":\"Andr\u00e9 Lacerda\"},\"description\":\"Sou o Andr\u00e9 Lacerda, tenho 35 anos e sou apaixonado por tecnologia, intelig\u00eancia artificial e boas hist\u00f3rias. Me formei em Tecnologia e Jornalismo \u2014 sim, uma mistura meio improv\u00e1vel, mas que combina muito comigo. J\u00e1 morei no Canad\u00e1 e na Espanha, e essas experi\u00eancias me ajudaram a enxergar a inova\u00e7\u00e3o com um olhar mais global (e a me virar bem em tr\u00eas idiomas \ud83d\ude04). Trabalhei em algumas das maiores empresas de tecnologia do mercado e, hoje, atuo como consultor ajudando neg\u00f3cios a entenderem e aplicarem IA de forma pr\u00e1tica, estrat\u00e9gica e humana. Gosto de traduzir o complexo em algo simples \u2014 e \u00e9 isso que voc\u00ea vai encontrar por aqui.\",\"sameAs\":[\"http:\/\/lacerdaai.com\/br\"],\"url\":\"https:\/\/lacerdaai.com\/br\/author\/red-admin\/\"}]}<\/script>\n<!-- \/ Yoast SEO plugin. -->","yoast_head_json":{"title":"A Linha Vermelha da IA: O Incidente dos Deepfakes e a Necessidade de \u00c9tica na Pol\u00edtica - Lacerda AI","description":"Descubra como um pol\u00eamico v\u00eddeo deepfake, que alterou a imagem de parlamentares religiosas em Israel, reacendeu o debate sobre Deepfake e \u00c9tica da IA na pol\u00edtica, liberdade religiosa e o papel da tecnologia na esfera p\u00fablica.","robots":{"index":"index","follow":"follow","max-snippet":"max-snippet:-1","max-image-preview":"max-image-preview:large","max-video-preview":"max-video-preview:-1"},"canonical":"https:\/\/lacerdaai.com\/br\/a-linha-vermelha-da-ia-o-incidente-dos-deepfakes-e-a-necessidade-de-etica-na-politica\/","og_locale":"pt_BR","og_type":"article","og_title":"A Linha Vermelha da IA: O Incidente dos Deepfakes e a Necessidade de \u00c9tica na Pol\u00edtica - Lacerda AI","og_description":"Descubra como um pol\u00eamico v\u00eddeo deepfake, que alterou a imagem de parlamentares religiosas em Israel, reacendeu o debate sobre Deepfake e \u00c9tica da IA na pol\u00edtica, liberdade religiosa e o papel da tecnologia na esfera p\u00fablica.","og_url":"https:\/\/lacerdaai.com\/br\/a-linha-vermelha-da-ia-o-incidente-dos-deepfakes-e-a-necessidade-de-etica-na-politica\/","og_site_name":"Lacerda AI","article_published_time":"2026-03-17T19:15:23+00:00","article_modified_time":"2026-03-17T19:15:24+00:00","author":"Andr\u00e9 Lacerda","twitter_card":"summary_large_image","twitter_misc":{"Escrito por":"Andr\u00e9 Lacerda","Est. tempo de leitura":"10 minutos"},"schema":{"@context":"https:\/\/schema.org","@graph":[{"@type":"WebPage","@id":"https:\/\/lacerdaai.com\/br\/a-linha-vermelha-da-ia-o-incidente-dos-deepfakes-e-a-necessidade-de-etica-na-politica\/","url":"https:\/\/lacerdaai.com\/br\/a-linha-vermelha-da-ia-o-incidente-dos-deepfakes-e-a-necessidade-de-etica-na-politica\/","name":"A Linha Vermelha da IA: O Incidente dos Deepfakes e a Necessidade de \u00c9tica na Pol\u00edtica - Lacerda AI","isPartOf":{"@id":"https:\/\/lacerdaai.com\/br\/#website"},"primaryImageOfPage":{"@id":"https:\/\/lacerdaai.com\/br\/a-linha-vermelha-da-ia-o-incidente-dos-deepfakes-e-a-necessidade-de-etica-na-politica\/#primaryimage"},"image":{"@id":"https:\/\/lacerdaai.com\/br\/a-linha-vermelha-da-ia-o-incidente-dos-deepfakes-e-a-necessidade-de-etica-na-politica\/#primaryimage"},"thumbnailUrl":"https:\/\/lacerdaai.com\/br\/wp-content\/uploads\/2026\/03\/imagem-4.png","datePublished":"2026-03-17T19:15:23+00:00","dateModified":"2026-03-17T19:15:24+00:00","author":{"@id":"https:\/\/lacerdaai.com\/br\/#\/schema\/person\/8bad803c2e83a0c5c5c75e02a1c2248f"},"description":"Descubra como um pol\u00eamico v\u00eddeo deepfake, que alterou a imagem de parlamentares religiosas em Israel, reacendeu o debate sobre Deepfake e \u00c9tica da IA na pol\u00edtica, liberdade religiosa e o papel da tecnologia na esfera p\u00fablica.","breadcrumb":{"@id":"https:\/\/lacerdaai.com\/br\/a-linha-vermelha-da-ia-o-incidente-dos-deepfakes-e-a-necessidade-de-etica-na-politica\/#breadcrumb"},"inLanguage":"pt-BR","potentialAction":[{"@type":"ReadAction","target":["https:\/\/lacerdaai.com\/br\/a-linha-vermelha-da-ia-o-incidente-dos-deepfakes-e-a-necessidade-de-etica-na-politica\/"]}]},{"@type":"ImageObject","inLanguage":"pt-BR","@id":"https:\/\/lacerdaai.com\/br\/a-linha-vermelha-da-ia-o-incidente-dos-deepfakes-e-a-necessidade-de-etica-na-politica\/#primaryimage","url":"https:\/\/lacerdaai.com\/br\/wp-content\/uploads\/2026\/03\/imagem-4.png","contentUrl":"https:\/\/lacerdaai.com\/br\/wp-content\/uploads\/2026\/03\/imagem-4.png","width":1200,"height":630},{"@type":"BreadcrumbList","@id":"https:\/\/lacerdaai.com\/br\/a-linha-vermelha-da-ia-o-incidente-dos-deepfakes-e-a-necessidade-de-etica-na-politica\/#breadcrumb","itemListElement":[{"@type":"ListItem","position":1,"name":"In\u00edcio","item":"https:\/\/lacerdaai.com\/br\/"},{"@type":"ListItem","position":2,"name":"A Linha Vermelha da IA: O Incidente dos Deepfakes e a Necessidade de \u00c9tica na Pol\u00edtica"}]},{"@type":"WebSite","@id":"https:\/\/lacerdaai.com\/br\/#website","url":"https:\/\/lacerdaai.com\/br\/","name":"Lacerda AI","description":"Seu blog di\u00e1rio de novidades do mundo da Inteligencia Artificial","potentialAction":[{"@type":"SearchAction","target":{"@type":"EntryPoint","urlTemplate":"https:\/\/lacerdaai.com\/br\/?s={search_term_string}"},"query-input":{"@type":"PropertyValueSpecification","valueRequired":true,"valueName":"search_term_string"}}],"inLanguage":"pt-BR"},{"@type":"Person","@id":"https:\/\/lacerdaai.com\/br\/#\/schema\/person\/8bad803c2e83a0c5c5c75e02a1c2248f","name":"Andr\u00e9 Lacerda","image":{"@type":"ImageObject","inLanguage":"pt-BR","@id":"https:\/\/lacerdaai.com\/br\/#\/schema\/person\/image\/","url":"https:\/\/secure.gravatar.com\/avatar\/f5c1fa5ad9763f54c1f223c3fc91f131da6288c9f9e28d74bb3c355ad99af205?s=96&d=mm&r=g","contentUrl":"https:\/\/secure.gravatar.com\/avatar\/f5c1fa5ad9763f54c1f223c3fc91f131da6288c9f9e28d74bb3c355ad99af205?s=96&d=mm&r=g","caption":"Andr\u00e9 Lacerda"},"description":"Sou o Andr\u00e9 Lacerda, tenho 35 anos e sou apaixonado por tecnologia, intelig\u00eancia artificial e boas hist\u00f3rias. Me formei em Tecnologia e Jornalismo \u2014 sim, uma mistura meio improv\u00e1vel, mas que combina muito comigo. J\u00e1 morei no Canad\u00e1 e na Espanha, e essas experi\u00eancias me ajudaram a enxergar a inova\u00e7\u00e3o com um olhar mais global (e a me virar bem em tr\u00eas idiomas \ud83d\ude04). Trabalhei em algumas das maiores empresas de tecnologia do mercado e, hoje, atuo como consultor ajudando neg\u00f3cios a entenderem e aplicarem IA de forma pr\u00e1tica, estrat\u00e9gica e humana. Gosto de traduzir o complexo em algo simples \u2014 e \u00e9 isso que voc\u00ea vai encontrar por aqui.","sameAs":["http:\/\/lacerdaai.com\/br"],"url":"https:\/\/lacerdaai.com\/br\/author\/red-admin\/"}]}},"_links":{"self":[{"href":"https:\/\/lacerdaai.com\/br\/wp-json\/wp\/v2\/posts\/4013","targetHints":{"allow":["GET"]}}],"collection":[{"href":"https:\/\/lacerdaai.com\/br\/wp-json\/wp\/v2\/posts"}],"about":[{"href":"https:\/\/lacerdaai.com\/br\/wp-json\/wp\/v2\/types\/post"}],"author":[{"embeddable":true,"href":"https:\/\/lacerdaai.com\/br\/wp-json\/wp\/v2\/users\/1"}],"replies":[{"embeddable":true,"href":"https:\/\/lacerdaai.com\/br\/wp-json\/wp\/v2\/comments?post=4013"}],"version-history":[{"count":1,"href":"https:\/\/lacerdaai.com\/br\/wp-json\/wp\/v2\/posts\/4013\/revisions"}],"predecessor-version":[{"id":4014,"href":"https:\/\/lacerdaai.com\/br\/wp-json\/wp\/v2\/posts\/4013\/revisions\/4014"}],"wp:featuredmedia":[{"embeddable":true,"href":"https:\/\/lacerdaai.com\/br\/wp-json\/wp\/v2\/media\/4012"}],"wp:attachment":[{"href":"https:\/\/lacerdaai.com\/br\/wp-json\/wp\/v2\/media?parent=4013"}],"wp:term":[{"taxonomy":"category","embeddable":true,"href":"https:\/\/lacerdaai.com\/br\/wp-json\/wp\/v2\/categories?post=4013"},{"taxonomy":"post_tag","embeddable":true,"href":"https:\/\/lacerdaai.com\/br\/wp-json\/wp\/v2\/tags?post=4013"}],"curies":[{"name":"wp","href":"https:\/\/api.w.org\/{rel}","templated":true}]}}