{"id":4070,"date":"2026-03-21T12:15:17","date_gmt":"2026-03-21T15:15:17","guid":{"rendered":"https:\/\/lacerdaai.com\/br\/a-febre-da-ia-no-escritorio-como-a-inteligencia-artificial-esta-redefinindo-o-trabalho-moderno\/"},"modified":"2026-03-21T12:15:18","modified_gmt":"2026-03-21T15:15:18","slug":"a-febre-da-ia-no-escritorio-como-a-inteligencia-artificial-esta-redefinindo-o-trabalho-moderno","status":"publish","type":"post","link":"https:\/\/lacerdaai.com\/br\/a-febre-da-ia-no-escritorio-como-a-inteligencia-artificial-esta-redefinindo-o-trabalho-moderno\/","title":{"rendered":"A Febre da IA no Escrit\u00f3rio: Como a Intelig\u00eancia Artificial Est\u00e1 Redefinindo o Trabalho Moderno"},"content":{"rendered":"<p>A revolu\u00e7\u00e3o da <strong>Intelig\u00eancia Artificial no Trabalho<\/strong> n\u00e3o \u00e9 mais uma promessa distante; ela \u00e9 uma realidade pulsante que est\u00e1 redefinindo o nosso dia a dia profissional. O que antes parecia cen\u00e1rio de fic\u00e7\u00e3o cient\u00edfica, com m\u00e1quinas pensando e criando, agora se manifesta em algoritmos que nos auxiliam a escrever e programar, e em sistemas que otimizam nossas tarefas e an\u00e1lises. Nos escrit\u00f3rios ao redor do mundo, especialmente em setores de tecnologia, a ado\u00e7\u00e3o da IA n\u00e3o \u00e9 apenas incentivada \u2013 ela se tornou uma m\u00e9trica de desempenho, um verdadeiro campo de competi\u00e7\u00e3o que impulsiona equipes a explorar os limites dessas ferramentas poderosas. E, nesse entusiasmo, um detalhe crucial emerge: o custo.<\/p>\n<p>Relatos de empresas onde colaboradores competem em rankings para ver quem utiliza mais IA s\u00e3o cada vez mais comuns. Essa corrida por otimiza\u00e7\u00e3o e inova\u00e7\u00e3o, por mais empolgante que seja, vem acompanhada de contas robustas, que nos fazem refletir sobre o equil\u00edbrio entre investimento tecnol\u00f3gico e gest\u00e3o financeira. Estamos \u00e0 beira de uma nova era onde a produtividade \u00e9 medida pelo uso de IA, mas onde as implica\u00e7\u00f5es financeiras e \u00e9ticas exigem uma abordagem mais cuidadosa. Este artigo explorar\u00e1 essa din\u00e2mica, desvendando os benef\u00edcios, os desafios e o futuro da <strong>Intelig\u00eancia Artificial no Trabalho<\/strong>.<\/p>\n<h2><strong>Intelig\u00eancia Artificial no Trabalho<\/strong>: A Revolu\u00e7\u00e3o da Produtividade e Inova\u00e7\u00e3o<\/h2>\n<p>A chegada de modelos de linguagem avan\u00e7ados e ferramentas de IA generativa transformou radicalmente a maneira como muitos profissionais executam suas tarefas. N\u00e3o \u00e9 mais uma quest\u00e3o de &#8216;se&#8217;, mas de &#8216;como&#8217; e &#8216;quanto&#8217;. Em diversas corpora\u00e7\u00f5es, a m\u00e1xima &#8216;mais \u00e9 mais&#8217; parece ditar o ritmo da ado\u00e7\u00e3o de <strong>Intelig\u00eancia Artificial no Trabalho<\/strong>. Programadores usam IA para gerar blocos de c\u00f3digo complexos, designers a empregam para criar varia\u00e7\u00f5es de layout em segundos, e analistas a aplicam para extrair insights de montanhas de dados que levariam semanas para serem processadas manualmente.<\/p>\n<p>Essa \u00e2nsia por maximizar o uso da IA n\u00e3o \u00e9 meramente uma curiosidade tecnol\u00f3gica; ela \u00e9 alimentada por uma press\u00e3o real por efici\u00eancia e inova\u00e7\u00e3o. Em um mercado cada vez mais competitivo, a capacidade de fazer mais com menos, de acelerar o ciclo de desenvolvimento de produtos e de otimizar processos internos, tornou-se um diferencial cr\u00edtico. Colaboradores veem na IA n\u00e3o apenas uma ferramenta, mas um copiloto, um assistente que expande suas capacidades intelectuais e operacionais. \u00c9 a materializa\u00e7\u00e3o de uma promessa antiga da tecnologia: libertar o ser humano de tarefas repetitivas e mon\u00f3tonas para que possa se dedicar a atividades mais estrat\u00e9gicas e criativas.<\/p>\n<p>O fen\u00f4meno de medir e at\u00e9 mesmo gamificar o uso de IA, colocando o desempenho em placares de l\u00edderes internos, reflete essa cultura de maximiza\u00e7\u00e3o. Embora possa soar como uma corrida por &#8216;tokens&#8217; (as unidades de processamento dos modelos de IA), \u00e9, na verdade, um indicativo de qu\u00e3o profundamente essas ferramentas est\u00e3o sendo integradas aos fluxos de trabalho. Empresas est\u00e3o ativamente incentivando a experimenta\u00e7\u00e3o e a aplica\u00e7\u00e3o generalizada de solu\u00e7\u00f5es de IA, cientes de que a inova\u00e7\u00e3o mais disruptiva frequentemente nasce da base, do uso criativo e n\u00e3o convencional por parte dos pr\u00f3prios usu\u00e1rios.<\/p>\n<p>Entretanto, essa febre pela <strong>Intelig\u00eancia Artificial no Trabalho<\/strong> n\u00e3o se limita apenas \u00e0 produtividade individual. Ela est\u00e1 remodelando a estrutura das equipes e as compet\u00eancias exigidas. Profissionais que demonstram aptid\u00e3o para &#8216;prompt engineering&#8217; \u2014 a arte de formular as perguntas certas para extrair o melhor da IA \u2014 ou para integrar ferramentas de IA em suas rotinas, tornam-se ativos valiosos. A IA n\u00e3o substitui o capital humano, mas o aumenta, exigindo novas habilidades de curadoria, cr\u00edtica e adapta\u00e7\u00e3o. O futuro do trabalho, nesse cen\u00e1rio, \u00e9 um h\u00edbrido onde a intelig\u00eancia humana e a artificial coexistem e se complementam para alcan\u00e7ar resultados outrora inimagin\u00e1veis.<\/p>\n<h2>O Dilema dos Custos: Inova\u00e7\u00e3o Versus Or\u00e7amento na Era da IA<\/h2>\n<p>Se, por um lado, a <strong>Intelig\u00eancia Artificial no Trabalho<\/strong> promete ganhos exponenciais em produtividade e inova\u00e7\u00e3o, por outro, ela apresenta uma nova e complexa vari\u00e1vel na gest\u00e3o de custos empresariais: a conta dos tokens. Cada intera\u00e7\u00e3o com modelos de IA generativa, cada linha de c\u00f3digo gerada, cada resumo de documento produzido, consome recursos de processamento que se traduzem em despesas. E quando o uso \u00e9 massivo e incentivado, como nos cen\u00e1rios de competi\u00e7\u00e3o interna, essas contas podem escalar rapidamente, pegando de surpresa at\u00e9 mesmo grandes corpora\u00e7\u00f5es.<\/p>\n<p>A precifica\u00e7\u00e3o da IA geralmente segue um modelo baseado no consumo, onde o usu\u00e1rio paga por &#8216;tokens&#8217; \u2014 pequenos peda\u00e7os de texto ou c\u00f3digo processados pelos modelos. Quanto mais complexa a solicita\u00e7\u00e3o, maior o volume de dados de entrada e sa\u00edda, e mais tokens s\u00e3o gastos. O desafio reside em otimizar esse consumo sem frear a inova\u00e7\u00e3o. Imagine uma equipe de 50 desenvolvedores, cada um gerando centenas de linhas de c\u00f3digo por dia com o aux\u00edlio da IA. A soma dessas pequenas despesas individuais pode facilmente se transformar em um or\u00e7amento consider\u00e1vel no final do m\u00eas.<\/p>\n<p>Esse cen\u00e1rio levanta quest\u00f5es cruciais para a lideran\u00e7a e as equipes financeiras: Como balancear a liberdade de experimenta\u00e7\u00e3o com a necessidade de controle de custos? Qual o retorno sobre investimento (ROI) real dessas ferramentas? As empresas est\u00e3o sendo for\u00e7adas a desenvolver novas pol\u00edticas de governan\u00e7a e monitoramento do uso de IA, n\u00e3o para restringir, mas para otimizar. Isso inclui o desenvolvimento de ferramentas internas que ajudem a estimar os custos antes da execu\u00e7\u00e3o de tarefas complexas, o treinamento de equipes para formular prompts mais eficientes (que demandam menos tokens) e a busca por modelos de IA mais econ\u00f4micos para tarefas espec\u00edficas.<\/p>\n<p>Al\u00e9m disso, a prolifera\u00e7\u00e3o de &#8216;agentes de IA&#8217; \u2014 sistemas aut\u00f4nomos que podem executar m\u00faltiplas etapas de uma tarefa sem interven\u00e7\u00e3o humana \u2014 adiciona outra camada de complexidade. Enquanto prometem um n\u00edvel ainda maior de automa\u00e7\u00e3o e efici\u00eancia, esses agentes podem consumir tokens de forma cont\u00ednua e, por vezes, imprevis\u00edvel, elevando os custos de forma aut\u00f4noma. A busca por modelos de precifica\u00e7\u00e3o mais flex\u00edveis e o desenvolvimento de IA on-premise (rodando nos pr\u00f3prios servidores da empresa) s\u00e3o algumas das estrat\u00e9gias que est\u00e3o sendo exploradas para mitigar esses desafios financeiros, garantindo que a inova\u00e7\u00e3o da <strong>Intelig\u00eancia Artificial no Trabalho<\/strong> seja sustent\u00e1vel e acess\u00edvel a longo prazo.<\/p>\n<h2>Desafios \u00c9ticos, Governan\u00e7a e o Futuro Sustent\u00e1vel da IA<\/h2>\n<p>Para al\u00e9m dos custos operacionais, a ado\u00e7\u00e3o em massa da <strong>Intelig\u00eancia Artificial no Trabalho<\/strong> nos confronta com uma s\u00e9rie de desafios \u00e9ticos e de governan\u00e7a que n\u00e3o podem ser negligenciados. A quem pertence o conte\u00fado gerado por IA? Como garantimos a privacidade dos dados sens\u00edveis que s\u00e3o processados por esses modelos? E como evitamos a perpetua\u00e7\u00e3o de vieses presentes nos dados de treinamento, que podem levar a decis\u00f5es discriminat\u00f3rias ou resultados injustos?<\/p>\n<p>A quest\u00e3o da privacidade \u00e9 central. Ao alimentar modelos de IA com documentos internos, dados de clientes ou informa\u00e7\u00f5es estrat\u00e9gicas, as empresas devem ter certeza de que est\u00e3o em conformidade com regulamenta\u00e7\u00f5es como a LGPD no Brasil e o GDPR na Europa. A seguran\u00e7a cibern\u00e9tica tamb\u00e9m se torna uma preocupa\u00e7\u00e3o majorit\u00e1ria, uma vez que a manipula\u00e7\u00e3o indevida de um modelo de IA ou a exposi\u00e7\u00e3o de seus dados de treinamento podem ter consequ\u00eancias desastrosas. Por isso, a implementa\u00e7\u00e3o de pol\u00edticas rigorosas de uso de IA, o treinamento constante dos funcion\u00e1rios e a auditoria de sistemas tornam-se indispens\u00e1veis.<\/p>\n<p>O futuro da <strong>Intelig\u00eancia Artificial no Trabalho<\/strong>, portanto, n\u00e3o \u00e9 apenas sobre maximizar o uso, mas sobre faz\u00ea-lo de forma respons\u00e1vel e \u00e9tica. Isso implica desenvolver diretrizes claras para o uso de IA, tanto para a cria\u00e7\u00e3o de conte\u00fado quanto para a tomada de decis\u00f5es. Significa investir em modelos de IA que sejam audit\u00e1veis e transparentes, e em ferramentas que ajudem a identificar e mitigar vieses. Al\u00e9m disso, a educa\u00e7\u00e3o cont\u00ednua da for\u00e7a de trabalho sobre os limites e as responsabilidades da IA \u00e9 fundamental. \u00c9 preciso entender que, embora poderosas, as IAs s\u00e3o ferramentas; a responsabilidade final recai sempre sobre o ser humano.<\/p>\n<p>Estamos caminhando para um cen\u00e1rio onde a IA ser\u00e1 onipresente, agindo como um &#8220;copiloto&#8221; inteligente em todas as esferhas da vida profissional. A emerg\u00eancia de AGI (Intelig\u00eancia Artificial Geral) pode ainda estar a alguns anos de dist\u00e2ncia, mas a integra\u00e7\u00e3o de IAs especializadas j\u00e1 est\u00e1 revolucionando o panorama do emprego. As profiss\u00f5es n\u00e3o desaparecer\u00e3o, mas ser\u00e3o transformadas. Habilidades como pensamento cr\u00edtico, criatividade, empatia e a capacidade de colaborar efetivamente com sistemas de IA se tornar\u00e3o ainda mais valorizadas. Navegar por essa transforma\u00e7\u00e3o exige uma mentalidade de aprendizado cont\u00ednuo e uma forte base \u00e9tica, garantindo que a tecnologia sirva \u00e0 humanidade e promova um futuro de trabalho mais justo e produtivo para todos.<\/p>\n<p>A ascens\u00e3o da <strong>Intelig\u00eancia Artificial no Trabalho<\/strong> \u00e9 ineg\u00e1vel e sua influ\u00eancia s\u00f3 tende a crescer. Vimos como a busca incessante por otimiza\u00e7\u00e3o e inova\u00e7\u00e3o est\u00e1 levando equipes a integrar a IA em n\u00edveis sem precedentes, gerando um entusiasmo compreens\u00edvel, mas tamb\u00e9m levantando a quest\u00e3o cr\u00edtica dos custos. O dilema entre a maximiza\u00e7\u00e3o do uso para ganhos de produtividade e a necessidade de gerenciar or\u00e7amentos de tokens \u00e9 um dos principais desafios que as empresas enfrentam atualmente. No entanto, \u00e9 um desafio que, se bem administrado, pode desbloquear um potencial incalcul\u00e1vel.<\/p>\n<p>O caminho \u00e0 frente exige mais do que apenas a ado\u00e7\u00e3o tecnol\u00f3gica; requer uma governan\u00e7a robusta, um compromisso inabal\u00e1vel com a \u00e9tica e a privacidade, e uma cultura de aprendizado cont\u00ednuo. A <strong>Intelig\u00eancia Artificial no Trabalho<\/strong> n\u00e3o \u00e9 apenas uma ferramenta, mas uma parceira que nos convida a repensar processos, redefinir pap\u00e9is e, em \u00faltima inst\u00e2ncia, a reimaginar o futuro. Aqueles que souberem navegar por essas complexidades, equilibrando a inova\u00e7\u00e3o com a responsabilidade, estar\u00e3o \u00e0 frente, moldando um ambiente de trabalho mais inteligente, eficiente e humano.<\/p>\n","protected":false},"excerpt":{"rendered":"<p>A revolu\u00e7\u00e3o da Intelig\u00eancia Artificial no Trabalho n\u00e3o \u00e9 mais uma promessa distante; ela \u00e9 uma realidade pulsante que est\u00e1 redefinindo o nosso dia a dia profissional. O que antes parecia cen\u00e1rio de fic\u00e7\u00e3o cient\u00edfica, com m\u00e1quinas pensando e criando, agora se manifesta em algoritmos que nos auxiliam a escrever e programar, e em sistemas [&hellip;]<\/p>\n","protected":false},"author":1,"featured_media":4069,"comment_status":"open","ping_status":"open","sticky":false,"template":"","format":"standard","meta":{"_yoast_wpseo_focuskw":"Intelig\u00eancia Artificial no Trabalho","_yoast_wpseo_metadesc":"Explore como a Intelig\u00eancia Artificial no Trabalho est\u00e1 impulsionando a produtividade, gerando inova\u00e7\u00e3o e levantando debates sobre custos e governan\u00e7a. Mergulhe na corrida tecnol\u00f3gica que est\u00e1 transformando o ambiente profissional.","footnotes":""},"categories":[2],"tags":[],"class_list":["post-4070","post","type-post","status-publish","format-standard","has-post-thumbnail","hentry","category-novidades"],"yoast_head":"<!-- This site is optimized with the Yoast SEO plugin v25.6 - https:\/\/yoast.com\/wordpress\/plugins\/seo\/ -->\n<title>A Febre da IA no Escrit\u00f3rio: Como a Intelig\u00eancia Artificial Est\u00e1 Redefinindo o Trabalho Moderno - Lacerda AI<\/title>\n<meta name=\"description\" content=\"Explore como a Intelig\u00eancia Artificial no Trabalho est\u00e1 impulsionando a produtividade, gerando inova\u00e7\u00e3o e levantando debates sobre custos e governan\u00e7a. Mergulhe na corrida tecnol\u00f3gica que est\u00e1 transformando o ambiente profissional.\" \/>\n<meta name=\"robots\" content=\"index, follow, max-snippet:-1, max-image-preview:large, max-video-preview:-1\" \/>\n<link rel=\"canonical\" href=\"https:\/\/lacerdaai.com\/br\/a-febre-da-ia-no-escritorio-como-a-inteligencia-artificial-esta-redefinindo-o-trabalho-moderno\/\" \/>\n<meta property=\"og:locale\" content=\"pt_BR\" \/>\n<meta property=\"og:type\" content=\"article\" \/>\n<meta property=\"og:title\" content=\"A Febre da IA no Escrit\u00f3rio: Como a Intelig\u00eancia Artificial Est\u00e1 Redefinindo o Trabalho Moderno - Lacerda AI\" \/>\n<meta property=\"og:description\" content=\"Explore como a Intelig\u00eancia Artificial no Trabalho est\u00e1 impulsionando a produtividade, gerando inova\u00e7\u00e3o e levantando debates sobre custos e governan\u00e7a. Mergulhe na corrida tecnol\u00f3gica que est\u00e1 transformando o ambiente profissional.\" \/>\n<meta property=\"og:url\" content=\"https:\/\/lacerdaai.com\/br\/a-febre-da-ia-no-escritorio-como-a-inteligencia-artificial-esta-redefinindo-o-trabalho-moderno\/\" \/>\n<meta property=\"og:site_name\" content=\"Lacerda AI\" \/>\n<meta property=\"article:published_time\" content=\"2026-03-21T15:15:17+00:00\" \/>\n<meta property=\"article:modified_time\" content=\"2026-03-21T15:15:18+00:00\" \/>\n<meta name=\"author\" content=\"Andr\u00e9 Lacerda\" \/>\n<meta name=\"twitter:card\" content=\"summary_large_image\" \/>\n<meta name=\"twitter:label1\" content=\"Escrito por\" \/>\n\t<meta name=\"twitter:data1\" content=\"Andr\u00e9 Lacerda\" \/>\n\t<meta name=\"twitter:label2\" content=\"Est. tempo de leitura\" \/>\n\t<meta name=\"twitter:data2\" content=\"9 minutos\" \/>\n<script type=\"application\/ld+json\" class=\"yoast-schema-graph\">{\"@context\":\"https:\/\/schema.org\",\"@graph\":[{\"@type\":\"WebPage\",\"@id\":\"https:\/\/lacerdaai.com\/br\/a-febre-da-ia-no-escritorio-como-a-inteligencia-artificial-esta-redefinindo-o-trabalho-moderno\/\",\"url\":\"https:\/\/lacerdaai.com\/br\/a-febre-da-ia-no-escritorio-como-a-inteligencia-artificial-esta-redefinindo-o-trabalho-moderno\/\",\"name\":\"A Febre da IA no Escrit\u00f3rio: Como a Intelig\u00eancia Artificial Est\u00e1 Redefinindo o Trabalho Moderno - Lacerda AI\",\"isPartOf\":{\"@id\":\"https:\/\/lacerdaai.com\/br\/#website\"},\"primaryImageOfPage\":{\"@id\":\"https:\/\/lacerdaai.com\/br\/a-febre-da-ia-no-escritorio-como-a-inteligencia-artificial-esta-redefinindo-o-trabalho-moderno\/#primaryimage\"},\"image\":{\"@id\":\"https:\/\/lacerdaai.com\/br\/a-febre-da-ia-no-escritorio-como-a-inteligencia-artificial-esta-redefinindo-o-trabalho-moderno\/#primaryimage\"},\"thumbnailUrl\":\"https:\/\/lacerdaai.com\/br\/wp-content\/uploads\/2026\/03\/imagem-86.jpg\",\"datePublished\":\"2026-03-21T15:15:17+00:00\",\"dateModified\":\"2026-03-21T15:15:18+00:00\",\"author\":{\"@id\":\"https:\/\/lacerdaai.com\/br\/#\/schema\/person\/8bad803c2e83a0c5c5c75e02a1c2248f\"},\"description\":\"Explore como a Intelig\u00eancia Artificial no Trabalho est\u00e1 impulsionando a produtividade, gerando inova\u00e7\u00e3o e levantando debates sobre custos e governan\u00e7a. Mergulhe na corrida tecnol\u00f3gica que est\u00e1 transformando o ambiente profissional.\",\"breadcrumb\":{\"@id\":\"https:\/\/lacerdaai.com\/br\/a-febre-da-ia-no-escritorio-como-a-inteligencia-artificial-esta-redefinindo-o-trabalho-moderno\/#breadcrumb\"},\"inLanguage\":\"pt-BR\",\"potentialAction\":[{\"@type\":\"ReadAction\",\"target\":[\"https:\/\/lacerdaai.com\/br\/a-febre-da-ia-no-escritorio-como-a-inteligencia-artificial-esta-redefinindo-o-trabalho-moderno\/\"]}]},{\"@type\":\"ImageObject\",\"inLanguage\":\"pt-BR\",\"@id\":\"https:\/\/lacerdaai.com\/br\/a-febre-da-ia-no-escritorio-como-a-inteligencia-artificial-esta-redefinindo-o-trabalho-moderno\/#primaryimage\",\"url\":\"https:\/\/lacerdaai.com\/br\/wp-content\/uploads\/2026\/03\/imagem-86.jpg\",\"contentUrl\":\"https:\/\/lacerdaai.com\/br\/wp-content\/uploads\/2026\/03\/imagem-86.jpg\",\"width\":1600,\"height\":899},{\"@type\":\"BreadcrumbList\",\"@id\":\"https:\/\/lacerdaai.com\/br\/a-febre-da-ia-no-escritorio-como-a-inteligencia-artificial-esta-redefinindo-o-trabalho-moderno\/#breadcrumb\",\"itemListElement\":[{\"@type\":\"ListItem\",\"position\":1,\"name\":\"In\u00edcio\",\"item\":\"https:\/\/lacerdaai.com\/br\/\"},{\"@type\":\"ListItem\",\"position\":2,\"name\":\"A Febre da IA no Escrit\u00f3rio: Como a Intelig\u00eancia Artificial Est\u00e1 Redefinindo o Trabalho Moderno\"}]},{\"@type\":\"WebSite\",\"@id\":\"https:\/\/lacerdaai.com\/br\/#website\",\"url\":\"https:\/\/lacerdaai.com\/br\/\",\"name\":\"Lacerda AI\",\"description\":\"Seu blog di\u00e1rio de novidades do mundo da Inteligencia Artificial\",\"potentialAction\":[{\"@type\":\"SearchAction\",\"target\":{\"@type\":\"EntryPoint\",\"urlTemplate\":\"https:\/\/lacerdaai.com\/br\/?s={search_term_string}\"},\"query-input\":{\"@type\":\"PropertyValueSpecification\",\"valueRequired\":true,\"valueName\":\"search_term_string\"}}],\"inLanguage\":\"pt-BR\"},{\"@type\":\"Person\",\"@id\":\"https:\/\/lacerdaai.com\/br\/#\/schema\/person\/8bad803c2e83a0c5c5c75e02a1c2248f\",\"name\":\"Andr\u00e9 Lacerda\",\"image\":{\"@type\":\"ImageObject\",\"inLanguage\":\"pt-BR\",\"@id\":\"https:\/\/lacerdaai.com\/br\/#\/schema\/person\/image\/\",\"url\":\"https:\/\/secure.gravatar.com\/avatar\/f5c1fa5ad9763f54c1f223c3fc91f131da6288c9f9e28d74bb3c355ad99af205?s=96&d=mm&r=g\",\"contentUrl\":\"https:\/\/secure.gravatar.com\/avatar\/f5c1fa5ad9763f54c1f223c3fc91f131da6288c9f9e28d74bb3c355ad99af205?s=96&d=mm&r=g\",\"caption\":\"Andr\u00e9 Lacerda\"},\"description\":\"Sou o Andr\u00e9 Lacerda, tenho 35 anos e sou apaixonado por tecnologia, intelig\u00eancia artificial e boas hist\u00f3rias. Me formei em Tecnologia e Jornalismo \u2014 sim, uma mistura meio improv\u00e1vel, mas que combina muito comigo. J\u00e1 morei no Canad\u00e1 e na Espanha, e essas experi\u00eancias me ajudaram a enxergar a inova\u00e7\u00e3o com um olhar mais global (e a me virar bem em tr\u00eas idiomas \ud83d\ude04). Trabalhei em algumas das maiores empresas de tecnologia do mercado e, hoje, atuo como consultor ajudando neg\u00f3cios a entenderem e aplicarem IA de forma pr\u00e1tica, estrat\u00e9gica e humana. Gosto de traduzir o complexo em algo simples \u2014 e \u00e9 isso que voc\u00ea vai encontrar por aqui.\",\"sameAs\":[\"http:\/\/lacerdaai.com\/br\"],\"url\":\"https:\/\/lacerdaai.com\/br\/author\/red-admin\/\"}]}<\/script>\n<!-- \/ Yoast SEO plugin. -->","yoast_head_json":{"title":"A Febre da IA no Escrit\u00f3rio: Como a Intelig\u00eancia Artificial Est\u00e1 Redefinindo o Trabalho Moderno - Lacerda AI","description":"Explore como a Intelig\u00eancia Artificial no Trabalho est\u00e1 impulsionando a produtividade, gerando inova\u00e7\u00e3o e levantando debates sobre custos e governan\u00e7a. Mergulhe na corrida tecnol\u00f3gica que est\u00e1 transformando o ambiente profissional.","robots":{"index":"index","follow":"follow","max-snippet":"max-snippet:-1","max-image-preview":"max-image-preview:large","max-video-preview":"max-video-preview:-1"},"canonical":"https:\/\/lacerdaai.com\/br\/a-febre-da-ia-no-escritorio-como-a-inteligencia-artificial-esta-redefinindo-o-trabalho-moderno\/","og_locale":"pt_BR","og_type":"article","og_title":"A Febre da IA no Escrit\u00f3rio: Como a Intelig\u00eancia Artificial Est\u00e1 Redefinindo o Trabalho Moderno - Lacerda AI","og_description":"Explore como a Intelig\u00eancia Artificial no Trabalho est\u00e1 impulsionando a produtividade, gerando inova\u00e7\u00e3o e levantando debates sobre custos e governan\u00e7a. Mergulhe na corrida tecnol\u00f3gica que est\u00e1 transformando o ambiente profissional.","og_url":"https:\/\/lacerdaai.com\/br\/a-febre-da-ia-no-escritorio-como-a-inteligencia-artificial-esta-redefinindo-o-trabalho-moderno\/","og_site_name":"Lacerda AI","article_published_time":"2026-03-21T15:15:17+00:00","article_modified_time":"2026-03-21T15:15:18+00:00","author":"Andr\u00e9 Lacerda","twitter_card":"summary_large_image","twitter_misc":{"Escrito por":"Andr\u00e9 Lacerda","Est. tempo de leitura":"9 minutos"},"schema":{"@context":"https:\/\/schema.org","@graph":[{"@type":"WebPage","@id":"https:\/\/lacerdaai.com\/br\/a-febre-da-ia-no-escritorio-como-a-inteligencia-artificial-esta-redefinindo-o-trabalho-moderno\/","url":"https:\/\/lacerdaai.com\/br\/a-febre-da-ia-no-escritorio-como-a-inteligencia-artificial-esta-redefinindo-o-trabalho-moderno\/","name":"A Febre da IA no Escrit\u00f3rio: Como a Intelig\u00eancia Artificial Est\u00e1 Redefinindo o Trabalho Moderno - Lacerda AI","isPartOf":{"@id":"https:\/\/lacerdaai.com\/br\/#website"},"primaryImageOfPage":{"@id":"https:\/\/lacerdaai.com\/br\/a-febre-da-ia-no-escritorio-como-a-inteligencia-artificial-esta-redefinindo-o-trabalho-moderno\/#primaryimage"},"image":{"@id":"https:\/\/lacerdaai.com\/br\/a-febre-da-ia-no-escritorio-como-a-inteligencia-artificial-esta-redefinindo-o-trabalho-moderno\/#primaryimage"},"thumbnailUrl":"https:\/\/lacerdaai.com\/br\/wp-content\/uploads\/2026\/03\/imagem-86.jpg","datePublished":"2026-03-21T15:15:17+00:00","dateModified":"2026-03-21T15:15:18+00:00","author":{"@id":"https:\/\/lacerdaai.com\/br\/#\/schema\/person\/8bad803c2e83a0c5c5c75e02a1c2248f"},"description":"Explore como a Intelig\u00eancia Artificial no Trabalho est\u00e1 impulsionando a produtividade, gerando inova\u00e7\u00e3o e levantando debates sobre custos e governan\u00e7a. Mergulhe na corrida tecnol\u00f3gica que est\u00e1 transformando o ambiente profissional.","breadcrumb":{"@id":"https:\/\/lacerdaai.com\/br\/a-febre-da-ia-no-escritorio-como-a-inteligencia-artificial-esta-redefinindo-o-trabalho-moderno\/#breadcrumb"},"inLanguage":"pt-BR","potentialAction":[{"@type":"ReadAction","target":["https:\/\/lacerdaai.com\/br\/a-febre-da-ia-no-escritorio-como-a-inteligencia-artificial-esta-redefinindo-o-trabalho-moderno\/"]}]},{"@type":"ImageObject","inLanguage":"pt-BR","@id":"https:\/\/lacerdaai.com\/br\/a-febre-da-ia-no-escritorio-como-a-inteligencia-artificial-esta-redefinindo-o-trabalho-moderno\/#primaryimage","url":"https:\/\/lacerdaai.com\/br\/wp-content\/uploads\/2026\/03\/imagem-86.jpg","contentUrl":"https:\/\/lacerdaai.com\/br\/wp-content\/uploads\/2026\/03\/imagem-86.jpg","width":1600,"height":899},{"@type":"BreadcrumbList","@id":"https:\/\/lacerdaai.com\/br\/a-febre-da-ia-no-escritorio-como-a-inteligencia-artificial-esta-redefinindo-o-trabalho-moderno\/#breadcrumb","itemListElement":[{"@type":"ListItem","position":1,"name":"In\u00edcio","item":"https:\/\/lacerdaai.com\/br\/"},{"@type":"ListItem","position":2,"name":"A Febre da IA no Escrit\u00f3rio: Como a Intelig\u00eancia Artificial Est\u00e1 Redefinindo o Trabalho Moderno"}]},{"@type":"WebSite","@id":"https:\/\/lacerdaai.com\/br\/#website","url":"https:\/\/lacerdaai.com\/br\/","name":"Lacerda AI","description":"Seu blog di\u00e1rio de novidades do mundo da Inteligencia Artificial","potentialAction":[{"@type":"SearchAction","target":{"@type":"EntryPoint","urlTemplate":"https:\/\/lacerdaai.com\/br\/?s={search_term_string}"},"query-input":{"@type":"PropertyValueSpecification","valueRequired":true,"valueName":"search_term_string"}}],"inLanguage":"pt-BR"},{"@type":"Person","@id":"https:\/\/lacerdaai.com\/br\/#\/schema\/person\/8bad803c2e83a0c5c5c75e02a1c2248f","name":"Andr\u00e9 Lacerda","image":{"@type":"ImageObject","inLanguage":"pt-BR","@id":"https:\/\/lacerdaai.com\/br\/#\/schema\/person\/image\/","url":"https:\/\/secure.gravatar.com\/avatar\/f5c1fa5ad9763f54c1f223c3fc91f131da6288c9f9e28d74bb3c355ad99af205?s=96&d=mm&r=g","contentUrl":"https:\/\/secure.gravatar.com\/avatar\/f5c1fa5ad9763f54c1f223c3fc91f131da6288c9f9e28d74bb3c355ad99af205?s=96&d=mm&r=g","caption":"Andr\u00e9 Lacerda"},"description":"Sou o Andr\u00e9 Lacerda, tenho 35 anos e sou apaixonado por tecnologia, intelig\u00eancia artificial e boas hist\u00f3rias. Me formei em Tecnologia e Jornalismo \u2014 sim, uma mistura meio improv\u00e1vel, mas que combina muito comigo. J\u00e1 morei no Canad\u00e1 e na Espanha, e essas experi\u00eancias me ajudaram a enxergar a inova\u00e7\u00e3o com um olhar mais global (e a me virar bem em tr\u00eas idiomas \ud83d\ude04). Trabalhei em algumas das maiores empresas de tecnologia do mercado e, hoje, atuo como consultor ajudando neg\u00f3cios a entenderem e aplicarem IA de forma pr\u00e1tica, estrat\u00e9gica e humana. Gosto de traduzir o complexo em algo simples \u2014 e \u00e9 isso que voc\u00ea vai encontrar por aqui.","sameAs":["http:\/\/lacerdaai.com\/br"],"url":"https:\/\/lacerdaai.com\/br\/author\/red-admin\/"}]}},"_links":{"self":[{"href":"https:\/\/lacerdaai.com\/br\/wp-json\/wp\/v2\/posts\/4070","targetHints":{"allow":["GET"]}}],"collection":[{"href":"https:\/\/lacerdaai.com\/br\/wp-json\/wp\/v2\/posts"}],"about":[{"href":"https:\/\/lacerdaai.com\/br\/wp-json\/wp\/v2\/types\/post"}],"author":[{"embeddable":true,"href":"https:\/\/lacerdaai.com\/br\/wp-json\/wp\/v2\/users\/1"}],"replies":[{"embeddable":true,"href":"https:\/\/lacerdaai.com\/br\/wp-json\/wp\/v2\/comments?post=4070"}],"version-history":[{"count":1,"href":"https:\/\/lacerdaai.com\/br\/wp-json\/wp\/v2\/posts\/4070\/revisions"}],"predecessor-version":[{"id":4071,"href":"https:\/\/lacerdaai.com\/br\/wp-json\/wp\/v2\/posts\/4070\/revisions\/4071"}],"wp:featuredmedia":[{"embeddable":true,"href":"https:\/\/lacerdaai.com\/br\/wp-json\/wp\/v2\/media\/4069"}],"wp:attachment":[{"href":"https:\/\/lacerdaai.com\/br\/wp-json\/wp\/v2\/media?parent=4070"}],"wp:term":[{"taxonomy":"category","embeddable":true,"href":"https:\/\/lacerdaai.com\/br\/wp-json\/wp\/v2\/categories?post=4070"},{"taxonomy":"post_tag","embeddable":true,"href":"https:\/\/lacerdaai.com\/br\/wp-json\/wp\/v2\/tags?post=4070"}],"curies":[{"name":"wp","href":"https:\/\/api.w.org\/{rel}","templated":true}]}}